{"id":3537,"date":"2016-06-14T13:33:54","date_gmt":"2016-06-14T11:33:54","guid":{"rendered":"https:\/\/www.litoral.es\/guia-de-vacaciones\/?p=3537"},"modified":"2016-10-14T07:50:00","modified_gmt":"2016-10-14T05:50:00","slug":"apartamentos-vacacionales-en-terres-de-lebre","status":"publish","type":"post","link":"https:\/\/www.litoral.es\/guia-de-vacaciones\/apartamentos-vacacionales-en-terres-de-lebre\/","title":{"rendered":"Apartamentos vacacionales en Terres de l&#8217;Ebre"},"content":{"rendered":"<p><!--:es-->Turismo deportivo, ocio, gastronom\u00eda, playas, calas bell\u00edsimas en poblaciones importantes, forman el entorno natural donde podr\u00e1s alquilar <b>apartamentos Costa Daurada <\/b>estas vacaciones.<\/p>\n<h3>Consejos pr\u00e1cticos para visitar la costa en familia<\/h3>\n<p>En las Terres de l\u2019Ebre descubrir\u00e9is las playas m\u00e1s tranquilas y extensas si os gustan los espacios naturales, con toda clase de ofertas tur\u00edsticas que se combinan con el patrimonio cultural del lugar.<\/p>\n<p>Pueblos marineros y paseos por las villas, har\u00e1n el momento inolvidable para peque\u00f1os o mayores junto con las imponentes fortificaciones. El Parque Natural del Delta de l\u2019Ebre se integra al territorio, reconocido en 2013 por la UNESCO como Reserva de la Biosfera. Una regi\u00f3n que dispone de gran potencial tur\u00edstico en la zona sur de Catalunya, para que escojas una alternativa alejada de las urbes y disfrutes en familia de los atractivos tur\u00edsticos.<\/p>\n<p><b>Vacaciones Terres de l\u2019Ebre<\/b> entre la Ruta de los \u00cdberos y los ambientes con museos naturales, donde se llev\u00f3 a cabo la Batalla del Ebro es la visita cultural que no olvidar\u00e1s junto a los tuyos.<\/p>\n<p>Culturas que han dejado tradiciones, monumentos y un gran legado que enriquece la propuesta para los visitantes, sum\u00e1ndose a la gastronom\u00eda variada con platos deliciosos para compartir encuentros familiares.<\/p>\n<p>&nbsp;<\/p>\n<h3>Servicios de calidad en alojamiento<\/h3>\n<p>Parajes espectaculares si eres amante del deporte para recorrer en bicicleta y descubrir rutas a pie cerca del r\u00edo Ebro, como:<\/p>\n<ul>\n<li>Camino de Sant Jaume<\/li>\n<li>Ruta de las Estrellas<\/li>\n<li>Sendero del Mediterr\u00e1neo<\/li>\n<li>Entre otras.<\/li>\n<\/ul>\n<p>Comarcas con vestigios culturales que no dejan indiferente a los turistas, cuando decides alquilar los <b>apartamentos Costa Daurada<\/b> donde descansar en vacaciones, d\u00edas festivos o puentes.<\/p>\n<p>Las excursiones os fascinar\u00e1n por la diversidad de propuestas, como la ruta del vino que combina las delicias de la gastronom\u00eda con productos de la monta\u00f1a y el mar, con el sabor de las mejores reservas.<\/p>\n<p>Experiencias compartidas desde el primer momento, descansando en ambientes c\u00f3modos cerca del mar Mediterr\u00e1neo en las mejores <b>vacaciones Terres de l\u2019Ebre<\/b>. Descansa y vive d\u00edas so\u00f1ados en un enclave reconocido por su gran belleza, disponiendo de todo lo necesario para practicar deportes, pasear y relajarte.<\/p>\n<p>Visitando la propuesta tur\u00edstica que ofrecemos encontrar\u00e9is costes competitivos, que acompa\u00f1an las diferentes promociones reservando directamente, desde la p\u00e1gina <a href=\"https:\/\/www.litoral.es\/\">https:\/\/www.litoral.es\/<\/a>.<\/p>\n<p>Somos la opci\u00f3n acertada en casas y apartamentos con m\u00e1ximo confort en una zona paradisiaca, donde siempre regresar\u00e1s porque el precio econ\u00f3mico no est\u00e1 re\u00f1ido con la calidad que ofrecemos, te esperamos.<!--:--><!--:en--><\/p>\n<p>&nbsp;<\/p>\n<p><!--:--><\/p>\n","protected":false},"excerpt":{"rendered":"<p>Turismo deportivo, ocio, gastronom\u00eda, playas, calas bell\u00edsimas en poblaciones importantes, forman el entorno natural donde podr\u00e1s alquilar apartamentos Costa Daurada estas vacaciones. Consejos pr\u00e1cticos para visitar la costa en familia En las Terres de l\u2019Ebre descubrir\u00e9is las playas m\u00e1s tranquilas y extensas si os gustan los espacios naturales, con toda clase de ofertas tur\u00edsticas que [&#8230;]<\/p>\n<p><a class=\"understrap-read-more-link btn btn-outline-dark btn-sm\" href=\"https:\/\/www.litoral.es\/guia-de-vacaciones\/apartamentos-vacacionales-en-terres-de-lebre\/\">Continue Reading&#8230;<\/a><\/p>\n","protected":false},"author":3,"featured_media":3565,"comment_status":"open","ping_status":"open","sticky":false,"template":"","format":"standard","meta":{"footnotes":""},"categories":[3],"tags":[128,129,23,121,127,122,123,126,124,125,120,66],"yoast_head":"<!-- This site is optimized with the Yoast SEO plugin v20.2.1 - https:\/\/yoast.com\/wordpress\/plugins\/seo\/ -->\n<title>Apartamentos vacacionales en Terres de l&#039;Ebre<\/title>\n<meta name=\"description\" content=\"En las Terres de l&#039;Ebre podr\u00e9is disfrutar tanto de las playas m\u00e1s tranquilas y extensas de la Costa Dorada, como de espectaculares paisajes de monta\u00f1a.\" \/>\n<meta name=\"robots\" content=\"index, follow, max-snippet:-1, max-image-preview:large, max-video-preview:-1\" \/>\n<link rel=\"canonical\" href=\"https:\/\/www.litoral.es\/guia-de-vacaciones\/apartamentos-vacacionales-en-terres-de-lebre\/\" \/>\n<meta property=\"og:locale\" content=\"es_ES\" \/>\n<meta property=\"og:type\" content=\"article\" \/>\n<meta property=\"og:title\" content=\"Apartamentos vacacionales en Terres de l&#039;Ebre\" \/>\n<meta property=\"og:description\" content=\"En las Terres de l&#039;Ebre podr\u00e9is disfrutar tanto de las playas m\u00e1s tranquilas y extensas de la Costa Dorada, como de espectaculares paisajes de monta\u00f1a.\" \/>\n<meta property=\"og:url\" content=\"https:\/\/www.litoral.es\/guia-de-vacaciones\/apartamentos-vacacionales-en-terres-de-lebre\/\" \/>\n<meta property=\"og:site_name\" content=\"Litoral Costa Dorada Blog\" \/>\n<meta property=\"article:publisher\" content=\"https:\/\/www.facebook.com\/pages\/Litoral-Costa-Dorada\/461561627270721\" \/>\n<meta property=\"article:published_time\" content=\"2016-06-14T11:33:54+00:00\" \/>\n<meta property=\"article:modified_time\" content=\"2016-10-14T05:50:00+00:00\" \/>\n<meta property=\"og:image\" content=\"https:\/\/www.litoral.es\/guia-de-vacaciones\/wp-content\/uploads\/2016\/06\/DSC_0487.jpg\" \/>\n\t<meta property=\"og:image:width\" content=\"3920\" \/>\n\t<meta property=\"og:image:height\" content=\"2204\" \/>\n\t<meta property=\"og:image:type\" content=\"image\/jpeg\" \/>\n<meta name=\"author\" content=\"Sonia Gonzalez\" \/>\n<meta name=\"twitter:label1\" content=\"Written by\" \/>\n\t<meta name=\"twitter:data1\" content=\"Sonia Gonzalez\" \/>\n\t<meta name=\"twitter:label2\" content=\"Est. reading time\" \/>\n\t<meta name=\"twitter:data2\" content=\"2 minutos\" \/>\n<script type=\"application\/ld+json\" class=\"yoast-schema-graph\">{\"@context\":\"https:\/\/schema.org\",\"@graph\":[{\"@type\":\"Article\",\"@id\":\"https:\/\/www.litoral.es\/guia-de-vacaciones\/apartamentos-vacacionales-en-terres-de-lebre\/#article\",\"isPartOf\":{\"@id\":\"https:\/\/www.litoral.es\/guia-de-vacaciones\/apartamentos-vacacionales-en-terres-de-lebre\/\"},\"author\":{\"name\":\"Sonia Gonzalez\",\"@id\":\"https:\/\/www.litoral.es\/guia-de-vacaciones\/#\/schema\/person\/d0afa04756ae3fa5e7a2d6a91003cd38\"},\"headline\":\"Apartamentos vacacionales en Terres de l&#8217;Ebre\",\"datePublished\":\"2016-06-14T11:33:54+00:00\",\"dateModified\":\"2016-10-14T05:50:00+00:00\",\"mainEntityOfPage\":{\"@id\":\"https:\/\/www.litoral.es\/guia-de-vacaciones\/apartamentos-vacacionales-en-terres-de-lebre\/\"},\"wordCount\":447,\"commentCount\":0,\"publisher\":{\"@id\":\"https:\/\/www.litoral.es\/guia-de-vacaciones\/#organization\"},\"keywords\":[\"atractivos tur\u00edsticos\",\"costa daurada\",\"costa dorada\",\"delta de l'ebre\",\"entorno natural\",\"mediterr\u00e1neo\",\"parque natural del delta de l'ebre\",\"poblaciones\",\"ruta\",\"rutas en bicicleta\",\"terres de l'ebre\",\"vacaciones\"],\"articleSection\":[\"Destinos\"],\"inLanguage\":\"es\"},{\"@type\":\"WebPage\",\"@id\":\"https:\/\/www.litoral.es\/guia-de-vacaciones\/apartamentos-vacacionales-en-terres-de-lebre\/\",\"url\":\"https:\/\/www.litoral.es\/guia-de-vacaciones\/apartamentos-vacacionales-en-terres-de-lebre\/\",\"name\":\"Apartamentos vacacionales en Terres de l'Ebre\",\"isPartOf\":{\"@id\":\"https:\/\/www.litoral.es\/guia-de-vacaciones\/#website\"},\"datePublished\":\"2016-06-14T11:33:54+00:00\",\"dateModified\":\"2016-10-14T05:50:00+00:00\",\"description\":\"En las Terres de l'Ebre podr\u00e9is disfrutar tanto de las playas m\u00e1s tranquilas y extensas de la Costa Dorada, como de espectaculares paisajes de monta\u00f1a.\",\"breadcrumb\":{\"@id\":\"https:\/\/www.litoral.es\/guia-de-vacaciones\/apartamentos-vacacionales-en-terres-de-lebre\/#breadcrumb\"},\"inLanguage\":\"es\",\"potentialAction\":[{\"@type\":\"ReadAction\",\"target\":[\"https:\/\/www.litoral.es\/guia-de-vacaciones\/apartamentos-vacacionales-en-terres-de-lebre\/\"]}]},{\"@type\":\"BreadcrumbList\",\"@id\":\"https:\/\/www.litoral.es\/guia-de-vacaciones\/apartamentos-vacacionales-en-terres-de-lebre\/#breadcrumb\",\"itemListElement\":[{\"@type\":\"ListItem\",\"position\":1,\"name\":\"Home\",\"item\":\"https:\/\/www.litoral.es\/guia-de-vacaciones\/\"},{\"@type\":\"ListItem\",\"position\":2,\"name\":\"Apartamentos vacacionales en Terres de l&#8217;Ebre\"}]},{\"@type\":\"WebSite\",\"@id\":\"https:\/\/www.litoral.es\/guia-de-vacaciones\/#website\",\"url\":\"https:\/\/www.litoral.es\/guia-de-vacaciones\/\",\"name\":\"Litoral Costa Dorada Blog\",\"description\":\"Alquiler y venta de alojamientos tur\u00edsticos en la Costa Dorada\",\"publisher\":{\"@id\":\"https:\/\/www.litoral.es\/guia-de-vacaciones\/#organization\"},\"potentialAction\":[{\"@type\":\"SearchAction\",\"target\":{\"@type\":\"EntryPoint\",\"urlTemplate\":\"https:\/\/www.litoral.es\/guia-de-vacaciones\/?s={search_term_string}\"},\"query-input\":\"required name=search_term_string\"}],\"inLanguage\":\"es\"},{\"@type\":\"Organization\",\"@id\":\"https:\/\/www.litoral.es\/guia-de-vacaciones\/#organization\",\"name\":\"Litoral Costa Dorada Blog\",\"url\":\"https:\/\/www.litoral.es\/guia-de-vacaciones\/\",\"logo\":{\"@type\":\"ImageObject\",\"inLanguage\":\"es\",\"@id\":\"https:\/\/www.litoral.es\/guia-de-vacaciones\/#\/schema\/logo\/image\/\",\"url\":\"https:\/\/www.litoral.es\/guia-de-vacaciones\/wp-content\/uploads\/2023\/11\/litoral_blog.png\",\"contentUrl\":\"https:\/\/www.litoral.es\/guia-de-vacaciones\/wp-content\/uploads\/2023\/11\/litoral_blog.png\",\"width\":1254,\"height\":221,\"caption\":\"Litoral Costa Dorada Blog\"},\"image\":{\"@id\":\"https:\/\/www.litoral.es\/guia-de-vacaciones\/#\/schema\/logo\/image\/\"},\"sameAs\":[\"https:\/\/www.facebook.com\/pages\/Litoral-Costa-Dorada\/461561627270721\"]},{\"@type\":\"Person\",\"@id\":\"https:\/\/www.litoral.es\/guia-de-vacaciones\/#\/schema\/person\/d0afa04756ae3fa5e7a2d6a91003cd38\",\"name\":\"Sonia Gonzalez\",\"image\":{\"@type\":\"ImageObject\",\"inLanguage\":\"es\",\"@id\":\"https:\/\/www.litoral.es\/guia-de-vacaciones\/#\/schema\/person\/image\/\",\"url\":\"https:\/\/secure.gravatar.com\/avatar\/8783ab6255cf09e64ea7ac21e046fe55?s=96&d=mm&r=g\",\"contentUrl\":\"https:\/\/secure.gravatar.com\/avatar\/8783ab6255cf09e64ea7ac21e046fe55?s=96&d=mm&r=g\",\"caption\":\"Sonia Gonzalez\"},\"description\":\"Mi nombre es Sonia Gonzalez, vivo en Cambrils y soy diplomada en turismo. Mis grandes pasiones son la lectura y los viajes alrededor del mundo, conociendo y aprendiendo de sus gentes, sus costumbres y tradiciones.\"}]}<\/script>\n<!-- \/ Yoast SEO plugin. -->","yoast_head_json":{"title":"Apartamentos vacacionales en Terres de l'Ebre","description":"En las Terres de l'Ebre podr\u00e9is disfrutar tanto de las playas m\u00e1s tranquilas y extensas de la Costa Dorada, como de espectaculares paisajes de monta\u00f1a.","robots":{"index":"index","follow":"follow","max-snippet":"max-snippet:-1","max-image-preview":"max-image-preview:large","max-video-preview":"max-video-preview:-1"},"canonical":"https:\/\/www.litoral.es\/guia-de-vacaciones\/apartamentos-vacacionales-en-terres-de-lebre\/","og_locale":"es_ES","og_type":"article","og_title":"Apartamentos vacacionales en Terres de l'Ebre","og_description":"En las Terres de l'Ebre podr\u00e9is disfrutar tanto de las playas m\u00e1s tranquilas y extensas de la Costa Dorada, como de espectaculares paisajes de monta\u00f1a.","og_url":"https:\/\/www.litoral.es\/guia-de-vacaciones\/apartamentos-vacacionales-en-terres-de-lebre\/","og_site_name":"Litoral Costa Dorada Blog","article_publisher":"https:\/\/www.facebook.com\/pages\/Litoral-Costa-Dorada\/461561627270721","article_published_time":"2016-06-14T11:33:54+00:00","article_modified_time":"2016-10-14T05:50:00+00:00","og_image":[{"width":3920,"height":2204,"url":"https:\/\/www.litoral.es\/guia-de-vacaciones\/wp-content\/uploads\/2016\/06\/DSC_0487.jpg","type":"image\/jpeg"}],"author":"Sonia Gonzalez","twitter_misc":{"Written by":"Sonia Gonzalez","Est. reading time":"2 minutos"},"schema":{"@context":"https:\/\/schema.org","@graph":[{"@type":"Article","@id":"https:\/\/www.litoral.es\/guia-de-vacaciones\/apartamentos-vacacionales-en-terres-de-lebre\/#article","isPartOf":{"@id":"https:\/\/www.litoral.es\/guia-de-vacaciones\/apartamentos-vacacionales-en-terres-de-lebre\/"},"author":{"name":"Sonia Gonzalez","@id":"https:\/\/www.litoral.es\/guia-de-vacaciones\/#\/schema\/person\/d0afa04756ae3fa5e7a2d6a91003cd38"},"headline":"Apartamentos vacacionales en Terres de l&#8217;Ebre","datePublished":"2016-06-14T11:33:54+00:00","dateModified":"2016-10-14T05:50:00+00:00","mainEntityOfPage":{"@id":"https:\/\/www.litoral.es\/guia-de-vacaciones\/apartamentos-vacacionales-en-terres-de-lebre\/"},"wordCount":447,"commentCount":0,"publisher":{"@id":"https:\/\/www.litoral.es\/guia-de-vacaciones\/#organization"},"keywords":["atractivos tur\u00edsticos","costa daurada","costa dorada","delta de l'ebre","entorno natural","mediterr\u00e1neo","parque natural del delta de l'ebre","poblaciones","ruta","rutas en bicicleta","terres de l'ebre","vacaciones"],"articleSection":["Destinos"],"inLanguage":"es"},{"@type":"WebPage","@id":"https:\/\/www.litoral.es\/guia-de-vacaciones\/apartamentos-vacacionales-en-terres-de-lebre\/","url":"https:\/\/www.litoral.es\/guia-de-vacaciones\/apartamentos-vacacionales-en-terres-de-lebre\/","name":"Apartamentos vacacionales en Terres de l'Ebre","isPartOf":{"@id":"https:\/\/www.litoral.es\/guia-de-vacaciones\/#website"},"datePublished":"2016-06-14T11:33:54+00:00","dateModified":"2016-10-14T05:50:00+00:00","description":"En las Terres de l'Ebre podr\u00e9is disfrutar tanto de las playas m\u00e1s tranquilas y extensas de la Costa Dorada, como de espectaculares paisajes de monta\u00f1a.","breadcrumb":{"@id":"https:\/\/www.litoral.es\/guia-de-vacaciones\/apartamentos-vacacionales-en-terres-de-lebre\/#breadcrumb"},"inLanguage":"es","potentialAction":[{"@type":"ReadAction","target":["https:\/\/www.litoral.es\/guia-de-vacaciones\/apartamentos-vacacionales-en-terres-de-lebre\/"]}]},{"@type":"BreadcrumbList","@id":"https:\/\/www.litoral.es\/guia-de-vacaciones\/apartamentos-vacacionales-en-terres-de-lebre\/#breadcrumb","itemListElement":[{"@type":"ListItem","position":1,"name":"Home","item":"https:\/\/www.litoral.es\/guia-de-vacaciones\/"},{"@type":"ListItem","position":2,"name":"Apartamentos vacacionales en Terres de l&#8217;Ebre"}]},{"@type":"WebSite","@id":"https:\/\/www.litoral.es\/guia-de-vacaciones\/#website","url":"https:\/\/www.litoral.es\/guia-de-vacaciones\/","name":"Litoral Costa Dorada Blog","description":"Alquiler y venta de alojamientos tur\u00edsticos en la Costa Dorada","publisher":{"@id":"https:\/\/www.litoral.es\/guia-de-vacaciones\/#organization"},"potentialAction":[{"@type":"SearchAction","target":{"@type":"EntryPoint","urlTemplate":"https:\/\/www.litoral.es\/guia-de-vacaciones\/?s={search_term_string}"},"query-input":"required name=search_term_string"}],"inLanguage":"es"},{"@type":"Organization","@id":"https:\/\/www.litoral.es\/guia-de-vacaciones\/#organization","name":"Litoral Costa Dorada Blog","url":"https:\/\/www.litoral.es\/guia-de-vacaciones\/","logo":{"@type":"ImageObject","inLanguage":"es","@id":"https:\/\/www.litoral.es\/guia-de-vacaciones\/#\/schema\/logo\/image\/","url":"https:\/\/www.litoral.es\/guia-de-vacaciones\/wp-content\/uploads\/2023\/11\/litoral_blog.png","contentUrl":"https:\/\/www.litoral.es\/guia-de-vacaciones\/wp-content\/uploads\/2023\/11\/litoral_blog.png","width":1254,"height":221,"caption":"Litoral Costa Dorada Blog"},"image":{"@id":"https:\/\/www.litoral.es\/guia-de-vacaciones\/#\/schema\/logo\/image\/"},"sameAs":["https:\/\/www.facebook.com\/pages\/Litoral-Costa-Dorada\/461561627270721"]},{"@type":"Person","@id":"https:\/\/www.litoral.es\/guia-de-vacaciones\/#\/schema\/person\/d0afa04756ae3fa5e7a2d6a91003cd38","name":"Sonia Gonzalez","image":{"@type":"ImageObject","inLanguage":"es","@id":"https:\/\/www.litoral.es\/guia-de-vacaciones\/#\/schema\/person\/image\/","url":"https:\/\/secure.gravatar.com\/avatar\/8783ab6255cf09e64ea7ac21e046fe55?s=96&d=mm&r=g","contentUrl":"https:\/\/secure.gravatar.com\/avatar\/8783ab6255cf09e64ea7ac21e046fe55?s=96&d=mm&r=g","caption":"Sonia Gonzalez"},"description":"Mi nombre es Sonia Gonzalez, vivo en Cambrils y soy diplomada en turismo. Mis grandes pasiones son la lectura y los viajes alrededor del mundo, conociendo y aprendiendo de sus gentes, sus costumbres y tradiciones."}]}},"_links":{"self":[{"href":"https:\/\/www.litoral.es\/guia-de-vacaciones\/wp-json\/wp\/v2\/posts\/3537"}],"collection":[{"href":"https:\/\/www.litoral.es\/guia-de-vacaciones\/wp-json\/wp\/v2\/posts"}],"about":[{"href":"https:\/\/www.litoral.es\/guia-de-vacaciones\/wp-json\/wp\/v2\/types\/post"}],"author":[{"embeddable":true,"href":"https:\/\/www.litoral.es\/guia-de-vacaciones\/wp-json\/wp\/v2\/users\/3"}],"replies":[{"embeddable":true,"href":"https:\/\/www.litoral.es\/guia-de-vacaciones\/wp-json\/wp\/v2\/comments?post=3537"}],"version-history":[{"count":9,"href":"https:\/\/www.litoral.es\/guia-de-vacaciones\/wp-json\/wp\/v2\/posts\/3537\/revisions"}],"predecessor-version":[{"id":3944,"href":"https:\/\/www.litoral.es\/guia-de-vacaciones\/wp-json\/wp\/v2\/posts\/3537\/revisions\/3944"}],"wp:featuredmedia":[{"embeddable":true,"href":"https:\/\/www.litoral.es\/guia-de-vacaciones\/wp-json\/wp\/v2\/media\/3565"}],"wp:attachment":[{"href":"https:\/\/www.litoral.es\/guia-de-vacaciones\/wp-json\/wp\/v2\/media?parent=3537"}],"wp:term":[{"taxonomy":"category","embeddable":true,"href":"https:\/\/www.litoral.es\/guia-de-vacaciones\/wp-json\/wp\/v2\/categories?post=3537"},{"taxonomy":"post_tag","embeddable":true,"href":"https:\/\/www.litoral.es\/guia-de-vacaciones\/wp-json\/wp\/v2\/tags?post=3537"}],"curies":[{"name":"wp","href":"https:\/\/api.w.org\/{rel}","templated":true}]}}