{"id":4411,"date":"2016-10-22T15:40:21","date_gmt":"2016-10-22T13:40:21","guid":{"rendered":"https:\/\/www.litoral.es\/guia-de-vacaciones\/?p=4411"},"modified":"2017-12-25T18:28:08","modified_gmt":"2017-12-25T17:28:08","slug":"camino-de-ronda-salou","status":"publish","type":"post","link":"https:\/\/www.litoral.es\/guia-de-vacaciones\/camino-de-ronda-salou\/","title":{"rendered":"Recorre el camino de Ronda en Salou"},"content":{"rendered":"<p><strong>\u00bfTodav\u00eda no conoces el camino de ronda a trav\u00e9s de las zonas m\u00e1s desconocidas de Salou?<\/strong><\/p>\n<p>Cuando escuchamos la palabra Salou, a todos nos vienen a la cabeza los grandes parques acu\u00e1ticos, \u00a0<a href=\"https:\/\/www.litoral.es\/guia-de-vacaciones\/informacion-sobre-portaventura\/\" target=\"_blank\">Port Aventura<\/a>, el nuevo Ferrari Land o incluso el fant\u00e1stico espect\u00e1culo de Cirque du Soleil que se instala de forma permanente cada temporada a las puertas del municipio. Si a esto le sumamos 18 km de costa que aglutina\u00a0<a href=\"https:\/\/www.litoral.es\/guia-de-vacaciones\/playas-de-salou\/\" target=\"_blank\"> 9 hermosas calas y playas<\/a> de arena fina, nos da como resultado u<strong>na de las ciudades con mayor oferta de ocio y entretenimiento de Espa\u00f1a.<br \/>\n<\/strong><\/p>\n<blockquote>\n<p><strong>\u00bf<em>Buscas m\u00e1s informaci\u00f3n de Salou? <\/em><\/strong><a id=\"201\" href=\"https:\/\/www.litoral.es\/que-hacer-en-la-costa-dorada\/salou\" target=\"_blank\">En nuestra gu\u00eda de viajes y turismo en Salou encontrar\u00e1s todo lo que necesitas saber antes de tus vacaciones<\/a><\/p>\n<\/blockquote>\n<p><img decoding=\"async\" class=\"alignleft wp-image-4417 size-full\" src=\"https:\/\/www.litoral.es\/guia-de-vacaciones\/wp-content\/uploads\/2016\/10\/Camino-de-ronda-de-Salou-7.jpg\" alt=\"camino de ronda en salou\" width=\"860\" height=\"&quot;573&lt;\/p\" srcset=\"https:\/\/www.litoral.es\/guia-de-vacaciones\/wp-content\/uploads\/2016\/10\/Camino-de-ronda-de-Salou-7.jpg 860w, https:\/\/www.litoral.es\/guia-de-vacaciones\/wp-content\/uploads\/2016\/10\/Camino-de-ronda-de-Salou-7-250x167.jpg 250w, https:\/\/www.litoral.es\/guia-de-vacaciones\/wp-content\/uploads\/2016\/10\/Camino-de-ronda-de-Salou-7-768x512.jpg 768w, https:\/\/www.litoral.es\/guia-de-vacaciones\/wp-content\/uploads\/2016\/10\/Camino-de-ronda-de-Salou-7-500x333.jpg 500w, https:\/\/www.litoral.es\/guia-de-vacaciones\/wp-content\/uploads\/2016\/10\/Camino-de-ronda-de-Salou-7-300x200.jpg 300w, https:\/\/www.litoral.es\/guia-de-vacaciones\/wp-content\/uploads\/2016\/10\/Camino-de-ronda-de-Salou-7-750x500.jpg 750w, https:\/\/www.litoral.es\/guia-de-vacaciones\/wp-content\/uploads\/2016\/10\/Camino-de-ronda-de-Salou-7-380x253.jpg 380w, https:\/\/www.litoral.es\/guia-de-vacaciones\/wp-content\/uploads\/2016\/10\/Camino-de-ronda-de-Salou-7-310x207.jpg 310w, https:\/\/www.litoral.es\/guia-de-vacaciones\/wp-content\/uploads\/2016\/10\/Camino-de-ronda-de-Salou-7-360x240.jpg 360w, https:\/\/www.litoral.es\/guia-de-vacaciones\/wp-content\/uploads\/2016\/10\/Camino-de-ronda-de-Salou-7-260x173.jpg 260w\" sizes=\"(max-width: 860px) 100vw, 860px\" \/><\/p>\n<p>&nbsp;<br \/>\nPero lo que mucha gente desconoce es que Salou guarda una sorpresa a sus visitantes en forma <strong>de camino de ronda o sendero<\/strong> que circula por todo el litoral desde la playa de Levante en el centro hasta el mism\u00edsimo Faro de Salou y<strong> es una aut\u00e9ntica maravilla.<\/strong><br \/>\n<a id=\"134\" href=\"https:\/\/www.litoral.es\/costa-dorada\/salou\/apartamentos\"><\/p>\n<p><img loading=\"lazy\" decoding=\"async\" class=\"imgdesktop aligncenter wp-image-6978 size-full\" src=\"https:\/\/www.litoral.es\/guia-de-vacaciones\/wp-content\/uploads\/2017\/12\/Alquiler-apartamentos-Salou-1.jpg\" alt=\"848x160_2_landing_cambrils\" width=\"848\" height=\"160\" \/><\/p>\n<p><a id=\"134\" href=\"https:\/\/www.litoral.es\/costa-dorada\/salou\/apartamentos\"><\/p>\n<p><img loading=\"lazy\" decoding=\"async\" class=\"imgmobile aligncenter wp-image-6976 size-full\" src=\"https:\/\/www.litoral.es\/guia-de-vacaciones\/wp-content\/uploads\/2017\/12\/Alquiler-apartamentos-Salou-2.jpg\" alt=\"260x240_landing_cambrils\" width=\"260\" height=\"240\" \/><\/p>\n<p><\/a><br \/>\nSi os apetece una actividad al aire libre y saludable ya sea con amigos, familia o incluso con los ni\u00f1os no lo dud\u00e9is y planear un tramo de camino de ronda. <strong>Una manera divertida, sana y diferente<\/strong> de conocer algunas de las zonas m\u00e1s bonitas y desconocidas de Salou. Bonitos rincones, lugares y edificios con historia y zonas naturales son algunos de los atractivos de esta bonita ruta.<\/p>\n<p><img loading=\"lazy\" decoding=\"async\" class=\"alignleft wp-image-4418 size-full\" src=\"https:\/\/www.litoral.es\/guia-de-vacaciones\/wp-content\/uploads\/2016\/10\/Camino-de-ronda-de-Salou-18.jpg\" alt=\"camino de ronda en salou\" width=\"860\" height=\"573\" srcset=\"https:\/\/www.litoral.es\/guia-de-vacaciones\/wp-content\/uploads\/2016\/10\/Camino-de-ronda-de-Salou-18.jpg 860w, https:\/\/www.litoral.es\/guia-de-vacaciones\/wp-content\/uploads\/2016\/10\/Camino-de-ronda-de-Salou-18-250x167.jpg 250w, https:\/\/www.litoral.es\/guia-de-vacaciones\/wp-content\/uploads\/2016\/10\/Camino-de-ronda-de-Salou-18-768x512.jpg 768w, https:\/\/www.litoral.es\/guia-de-vacaciones\/wp-content\/uploads\/2016\/10\/Camino-de-ronda-de-Salou-18-500x333.jpg 500w, https:\/\/www.litoral.es\/guia-de-vacaciones\/wp-content\/uploads\/2016\/10\/Camino-de-ronda-de-Salou-18-300x200.jpg 300w, https:\/\/www.litoral.es\/guia-de-vacaciones\/wp-content\/uploads\/2016\/10\/Camino-de-ronda-de-Salou-18-750x500.jpg 750w, https:\/\/www.litoral.es\/guia-de-vacaciones\/wp-content\/uploads\/2016\/10\/Camino-de-ronda-de-Salou-18-380x253.jpg 380w, https:\/\/www.litoral.es\/guia-de-vacaciones\/wp-content\/uploads\/2016\/10\/Camino-de-ronda-de-Salou-18-310x207.jpg 310w, https:\/\/www.litoral.es\/guia-de-vacaciones\/wp-content\/uploads\/2016\/10\/Camino-de-ronda-de-Salou-18-360x240.jpg 360w, https:\/\/www.litoral.es\/guia-de-vacaciones\/wp-content\/uploads\/2016\/10\/Camino-de-ronda-de-Salou-18-260x173.jpg 260w\" sizes=\"(max-width: 860px) 100vw, 860px\" \/><\/p>\n<p>&nbsp;<\/p>\n<p><img loading=\"lazy\" decoding=\"async\" class=\"alignleft wp-image-4419 size-full\" src=\"https:\/\/www.litoral.es\/guia-de-vacaciones\/wp-content\/uploads\/2016\/10\/paseo-maritimo-de-Salou-5.jpg\" alt=\"camino de ronda en salou\" width=\"860\" height=\"573\" srcset=\"https:\/\/www.litoral.es\/guia-de-vacaciones\/wp-content\/uploads\/2016\/10\/paseo-maritimo-de-Salou-5.jpg 860w, https:\/\/www.litoral.es\/guia-de-vacaciones\/wp-content\/uploads\/2016\/10\/paseo-maritimo-de-Salou-5-250x167.jpg 250w, https:\/\/www.litoral.es\/guia-de-vacaciones\/wp-content\/uploads\/2016\/10\/paseo-maritimo-de-Salou-5-768x512.jpg 768w, https:\/\/www.litoral.es\/guia-de-vacaciones\/wp-content\/uploads\/2016\/10\/paseo-maritimo-de-Salou-5-500x333.jpg 500w, https:\/\/www.litoral.es\/guia-de-vacaciones\/wp-content\/uploads\/2016\/10\/paseo-maritimo-de-Salou-5-300x200.jpg 300w, https:\/\/www.litoral.es\/guia-de-vacaciones\/wp-content\/uploads\/2016\/10\/paseo-maritimo-de-Salou-5-750x500.jpg 750w, https:\/\/www.litoral.es\/guia-de-vacaciones\/wp-content\/uploads\/2016\/10\/paseo-maritimo-de-Salou-5-380x253.jpg 380w, https:\/\/www.litoral.es\/guia-de-vacaciones\/wp-content\/uploads\/2016\/10\/paseo-maritimo-de-Salou-5-310x207.jpg 310w, https:\/\/www.litoral.es\/guia-de-vacaciones\/wp-content\/uploads\/2016\/10\/paseo-maritimo-de-Salou-5-360x240.jpg 360w, https:\/\/www.litoral.es\/guia-de-vacaciones\/wp-content\/uploads\/2016\/10\/paseo-maritimo-de-Salou-5-260x173.jpg 260w\" sizes=\"(max-width: 860px) 100vw, 860px\" \/><\/p>\n<p>&nbsp;<\/p>\n<p><strong>El camino de ronda empieza<\/strong> en la explanada justo donde se encuentra \u201cEls Pilons\u201d, un gran monumento en forma de vela situado justo al final de la playa de Levante . Una zona muy tur\u00edstica repleta de bares, restaurantes y terrazas <strong>junto al paseo mar\u00edtimo Jaime I<\/strong>. Desde aqu\u00ed, ver\u00e9is junto al monumento una pasarela de madera que circula junto al mar que es la zona 0 del camino de ronda.<\/p>\n<p>Empezamos a caminar por la bonita pasarela de madera direcci\u00f3n norte bordeando los peque\u00f1os acantilados y a travesando peque\u00f1as calitas de aguas cristalinas hasta encontrar r\u00e1pidamente los <strong>grandes muros del antiguo Lazareto.<\/strong> Sorprende los gruesos y altos muros de este edificio hist\u00f3rico que era antiguamente donde se aislaban las peque\u00f1as embarcaciones \u00a0o se dejaba en cuarentena a los tripulantes cuando cre\u00edan que pod\u00eda contener enfermedades o epidemias. Tras pasar la zizaguente pasarela de madera nos topamos con la bonita <strong>playa de Els Capellans.<\/strong><\/p>\n<p>&nbsp;<\/p>\n<figure id=\"attachment_4422\" aria-describedby=\"caption-attachment-4422\" style=\"width: 860px\" class=\"wp-caption alignleft\"><img loading=\"lazy\" decoding=\"async\" class=\"wp-image-4422 size-full\" src=\"https:\/\/www.litoral.es\/guia-de-vacaciones\/wp-content\/uploads\/2016\/10\/Camino-de-Ronda-21.jpg\" alt=\"camino de ronda de salou\" width=\"860\" height=\"573\" srcset=\"https:\/\/www.litoral.es\/guia-de-vacaciones\/wp-content\/uploads\/2016\/10\/Camino-de-Ronda-21.jpg 860w, https:\/\/www.litoral.es\/guia-de-vacaciones\/wp-content\/uploads\/2016\/10\/Camino-de-Ronda-21-250x167.jpg 250w, https:\/\/www.litoral.es\/guia-de-vacaciones\/wp-content\/uploads\/2016\/10\/Camino-de-Ronda-21-768x512.jpg 768w, https:\/\/www.litoral.es\/guia-de-vacaciones\/wp-content\/uploads\/2016\/10\/Camino-de-Ronda-21-500x333.jpg 500w, https:\/\/www.litoral.es\/guia-de-vacaciones\/wp-content\/uploads\/2016\/10\/Camino-de-Ronda-21-300x200.jpg 300w, https:\/\/www.litoral.es\/guia-de-vacaciones\/wp-content\/uploads\/2016\/10\/Camino-de-Ronda-21-750x500.jpg 750w, https:\/\/www.litoral.es\/guia-de-vacaciones\/wp-content\/uploads\/2016\/10\/Camino-de-Ronda-21-380x253.jpg 380w, https:\/\/www.litoral.es\/guia-de-vacaciones\/wp-content\/uploads\/2016\/10\/Camino-de-Ronda-21-310x207.jpg 310w, https:\/\/www.litoral.es\/guia-de-vacaciones\/wp-content\/uploads\/2016\/10\/Camino-de-Ronda-21-360x240.jpg 360w, https:\/\/www.litoral.es\/guia-de-vacaciones\/wp-content\/uploads\/2016\/10\/Camino-de-Ronda-21-260x173.jpg 260w\" sizes=\"(max-width: 860px) 100vw, 860px\" \/><figcaption id=\"caption-attachment-4422\" class=\"wp-caption-text\">Camino de Ronda junto al antiguo Lazareto<\/figcaption><\/figure>\n<p>&nbsp;<\/p>\n<figure id=\"attachment_4423\" aria-describedby=\"caption-attachment-4423\" style=\"width: 860px\" class=\"wp-caption alignleft\"><img loading=\"lazy\" decoding=\"async\" class=\"wp-image-4423 size-full\" src=\"https:\/\/www.litoral.es\/guia-de-vacaciones\/wp-content\/uploads\/2016\/10\/Camino-de-Ronda-27.jpg\" alt=\"camino de ronda de salou\" width=\"860\" height=\"573\" srcset=\"https:\/\/www.litoral.es\/guia-de-vacaciones\/wp-content\/uploads\/2016\/10\/Camino-de-Ronda-27.jpg 860w, https:\/\/www.litoral.es\/guia-de-vacaciones\/wp-content\/uploads\/2016\/10\/Camino-de-Ronda-27-250x167.jpg 250w, https:\/\/www.litoral.es\/guia-de-vacaciones\/wp-content\/uploads\/2016\/10\/Camino-de-Ronda-27-768x512.jpg 768w, https:\/\/www.litoral.es\/guia-de-vacaciones\/wp-content\/uploads\/2016\/10\/Camino-de-Ronda-27-500x333.jpg 500w, https:\/\/www.litoral.es\/guia-de-vacaciones\/wp-content\/uploads\/2016\/10\/Camino-de-Ronda-27-300x200.jpg 300w, https:\/\/www.litoral.es\/guia-de-vacaciones\/wp-content\/uploads\/2016\/10\/Camino-de-Ronda-27-750x500.jpg 750w, https:\/\/www.litoral.es\/guia-de-vacaciones\/wp-content\/uploads\/2016\/10\/Camino-de-Ronda-27-380x253.jpg 380w, https:\/\/www.litoral.es\/guia-de-vacaciones\/wp-content\/uploads\/2016\/10\/Camino-de-Ronda-27-310x207.jpg 310w, https:\/\/www.litoral.es\/guia-de-vacaciones\/wp-content\/uploads\/2016\/10\/Camino-de-Ronda-27-360x240.jpg 360w, https:\/\/www.litoral.es\/guia-de-vacaciones\/wp-content\/uploads\/2016\/10\/Camino-de-Ronda-27-260x173.jpg 260w\" sizes=\"(max-width: 860px) 100vw, 860px\" \/><figcaption id=\"caption-attachment-4423\" class=\"wp-caption-text\">Camino de Ronda cerca de playa Capellans<\/figcaption><\/figure>\n<p>&nbsp;<\/p>\n<figure id=\"attachment_4424\" aria-describedby=\"caption-attachment-4424\" style=\"width: 860px\" class=\"wp-caption alignleft\"><img loading=\"lazy\" decoding=\"async\" class=\"wp-image-4424 size-full\" src=\"https:\/\/www.litoral.es\/guia-de-vacaciones\/wp-content\/uploads\/2016\/10\/playa-capellans-de-salou-2.jpg\" alt=\"camino de ronda de salou\" width=\"860\" height=\"573\" srcset=\"https:\/\/www.litoral.es\/guia-de-vacaciones\/wp-content\/uploads\/2016\/10\/playa-capellans-de-salou-2.jpg 860w, https:\/\/www.litoral.es\/guia-de-vacaciones\/wp-content\/uploads\/2016\/10\/playa-capellans-de-salou-2-250x167.jpg 250w, https:\/\/www.litoral.es\/guia-de-vacaciones\/wp-content\/uploads\/2016\/10\/playa-capellans-de-salou-2-768x512.jpg 768w, https:\/\/www.litoral.es\/guia-de-vacaciones\/wp-content\/uploads\/2016\/10\/playa-capellans-de-salou-2-500x333.jpg 500w, https:\/\/www.litoral.es\/guia-de-vacaciones\/wp-content\/uploads\/2016\/10\/playa-capellans-de-salou-2-300x200.jpg 300w, https:\/\/www.litoral.es\/guia-de-vacaciones\/wp-content\/uploads\/2016\/10\/playa-capellans-de-salou-2-750x500.jpg 750w, https:\/\/www.litoral.es\/guia-de-vacaciones\/wp-content\/uploads\/2016\/10\/playa-capellans-de-salou-2-380x253.jpg 380w, https:\/\/www.litoral.es\/guia-de-vacaciones\/wp-content\/uploads\/2016\/10\/playa-capellans-de-salou-2-310x207.jpg 310w, https:\/\/www.litoral.es\/guia-de-vacaciones\/wp-content\/uploads\/2016\/10\/playa-capellans-de-salou-2-360x240.jpg 360w, https:\/\/www.litoral.es\/guia-de-vacaciones\/wp-content\/uploads\/2016\/10\/playa-capellans-de-salou-2-260x173.jpg 260w\" sizes=\"(max-width: 860px) 100vw, 860px\" \/><figcaption id=\"caption-attachment-4424\" class=\"wp-caption-text\">Playa Capellans<\/figcaption><\/figure>\n<p>&nbsp;<\/p>\n<p>Cruzando Capellans empieza una rampa con bastante desnivel hasta ascender a la punta <strong>mirador del cabo Po Roig.<\/strong> Desde lo alto de este mirador las vistas son extraordinarias, desde aqu\u00ed se divisa todo el Golf de Sant Jordi hasta el Delta del Ebro. Si ten\u00e9is la oportunidad de llegar aqu\u00ed al atardecer disfrutar\u00e9is de una<strong> fant\u00e1stica puesta de sol.<\/strong> Un recorrido divertido que tanto adultos como los m\u00e1s peque\u00f1os de la casa disfrutar\u00e1n.<br \/>\n<a id=\"135\" href=\"https:\/\/www.litoral.es\/costa-dorada\/apartamentos\"> <\/p>\n<p><img loading=\"lazy\" decoding=\"async\" class=\"imgdesktop aligncenter wp-image-6978 size-full\" src=\"https:\/\/www.litoral.es\/guia-de-vacaciones\/wp-content\/uploads\/2017\/12\/Apartamentos-alquiler-costa-dorada-1.jpg\" alt=\"apartamentos alquiler costa dorada\" width=\"848\" height=\"160\" \/><\/p>\n<p><a id=\"135\" href=\"https:\/\/www.litoral.es\/costa-dorada\/apartamentos\"> <\/p>\n<p><img loading=\"lazy\" decoding=\"async\" class=\"imgmobile aligncenter wp-image-6976 size-full\" src=\"https:\/\/www.litoral.es\/guia-de-vacaciones\/wp-content\/uploads\/2017\/12\/Alquiler-apartamentos-costa-dorada.jpg\" alt=\"apartamentos alquiler Costa Dorada \" width=\"260\" height=\"240\" \/><\/p>\n<p><\/a><br \/>\nA partir de aqu\u00ed empieza la bajada para cruzar la bonita y peque\u00f1a playa de Llenguadets que podemos recorrer sin m\u00e1s problemas. Continuamos el camino bordeando la costa hasta la famosa playa Larga de Salou. El tramo de la <strong>Playa Larga de Salou<\/strong> es quiz\u00e1 el m\u00e1s bonito y agradable en toda la ruta, ya que transcurre por todo un pinar y una zona boscosa espectacular. El olor de los pinos lo inunda todo mientras caminamos por el paseo a travesando los 600m de la playa hasta llegar a <strong>la zona de Replanells.<\/strong> Es aqu\u00ed donde termina el remodelado Camino de Ronda de Salou, a apartir de aqu\u00ed, el sendero se vuelve m\u00e1s abrupto y salvaje .<\/p>\n<p><img loading=\"lazy\" decoding=\"async\" class=\"alignleft wp-image-4425 size-full\" src=\"https:\/\/www.litoral.es\/guia-de-vacaciones\/wp-content\/uploads\/2016\/10\/Playa-Larga-1.jpg\" alt=\"playa larga de salou\" width=\"860\" height=\"571\" srcset=\"https:\/\/www.litoral.es\/guia-de-vacaciones\/wp-content\/uploads\/2016\/10\/Playa-Larga-1.jpg 860w, https:\/\/www.litoral.es\/guia-de-vacaciones\/wp-content\/uploads\/2016\/10\/Playa-Larga-1-250x166.jpg 250w, https:\/\/www.litoral.es\/guia-de-vacaciones\/wp-content\/uploads\/2016\/10\/Playa-Larga-1-768x510.jpg 768w, https:\/\/www.litoral.es\/guia-de-vacaciones\/wp-content\/uploads\/2016\/10\/Playa-Larga-1-500x332.jpg 500w, https:\/\/www.litoral.es\/guia-de-vacaciones\/wp-content\/uploads\/2016\/10\/Playa-Larga-1-300x199.jpg 300w, https:\/\/www.litoral.es\/guia-de-vacaciones\/wp-content\/uploads\/2016\/10\/Playa-Larga-1-750x498.jpg 750w, https:\/\/www.litoral.es\/guia-de-vacaciones\/wp-content\/uploads\/2016\/10\/Playa-Larga-1-380x252.jpg 380w, https:\/\/www.litoral.es\/guia-de-vacaciones\/wp-content\/uploads\/2016\/10\/Playa-Larga-1-310x206.jpg 310w, https:\/\/www.litoral.es\/guia-de-vacaciones\/wp-content\/uploads\/2016\/10\/Playa-Larga-1-360x239.jpg 360w, https:\/\/www.litoral.es\/guia-de-vacaciones\/wp-content\/uploads\/2016\/10\/Playa-Larga-1-260x173.jpg 260w\" sizes=\"(max-width: 860px) 100vw, 860px\" \/><\/p>\n<p>&nbsp;<\/p>\n<p>Los m\u00e1s aventureros podr\u00e1n continuar el camino hacia el Cabo de Salou con todav\u00eda unos 2 km m\u00e1s o menos de ruta. Primero pasando por los acantilados hasta la bonita cala Penya Tallada que nos dejar\u00e1 boqueabiertos, luego las diminutas playas Cala Font y Cala Vinya hasta finalmente \u00a0llegar a <strong>Cala Crancs cerca del Faro de Salou<\/strong>.<br \/>\n<a id=\"136\" href=\"https:\/\/www.litoral.es\/costa-dorada\/salou\"><\/p>\n<p><img loading=\"lazy\" decoding=\"async\" class=\"imgdesktop aligncenter wp-image-6978 size-full\" src=\"https:\/\/www.litoral.es\/guia-de-vacaciones\/wp-content\/uploads\/2017\/12\/Alquiler-apartamentos-Salou-4.jpg\" alt=\"alquiler de alojamientos vacacionales en salou\" width=\"848\" height=\"160\" \/><\/p>\n<p><a id=\"136\" href=\"https:\/\/www.litoral.es\/costa-dorada\/salou\"><\/p>\n<p><img loading=\"lazy\" decoding=\"async\" class=\"imgmobile aligncenter wp-image-6976 size-full\" src=\"https:\/\/www.litoral.es\/guia-de-vacaciones\/wp-content\/uploads\/2017\/12\/Alquiler-apartamentos-Salou-3.jpg\" alt=\"alojamientos salou\" width=\"260\" height=\"240\" \/><\/p>\n<p><\/a><\/p>\n<p>Una preciosa ruta de casi 5km que os invitamos a descubrir. Recordar sobretodo llevar buen calzado , si quer\u00e9is algo de agua para el camino \u2013aunque se puede comprar sobre la marcha- y no olvid\u00e9is la c\u00e1mara de fotos por que el camino es espectacular.<\/p>\n<p>&nbsp;<\/p>\n<p><img loading=\"lazy\" decoding=\"async\" class=\"alignleft wp-image-4428 size-full\" src=\"https:\/\/www.litoral.es\/guia-de-vacaciones\/wp-content\/uploads\/2016\/10\/camino-de-ronda-cerca-de-cala-crancs-6.jpg\" alt=\"camino de ronda cerca de cala crancs en el cabo de salou\" width=\"860\" height=\"573\" srcset=\"https:\/\/www.litoral.es\/guia-de-vacaciones\/wp-content\/uploads\/2016\/10\/camino-de-ronda-cerca-de-cala-crancs-6.jpg 860w, https:\/\/www.litoral.es\/guia-de-vacaciones\/wp-content\/uploads\/2016\/10\/camino-de-ronda-cerca-de-cala-crancs-6-250x167.jpg 250w, https:\/\/www.litoral.es\/guia-de-vacaciones\/wp-content\/uploads\/2016\/10\/camino-de-ronda-cerca-de-cala-crancs-6-768x512.jpg 768w, https:\/\/www.litoral.es\/guia-de-vacaciones\/wp-content\/uploads\/2016\/10\/camino-de-ronda-cerca-de-cala-crancs-6-500x333.jpg 500w, https:\/\/www.litoral.es\/guia-de-vacaciones\/wp-content\/uploads\/2016\/10\/camino-de-ronda-cerca-de-cala-crancs-6-300x200.jpg 300w, https:\/\/www.litoral.es\/guia-de-vacaciones\/wp-content\/uploads\/2016\/10\/camino-de-ronda-cerca-de-cala-crancs-6-750x500.jpg 750w, https:\/\/www.litoral.es\/guia-de-vacaciones\/wp-content\/uploads\/2016\/10\/camino-de-ronda-cerca-de-cala-crancs-6-380x253.jpg 380w, https:\/\/www.litoral.es\/guia-de-vacaciones\/wp-content\/uploads\/2016\/10\/camino-de-ronda-cerca-de-cala-crancs-6-310x207.jpg 310w, https:\/\/www.litoral.es\/guia-de-vacaciones\/wp-content\/uploads\/2016\/10\/camino-de-ronda-cerca-de-cala-crancs-6-360x240.jpg 360w, https:\/\/www.litoral.es\/guia-de-vacaciones\/wp-content\/uploads\/2016\/10\/camino-de-ronda-cerca-de-cala-crancs-6-260x173.jpg 260w\" sizes=\"(max-width: 860px) 100vw, 860px\" \/><\/p>\n<p>&nbsp;<\/p>\n<p><img loading=\"lazy\" decoding=\"async\" class=\"alignleft wp-image-4427 size-full\" src=\"https:\/\/www.litoral.es\/guia-de-vacaciones\/wp-content\/uploads\/2016\/10\/Cala-Crancs-8-1.jpg\" alt=\"cala crancs en el cabo de salou\" width=\"860\" height=\"573\" srcset=\"https:\/\/www.litoral.es\/guia-de-vacaciones\/wp-content\/uploads\/2016\/10\/Cala-Crancs-8-1.jpg 860w, https:\/\/www.litoral.es\/guia-de-vacaciones\/wp-content\/uploads\/2016\/10\/Cala-Crancs-8-1-250x167.jpg 250w, https:\/\/www.litoral.es\/guia-de-vacaciones\/wp-content\/uploads\/2016\/10\/Cala-Crancs-8-1-768x512.jpg 768w, https:\/\/www.litoral.es\/guia-de-vacaciones\/wp-content\/uploads\/2016\/10\/Cala-Crancs-8-1-500x333.jpg 500w, https:\/\/www.litoral.es\/guia-de-vacaciones\/wp-content\/uploads\/2016\/10\/Cala-Crancs-8-1-300x200.jpg 300w, https:\/\/www.litoral.es\/guia-de-vacaciones\/wp-content\/uploads\/2016\/10\/Cala-Crancs-8-1-750x500.jpg 750w, https:\/\/www.litoral.es\/guia-de-vacaciones\/wp-content\/uploads\/2016\/10\/Cala-Crancs-8-1-380x253.jpg 380w, https:\/\/www.litoral.es\/guia-de-vacaciones\/wp-content\/uploads\/2016\/10\/Cala-Crancs-8-1-310x207.jpg 310w, https:\/\/www.litoral.es\/guia-de-vacaciones\/wp-content\/uploads\/2016\/10\/Cala-Crancs-8-1-360x240.jpg 360w, https:\/\/www.litoral.es\/guia-de-vacaciones\/wp-content\/uploads\/2016\/10\/Cala-Crancs-8-1-260x173.jpg 260w\" sizes=\"(max-width: 860px) 100vw, 860px\" \/><\/p>\n<p>&nbsp;<\/p>\n<p>&nbsp;<\/p>\n<p style=\"text-align: center;\"><span style=\"color: #ffcc00;\">_____________________________________________________<\/span><\/p>\n<p style=\"text-align: center;\"><strong><span style=\"color: #ffcc00;\">Si te ha gustado d\u00e9janos un comentario y dinos qu\u00e9 tramo del<\/span><\/strong><br \/>\n<strong><span style=\"color: #ffcc00;\"> Camino de Ronda es tu favorito<\/span><\/strong><\/p>\n<p style=\"text-align: center;\"><span style=\"color: #ffcc00;\">_____________________________________________________<\/span><\/p>\n","protected":false},"excerpt":{"rendered":"<p>\u00bfTodav\u00eda no conoces el camino de ronda a trav\u00e9s de las zonas m\u00e1s desconocidas de Salou? Cuando escuchamos la palabra Salou, a todos nos vienen a la cabeza los grandes parques acu\u00e1ticos, \u00a0Port Aventura, el nuevo Ferrari Land o incluso el fant\u00e1stico espect\u00e1culo de Cirque du Soleil que se instala de forma permanente cada temporada [&#8230;]<\/p>\n<p><a class=\"understrap-read-more-link btn btn-outline-dark btn-sm\" href=\"https:\/\/www.litoral.es\/guia-de-vacaciones\/camino-de-ronda-salou\/\">Continue Reading&#8230;<\/a><\/p>\n","protected":false},"author":9,"featured_media":4455,"comment_status":"open","ping_status":"open","sticky":false,"template":"","format":"image","meta":{"footnotes":""},"categories":[205,55,63],"tags":[],"yoast_head":"<!-- This site is optimized with the Yoast SEO plugin v20.2.1 - https:\/\/yoast.com\/wordpress\/plugins\/seo\/ -->\n<title>Camino de ronda en Salou: fotos, consejos y ruta - Litoral Costa Dorada<\/title>\n<meta name=\"description\" content=\"Descubre el bonito camino de ronda de Salou, los mejores rincones, consejos y fotos de esta ruta a trav\u00e9s de las zonas m\u00e1s desconocidas de Salou\" \/>\n<meta name=\"robots\" content=\"index, follow, max-snippet:-1, max-image-preview:large, max-video-preview:-1\" \/>\n<link rel=\"canonical\" href=\"https:\/\/www.litoral.es\/guia-de-vacaciones\/camino-de-ronda-salou\/\" \/>\n<meta property=\"og:locale\" content=\"es_ES\" \/>\n<meta property=\"og:type\" content=\"article\" \/>\n<meta property=\"og:title\" content=\"Camino de ronda en Salou: fotos, consejos y ruta - Litoral Costa Dorada\" \/>\n<meta property=\"og:description\" content=\"Descubre el bonito camino de ronda de Salou, los mejores rincones, consejos y fotos de esta ruta a trav\u00e9s de las zonas m\u00e1s desconocidas de Salou\" \/>\n<meta property=\"og:url\" content=\"https:\/\/www.litoral.es\/guia-de-vacaciones\/camino-de-ronda-salou\/\" \/>\n<meta property=\"og:site_name\" content=\"Litoral Costa Dorada Blog\" \/>\n<meta property=\"article:publisher\" content=\"https:\/\/www.facebook.com\/pages\/Litoral-Costa-Dorada\/461561627270721\" \/>\n<meta property=\"article:published_time\" content=\"2016-10-22T13:40:21+00:00\" \/>\n<meta property=\"article:modified_time\" content=\"2017-12-25T17:28:08+00:00\" \/>\n<meta property=\"og:image\" content=\"https:\/\/www.litoral.es\/guia-de-vacaciones\/wp-content\/uploads\/2016\/10\/camino-de-ronde-de-salou.jpg\" \/>\n\t<meta property=\"og:image:width\" content=\"1300\" \/>\n\t<meta property=\"og:image:height\" content=\"867\" \/>\n\t<meta property=\"og:image:type\" content=\"image\/jpeg\" \/>\n<meta name=\"author\" content=\"Equipo Litoral\" \/>\n<meta name=\"twitter:label1\" content=\"Written by\" \/>\n\t<meta name=\"twitter:data1\" content=\"Equipo Litoral\" \/>\n\t<meta name=\"twitter:label2\" content=\"Est. reading time\" \/>\n\t<meta name=\"twitter:data2\" content=\"4 minutos\" \/>\n<script type=\"application\/ld+json\" class=\"yoast-schema-graph\">{\"@context\":\"https:\/\/schema.org\",\"@graph\":[{\"@type\":\"Article\",\"@id\":\"https:\/\/www.litoral.es\/guia-de-vacaciones\/camino-de-ronda-salou\/#article\",\"isPartOf\":{\"@id\":\"https:\/\/www.litoral.es\/guia-de-vacaciones\/camino-de-ronda-salou\/\"},\"author\":{\"name\":\"Equipo Litoral\",\"@id\":\"https:\/\/www.litoral.es\/guia-de-vacaciones\/#\/schema\/person\/2bf197ec65bc9a232842fa4ffa6b92f8\"},\"headline\":\"Recorre el camino de Ronda en Salou\",\"datePublished\":\"2016-10-22T13:40:21+00:00\",\"dateModified\":\"2017-12-25T17:28:08+00:00\",\"mainEntityOfPage\":{\"@id\":\"https:\/\/www.litoral.es\/guia-de-vacaciones\/camino-de-ronda-salou\/\"},\"wordCount\":794,\"commentCount\":0,\"publisher\":{\"@id\":\"https:\/\/www.litoral.es\/guia-de-vacaciones\/#organization\"},\"articleSection\":[\"Con ni\u00f1os\",\"Planes\",\"Salou\"],\"inLanguage\":\"es\"},{\"@type\":\"WebPage\",\"@id\":\"https:\/\/www.litoral.es\/guia-de-vacaciones\/camino-de-ronda-salou\/\",\"url\":\"https:\/\/www.litoral.es\/guia-de-vacaciones\/camino-de-ronda-salou\/\",\"name\":\"Camino de ronda en Salou: fotos, consejos y ruta - Litoral Costa Dorada\",\"isPartOf\":{\"@id\":\"https:\/\/www.litoral.es\/guia-de-vacaciones\/#website\"},\"datePublished\":\"2016-10-22T13:40:21+00:00\",\"dateModified\":\"2017-12-25T17:28:08+00:00\",\"description\":\"Descubre el bonito camino de ronda de Salou, los mejores rincones, consejos y fotos de esta ruta a trav\u00e9s de las zonas m\u00e1s desconocidas de Salou\",\"breadcrumb\":{\"@id\":\"https:\/\/www.litoral.es\/guia-de-vacaciones\/camino-de-ronda-salou\/#breadcrumb\"},\"inLanguage\":\"es\",\"potentialAction\":[{\"@type\":\"ReadAction\",\"target\":[\"https:\/\/www.litoral.es\/guia-de-vacaciones\/camino-de-ronda-salou\/\"]}]},{\"@type\":\"BreadcrumbList\",\"@id\":\"https:\/\/www.litoral.es\/guia-de-vacaciones\/camino-de-ronda-salou\/#breadcrumb\",\"itemListElement\":[{\"@type\":\"ListItem\",\"position\":1,\"name\":\"Home\",\"item\":\"https:\/\/www.litoral.es\/guia-de-vacaciones\/\"},{\"@type\":\"ListItem\",\"position\":2,\"name\":\"Recorre el camino de Ronda en Salou\"}]},{\"@type\":\"WebSite\",\"@id\":\"https:\/\/www.litoral.es\/guia-de-vacaciones\/#website\",\"url\":\"https:\/\/www.litoral.es\/guia-de-vacaciones\/\",\"name\":\"Litoral Costa Dorada Blog\",\"description\":\"Alquiler y venta de alojamientos tur\u00edsticos en la Costa Dorada\",\"publisher\":{\"@id\":\"https:\/\/www.litoral.es\/guia-de-vacaciones\/#organization\"},\"potentialAction\":[{\"@type\":\"SearchAction\",\"target\":{\"@type\":\"EntryPoint\",\"urlTemplate\":\"https:\/\/www.litoral.es\/guia-de-vacaciones\/?s={search_term_string}\"},\"query-input\":\"required name=search_term_string\"}],\"inLanguage\":\"es\"},{\"@type\":\"Organization\",\"@id\":\"https:\/\/www.litoral.es\/guia-de-vacaciones\/#organization\",\"name\":\"Litoral Costa Dorada Blog\",\"url\":\"https:\/\/www.litoral.es\/guia-de-vacaciones\/\",\"logo\":{\"@type\":\"ImageObject\",\"inLanguage\":\"es\",\"@id\":\"https:\/\/www.litoral.es\/guia-de-vacaciones\/#\/schema\/logo\/image\/\",\"url\":\"https:\/\/www.litoral.es\/guia-de-vacaciones\/wp-content\/uploads\/2023\/11\/litoral_blog.png\",\"contentUrl\":\"https:\/\/www.litoral.es\/guia-de-vacaciones\/wp-content\/uploads\/2023\/11\/litoral_blog.png\",\"width\":1254,\"height\":221,\"caption\":\"Litoral Costa Dorada Blog\"},\"image\":{\"@id\":\"https:\/\/www.litoral.es\/guia-de-vacaciones\/#\/schema\/logo\/image\/\"},\"sameAs\":[\"https:\/\/www.facebook.com\/pages\/Litoral-Costa-Dorada\/461561627270721\"]},{\"@type\":\"Person\",\"@id\":\"https:\/\/www.litoral.es\/guia-de-vacaciones\/#\/schema\/person\/2bf197ec65bc9a232842fa4ffa6b92f8\",\"name\":\"Equipo Litoral\",\"image\":{\"@type\":\"ImageObject\",\"inLanguage\":\"es\",\"@id\":\"https:\/\/www.litoral.es\/guia-de-vacaciones\/#\/schema\/person\/image\/\",\"url\":\"https:\/\/secure.gravatar.com\/avatar\/de895944a3ff26c4d470d57377e71926?s=96&d=mm&r=g\",\"contentUrl\":\"https:\/\/secure.gravatar.com\/avatar\/de895944a3ff26c4d470d57377e71926?s=96&d=mm&r=g\",\"caption\":\"Equipo Litoral\"},\"description\":\"Somos unos apasionados de nuestra tierra y nuestras ra\u00edces. La Costa Dorada ofrece playas y calas v\u00edrgenes, una gran riqueza hist\u00f3rica y cultural, parques de atracciones, gastronom\u00eda y un clima privilegiado, que atraen cada a\u00f1o a millones de viajeros a nuestras costas. Y ah\u00ed estamos nosotros para ayudar a todo aquel que se anime a viajar hasta aqu\u00ed, con informaci\u00f3n detallada, curiosidades y consejos para que no os perd\u00e1is nada.\"}]}<\/script>\n<!-- \/ Yoast SEO plugin. -->","yoast_head_json":{"title":"Camino de ronda en Salou: fotos, consejos y ruta - Litoral Costa Dorada","description":"Descubre el bonito camino de ronda de Salou, los mejores rincones, consejos y fotos de esta ruta a trav\u00e9s de las zonas m\u00e1s desconocidas de Salou","robots":{"index":"index","follow":"follow","max-snippet":"max-snippet:-1","max-image-preview":"max-image-preview:large","max-video-preview":"max-video-preview:-1"},"canonical":"https:\/\/www.litoral.es\/guia-de-vacaciones\/camino-de-ronda-salou\/","og_locale":"es_ES","og_type":"article","og_title":"Camino de ronda en Salou: fotos, consejos y ruta - Litoral Costa Dorada","og_description":"Descubre el bonito camino de ronda de Salou, los mejores rincones, consejos y fotos de esta ruta a trav\u00e9s de las zonas m\u00e1s desconocidas de Salou","og_url":"https:\/\/www.litoral.es\/guia-de-vacaciones\/camino-de-ronda-salou\/","og_site_name":"Litoral Costa Dorada Blog","article_publisher":"https:\/\/www.facebook.com\/pages\/Litoral-Costa-Dorada\/461561627270721","article_published_time":"2016-10-22T13:40:21+00:00","article_modified_time":"2017-12-25T17:28:08+00:00","og_image":[{"width":1300,"height":867,"url":"https:\/\/www.litoral.es\/guia-de-vacaciones\/wp-content\/uploads\/2016\/10\/camino-de-ronde-de-salou.jpg","type":"image\/jpeg"}],"author":"Equipo Litoral","twitter_misc":{"Written by":"Equipo Litoral","Est. reading time":"4 minutos"},"schema":{"@context":"https:\/\/schema.org","@graph":[{"@type":"Article","@id":"https:\/\/www.litoral.es\/guia-de-vacaciones\/camino-de-ronda-salou\/#article","isPartOf":{"@id":"https:\/\/www.litoral.es\/guia-de-vacaciones\/camino-de-ronda-salou\/"},"author":{"name":"Equipo Litoral","@id":"https:\/\/www.litoral.es\/guia-de-vacaciones\/#\/schema\/person\/2bf197ec65bc9a232842fa4ffa6b92f8"},"headline":"Recorre el camino de Ronda en Salou","datePublished":"2016-10-22T13:40:21+00:00","dateModified":"2017-12-25T17:28:08+00:00","mainEntityOfPage":{"@id":"https:\/\/www.litoral.es\/guia-de-vacaciones\/camino-de-ronda-salou\/"},"wordCount":794,"commentCount":0,"publisher":{"@id":"https:\/\/www.litoral.es\/guia-de-vacaciones\/#organization"},"articleSection":["Con ni\u00f1os","Planes","Salou"],"inLanguage":"es"},{"@type":"WebPage","@id":"https:\/\/www.litoral.es\/guia-de-vacaciones\/camino-de-ronda-salou\/","url":"https:\/\/www.litoral.es\/guia-de-vacaciones\/camino-de-ronda-salou\/","name":"Camino de ronda en Salou: fotos, consejos y ruta - Litoral Costa Dorada","isPartOf":{"@id":"https:\/\/www.litoral.es\/guia-de-vacaciones\/#website"},"datePublished":"2016-10-22T13:40:21+00:00","dateModified":"2017-12-25T17:28:08+00:00","description":"Descubre el bonito camino de ronda de Salou, los mejores rincones, consejos y fotos de esta ruta a trav\u00e9s de las zonas m\u00e1s desconocidas de Salou","breadcrumb":{"@id":"https:\/\/www.litoral.es\/guia-de-vacaciones\/camino-de-ronda-salou\/#breadcrumb"},"inLanguage":"es","potentialAction":[{"@type":"ReadAction","target":["https:\/\/www.litoral.es\/guia-de-vacaciones\/camino-de-ronda-salou\/"]}]},{"@type":"BreadcrumbList","@id":"https:\/\/www.litoral.es\/guia-de-vacaciones\/camino-de-ronda-salou\/#breadcrumb","itemListElement":[{"@type":"ListItem","position":1,"name":"Home","item":"https:\/\/www.litoral.es\/guia-de-vacaciones\/"},{"@type":"ListItem","position":2,"name":"Recorre el camino de Ronda en Salou"}]},{"@type":"WebSite","@id":"https:\/\/www.litoral.es\/guia-de-vacaciones\/#website","url":"https:\/\/www.litoral.es\/guia-de-vacaciones\/","name":"Litoral Costa Dorada Blog","description":"Alquiler y venta de alojamientos tur\u00edsticos en la Costa Dorada","publisher":{"@id":"https:\/\/www.litoral.es\/guia-de-vacaciones\/#organization"},"potentialAction":[{"@type":"SearchAction","target":{"@type":"EntryPoint","urlTemplate":"https:\/\/www.litoral.es\/guia-de-vacaciones\/?s={search_term_string}"},"query-input":"required name=search_term_string"}],"inLanguage":"es"},{"@type":"Organization","@id":"https:\/\/www.litoral.es\/guia-de-vacaciones\/#organization","name":"Litoral Costa Dorada Blog","url":"https:\/\/www.litoral.es\/guia-de-vacaciones\/","logo":{"@type":"ImageObject","inLanguage":"es","@id":"https:\/\/www.litoral.es\/guia-de-vacaciones\/#\/schema\/logo\/image\/","url":"https:\/\/www.litoral.es\/guia-de-vacaciones\/wp-content\/uploads\/2023\/11\/litoral_blog.png","contentUrl":"https:\/\/www.litoral.es\/guia-de-vacaciones\/wp-content\/uploads\/2023\/11\/litoral_blog.png","width":1254,"height":221,"caption":"Litoral Costa Dorada Blog"},"image":{"@id":"https:\/\/www.litoral.es\/guia-de-vacaciones\/#\/schema\/logo\/image\/"},"sameAs":["https:\/\/www.facebook.com\/pages\/Litoral-Costa-Dorada\/461561627270721"]},{"@type":"Person","@id":"https:\/\/www.litoral.es\/guia-de-vacaciones\/#\/schema\/person\/2bf197ec65bc9a232842fa4ffa6b92f8","name":"Equipo Litoral","image":{"@type":"ImageObject","inLanguage":"es","@id":"https:\/\/www.litoral.es\/guia-de-vacaciones\/#\/schema\/person\/image\/","url":"https:\/\/secure.gravatar.com\/avatar\/de895944a3ff26c4d470d57377e71926?s=96&d=mm&r=g","contentUrl":"https:\/\/secure.gravatar.com\/avatar\/de895944a3ff26c4d470d57377e71926?s=96&d=mm&r=g","caption":"Equipo Litoral"},"description":"Somos unos apasionados de nuestra tierra y nuestras ra\u00edces. La Costa Dorada ofrece playas y calas v\u00edrgenes, una gran riqueza hist\u00f3rica y cultural, parques de atracciones, gastronom\u00eda y un clima privilegiado, que atraen cada a\u00f1o a millones de viajeros a nuestras costas. Y ah\u00ed estamos nosotros para ayudar a todo aquel que se anime a viajar hasta aqu\u00ed, con informaci\u00f3n detallada, curiosidades y consejos para que no os perd\u00e1is nada."}]}},"_links":{"self":[{"href":"https:\/\/www.litoral.es\/guia-de-vacaciones\/wp-json\/wp\/v2\/posts\/4411"}],"collection":[{"href":"https:\/\/www.litoral.es\/guia-de-vacaciones\/wp-json\/wp\/v2\/posts"}],"about":[{"href":"https:\/\/www.litoral.es\/guia-de-vacaciones\/wp-json\/wp\/v2\/types\/post"}],"author":[{"embeddable":true,"href":"https:\/\/www.litoral.es\/guia-de-vacaciones\/wp-json\/wp\/v2\/users\/9"}],"replies":[{"embeddable":true,"href":"https:\/\/www.litoral.es\/guia-de-vacaciones\/wp-json\/wp\/v2\/comments?post=4411"}],"version-history":[{"count":14,"href":"https:\/\/www.litoral.es\/guia-de-vacaciones\/wp-json\/wp\/v2\/posts\/4411\/revisions"}],"predecessor-version":[{"id":7121,"href":"https:\/\/www.litoral.es\/guia-de-vacaciones\/wp-json\/wp\/v2\/posts\/4411\/revisions\/7121"}],"wp:featuredmedia":[{"embeddable":true,"href":"https:\/\/www.litoral.es\/guia-de-vacaciones\/wp-json\/wp\/v2\/media\/4455"}],"wp:attachment":[{"href":"https:\/\/www.litoral.es\/guia-de-vacaciones\/wp-json\/wp\/v2\/media?parent=4411"}],"wp:term":[{"taxonomy":"category","embeddable":true,"href":"https:\/\/www.litoral.es\/guia-de-vacaciones\/wp-json\/wp\/v2\/categories?post=4411"},{"taxonomy":"post_tag","embeddable":true,"href":"https:\/\/www.litoral.es\/guia-de-vacaciones\/wp-json\/wp\/v2\/tags?post=4411"}],"curies":[{"name":"wp","href":"https:\/\/api.w.org\/{rel}","templated":true}]}}