{"id":4633,"date":"2016-10-25T12:41:03","date_gmt":"2016-10-25T10:41:03","guid":{"rendered":"https:\/\/www.litoral.es\/guia-de-vacaciones\/?p=4633"},"modified":"2017-12-25T19:24:05","modified_gmt":"2017-12-25T18:24:05","slug":"de-compras-por-reus","status":"publish","type":"post","link":"https:\/\/www.litoral.es\/guia-de-vacaciones\/de-compras-por-reus\/","title":{"rendered":"De compras por Reus"},"content":{"rendered":"<p>\u00bfSab\u00edas que a Reus se la conoce como \u201cla ciudad de las compras de la Costa Dorada\u201d? Si te gusta ir de compras, en Reus lo vas a pasar genial, porque solo en su centro hist\u00f3rico tiene m\u00e1s de 600 tiendas esperando a que las descubras.<br \/>\n<a id=\"134\" href=\"https:\/\/www.litoral.es\/costa-dorada\/apartamentos\"><\/p>\n<p><img loading=\"lazy\" decoding=\"async\" class=\"imgdesktop aligncenter wp-image-6978 size-full\" src=\"https:\/\/www.litoral.es\/guia-de-vacaciones\/wp-content\/uploads\/2017\/12\/Apartamentos-alquiler-costa-dorada-1.jpg\" alt=\"alquiler de alojamientos vacacionales en la costa dorada\" width=\"848\" height=\"160\" \/><\/p>\n<p><a id=\"134\" href=\"https:\/\/www.litoral.es\/costa-dorada\/apartamentos\"><\/p>\n<p><img loading=\"lazy\" decoding=\"async\" class=\"imgmobile aligncenter wp-image-6976 size-full\" src=\"https:\/\/www.litoral.es\/guia-de-vacaciones\/wp-content\/uploads\/2017\/12\/Banner-Costa-Dorada.jpg\" alt=\"alojamientos en la Costa Dorada\" width=\"260\" height=\"240\" \/><\/p>\n<p><\/a><br \/>\nY en cuanto te des un paseo por ellas, entender\u00e1s por qu\u00e9 esta encantadora ciudad modernista es tambi\u00e9n famosa por sus comercios. \u00a1Te llevamos de compras por Reus!<\/p>\n<h2><strong>De\u00a0compras por Reus : las calles comerciales\u00a0<\/strong><\/h2>\n<p>Las principales calles comerciales de Reus son <strong>Monterols, Llovera y Jes\u00fas. <\/strong>En ellas encontrar\u00e1s una gran oferta de ropa y complementos de las marcas m\u00e1s prestigiosas, tiendas de grandes cadenas comerciales, perfumer\u00edas, peque\u00f1os establecimientos con productos artesanos y t\u00edpicos de la zona\u2026 <\/p>\n<p>Tampoco faltan las cafeter\u00edas, bares y restaurantes para hacer un alto en el camino y reponer fuerzas.<\/p>\n<p><img loading=\"lazy\" decoding=\"async\" class=\"alignnone wp-image-4635 size-full\" title=\"de compras por Reus\" src=\"https:\/\/www.litoral.es\/guia-de-vacaciones\/wp-content\/uploads\/2016\/10\/1200px-Carrer_de_Llovera1.jpg\" alt=\"De compras por Reus\" width=\"1200\" height=\"803\" srcset=\"https:\/\/www.litoral.es\/guia-de-vacaciones\/wp-content\/uploads\/2016\/10\/1200px-Carrer_de_Llovera1.jpg 1200w, https:\/\/www.litoral.es\/guia-de-vacaciones\/wp-content\/uploads\/2016\/10\/1200px-Carrer_de_Llovera1-250x167.jpg 250w, https:\/\/www.litoral.es\/guia-de-vacaciones\/wp-content\/uploads\/2016\/10\/1200px-Carrer_de_Llovera1-768x514.jpg 768w, https:\/\/www.litoral.es\/guia-de-vacaciones\/wp-content\/uploads\/2016\/10\/1200px-Carrer_de_Llovera1-500x335.jpg 500w, https:\/\/www.litoral.es\/guia-de-vacaciones\/wp-content\/uploads\/2016\/10\/1200px-Carrer_de_Llovera1-300x201.jpg 300w, https:\/\/www.litoral.es\/guia-de-vacaciones\/wp-content\/uploads\/2016\/10\/1200px-Carrer_de_Llovera1-750x502.jpg 750w, https:\/\/www.litoral.es\/guia-de-vacaciones\/wp-content\/uploads\/2016\/10\/1200px-Carrer_de_Llovera1-380x254.jpg 380w, https:\/\/www.litoral.es\/guia-de-vacaciones\/wp-content\/uploads\/2016\/10\/1200px-Carrer_de_Llovera1-310x207.jpg 310w, https:\/\/www.litoral.es\/guia-de-vacaciones\/wp-content\/uploads\/2016\/10\/1200px-Carrer_de_Llovera1-360x241.jpg 360w, https:\/\/www.litoral.es\/guia-de-vacaciones\/wp-content\/uploads\/2016\/10\/1200px-Carrer_de_Llovera1-260x174.jpg 260w\" sizes=\"(max-width: 1200px) 100vw, 1200px\" \/><\/p>\n<p><sub>By Magenri &#8211;\u00a0<a href=\"https:\/\/commons.wikimedia.org\/w\/index.php?curid=37228262\">CC0<\/a><\/sub><\/p>\n<p>Muchas de las calles del centro de Reus son peatonales, por lo que podr\u00e1s pasear con total tranquilidad mirando los escaparates y disfrutando del ambiente de la ciudad.<\/p>\n<p><img loading=\"lazy\" decoding=\"async\" class=\"alignleft wp-image-4651 size-full\" title=\"de compras por Reus\" src=\"https:\/\/www.litoral.es\/guia-de-vacaciones\/wp-content\/uploads\/2016\/10\/compras-reusig.jpg\" alt=\"De compras por Reus\" width=\"1280\" height=\"853\" srcset=\"https:\/\/www.litoral.es\/guia-de-vacaciones\/wp-content\/uploads\/2016\/10\/compras-reusig.jpg 1280w, https:\/\/www.litoral.es\/guia-de-vacaciones\/wp-content\/uploads\/2016\/10\/compras-reusig-250x167.jpg 250w, https:\/\/www.litoral.es\/guia-de-vacaciones\/wp-content\/uploads\/2016\/10\/compras-reusig-768x512.jpg 768w, https:\/\/www.litoral.es\/guia-de-vacaciones\/wp-content\/uploads\/2016\/10\/compras-reusig-1200x800.jpg 1200w, https:\/\/www.litoral.es\/guia-de-vacaciones\/wp-content\/uploads\/2016\/10\/compras-reusig-500x333.jpg 500w, https:\/\/www.litoral.es\/guia-de-vacaciones\/wp-content\/uploads\/2016\/10\/compras-reusig-300x200.jpg 300w, https:\/\/www.litoral.es\/guia-de-vacaciones\/wp-content\/uploads\/2016\/10\/compras-reusig-750x500.jpg 750w, https:\/\/www.litoral.es\/guia-de-vacaciones\/wp-content\/uploads\/2016\/10\/compras-reusig-380x253.jpg 380w, https:\/\/www.litoral.es\/guia-de-vacaciones\/wp-content\/uploads\/2016\/10\/compras-reusig-310x207.jpg 310w, https:\/\/www.litoral.es\/guia-de-vacaciones\/wp-content\/uploads\/2016\/10\/compras-reusig-360x240.jpg 360w, https:\/\/www.litoral.es\/guia-de-vacaciones\/wp-content\/uploads\/2016\/10\/compras-reusig-260x173.jpg 260w\" sizes=\"(max-width: 1280px) 100vw, 1280px\" \/><\/p>\n<p>Otro de los atractivos de salir de compras por Reus es que muchas de sus tiendas tienen una larga historia a sus espaldas y est\u00e1n situadas en bonitos edificios modernistas que a\u00fan conservan sus decoraciones en el interior. Este es el caso de algunas librer\u00edas, cerer\u00edas, farmacias y tiendas de moda o de objetos de decoraci\u00f3n.<\/p>\n<h3><strong>Centro Comercial El Pallol<\/strong><\/h3>\n<p>Reus tambi\u00e9n dispone de un centro comercial en pleno casco antiguo. El Pallol, sin embargo, no es el t\u00edpico centro comercial que has visto en otras ciudades. Es un paseo abierto a la calle, dividido en dos niveles diferentes, y en el que las tiendas quedan integradas entre los edificios de la zona. Es el lugar perfecto para dar una vuelta y salir de compras en una tarde perezosa. \u00a1No te lo pierdas!<\/p>\n<p><img loading=\"lazy\" decoding=\"async\" class=\"wp-image-4650 size-full aligncenter\" title=\"de compras por Reus\" src=\"https:\/\/www.litoral.es\/guia-de-vacaciones\/wp-content\/uploads\/2016\/10\/de-compras-por-reus-ok.jpg\" alt=\"De compras por Reus\" width=\"1440\" height=\"960\" srcset=\"https:\/\/www.litoral.es\/guia-de-vacaciones\/wp-content\/uploads\/2016\/10\/de-compras-por-reus-ok.jpg 1440w, https:\/\/www.litoral.es\/guia-de-vacaciones\/wp-content\/uploads\/2016\/10\/de-compras-por-reus-ok-250x167.jpg 250w, https:\/\/www.litoral.es\/guia-de-vacaciones\/wp-content\/uploads\/2016\/10\/de-compras-por-reus-ok-768x512.jpg 768w, https:\/\/www.litoral.es\/guia-de-vacaciones\/wp-content\/uploads\/2016\/10\/de-compras-por-reus-ok-1200x800.jpg 1200w, https:\/\/www.litoral.es\/guia-de-vacaciones\/wp-content\/uploads\/2016\/10\/de-compras-por-reus-ok-500x333.jpg 500w, https:\/\/www.litoral.es\/guia-de-vacaciones\/wp-content\/uploads\/2016\/10\/de-compras-por-reus-ok-300x200.jpg 300w, https:\/\/www.litoral.es\/guia-de-vacaciones\/wp-content\/uploads\/2016\/10\/de-compras-por-reus-ok-750x500.jpg 750w, https:\/\/www.litoral.es\/guia-de-vacaciones\/wp-content\/uploads\/2016\/10\/de-compras-por-reus-ok-380x253.jpg 380w, https:\/\/www.litoral.es\/guia-de-vacaciones\/wp-content\/uploads\/2016\/10\/de-compras-por-reus-ok-310x207.jpg 310w, https:\/\/www.litoral.es\/guia-de-vacaciones\/wp-content\/uploads\/2016\/10\/de-compras-por-reus-ok-360x240.jpg 360w, https:\/\/www.litoral.es\/guia-de-vacaciones\/wp-content\/uploads\/2016\/10\/de-compras-por-reus-ok-260x173.jpg 260w\" sizes=\"(max-width: 1440px) 100vw, 1440px\" \/><\/p>\n<h3><\/h3>\n<h3><\/h3>\n<h3><\/h3>\n<h2><strong>De compras por Reus: Mercados de Reus<\/strong><\/h2>\n<p>Si lo que te apetece es comprar algunos productos frescos para preparar tu propia paella, o sumergirte en los aromas y colores de la gastronom\u00eda local, Reus cuenta con dos grandes mercados: el Central y el del Carrilet. En cualquiera de los dos encontrar\u00e1s carnes, frutas, verduras y pescados de buena calidad.<\/p>\n<p><img loading=\"lazy\" decoding=\"async\" class=\"alignleft wp-image-4649 size-full\" title=\"de compras por Reus\" src=\"https:\/\/www.litoral.es\/guia-de-vacaciones\/wp-content\/uploads\/2016\/10\/mercado-ok.jpg\" alt=\"De compras por Reus\" width=\"1120\" height=\"686\" srcset=\"https:\/\/www.litoral.es\/guia-de-vacaciones\/wp-content\/uploads\/2016\/10\/mercado-ok.jpg 1120w, https:\/\/www.litoral.es\/guia-de-vacaciones\/wp-content\/uploads\/2016\/10\/mercado-ok-250x153.jpg 250w, https:\/\/www.litoral.es\/guia-de-vacaciones\/wp-content\/uploads\/2016\/10\/mercado-ok-768x470.jpg 768w, https:\/\/www.litoral.es\/guia-de-vacaciones\/wp-content\/uploads\/2016\/10\/mercado-ok-500x306.jpg 500w, https:\/\/www.litoral.es\/guia-de-vacaciones\/wp-content\/uploads\/2016\/10\/mercado-ok-300x184.jpg 300w, https:\/\/www.litoral.es\/guia-de-vacaciones\/wp-content\/uploads\/2016\/10\/mercado-ok-750x459.jpg 750w, https:\/\/www.litoral.es\/guia-de-vacaciones\/wp-content\/uploads\/2016\/10\/mercado-ok-380x233.jpg 380w, https:\/\/www.litoral.es\/guia-de-vacaciones\/wp-content\/uploads\/2016\/10\/mercado-ok-310x190.jpg 310w, https:\/\/www.litoral.es\/guia-de-vacaciones\/wp-content\/uploads\/2016\/10\/mercado-ok-360x221.jpg 360w, https:\/\/www.litoral.es\/guia-de-vacaciones\/wp-content\/uploads\/2016\/10\/mercado-ok-260x159.jpg 260w\" sizes=\"(max-width: 1120px) 100vw, 1120px\" \/><\/p>\n","protected":false},"excerpt":{"rendered":"<p>\u00bfSab\u00edas que a Reus se la conoce como \u201cla ciudad de las compras de la Costa Dorada\u201d? Si te gusta ir de compras, en Reus lo vas a pasar genial, porque solo en su centro hist\u00f3rico tiene m\u00e1s de 600 tiendas esperando a que las descubras. Y en cuanto te des un paseo por ellas, [&#8230;]<\/p>\n<p><a class=\"understrap-read-more-link btn btn-outline-dark btn-sm\" href=\"https:\/\/www.litoral.es\/guia-de-vacaciones\/de-compras-por-reus\/\">Continue Reading&#8230;<\/a><\/p>\n","protected":false},"author":9,"featured_media":4651,"comment_status":"open","ping_status":"open","sticky":false,"template":"","format":"image","meta":{"footnotes":""},"categories":[55,256],"tags":[240,242,238,23,241,243,239,244],"yoast_head":"<!-- This site is optimized with the Yoast SEO plugin v20.2.1 - https:\/\/yoast.com\/wordpress\/plugins\/seo\/ -->\n<title>De compras por Reus: una ruta por las calles comerciales de la ciudad<\/title>\n<meta name=\"description\" content=\"En cuanto te des un paseo por ellas, entender\u00e1s por qu\u00e9 esta ciudad modernista es tambi\u00e9n famosa por sus comercios. Te llevamos de compras por Reus.\" \/>\n<meta name=\"robots\" content=\"index, follow, max-snippet:-1, max-image-preview:large, max-video-preview:-1\" \/>\n<link rel=\"canonical\" href=\"https:\/\/www.litoral.es\/guia-de-vacaciones\/de-compras-por-reus\/\" \/>\n<meta property=\"og:locale\" content=\"es_ES\" \/>\n<meta property=\"og:type\" content=\"article\" \/>\n<meta property=\"og:title\" content=\"De compras por Reus: una ruta por las calles comerciales de la ciudad\" \/>\n<meta property=\"og:description\" content=\"En cuanto te des un paseo por ellas, entender\u00e1s por qu\u00e9 esta ciudad modernista es tambi\u00e9n famosa por sus comercios. Te llevamos de compras por Reus.\" \/>\n<meta property=\"og:url\" content=\"https:\/\/www.litoral.es\/guia-de-vacaciones\/de-compras-por-reus\/\" \/>\n<meta property=\"og:site_name\" content=\"Litoral Costa Dorada Blog\" \/>\n<meta property=\"article:publisher\" content=\"https:\/\/www.facebook.com\/pages\/Litoral-Costa-Dorada\/461561627270721\" \/>\n<meta property=\"article:published_time\" content=\"2016-10-25T10:41:03+00:00\" \/>\n<meta property=\"article:modified_time\" content=\"2017-12-25T18:24:05+00:00\" \/>\n<meta property=\"og:image\" content=\"https:\/\/www.litoral.es\/guia-de-vacaciones\/wp-content\/uploads\/2016\/10\/compras-reusig.jpg\" \/>\n\t<meta property=\"og:image:width\" content=\"1280\" \/>\n\t<meta property=\"og:image:height\" content=\"853\" \/>\n\t<meta property=\"og:image:type\" content=\"image\/jpeg\" \/>\n<meta name=\"author\" content=\"Equipo Litoral\" \/>\n<meta name=\"twitter:label1\" content=\"Written by\" \/>\n\t<meta name=\"twitter:data1\" content=\"Equipo Litoral\" \/>\n\t<meta name=\"twitter:label2\" content=\"Est. reading time\" \/>\n\t<meta name=\"twitter:data2\" content=\"2 minutos\" \/>\n<script type=\"application\/ld+json\" class=\"yoast-schema-graph\">{\"@context\":\"https:\/\/schema.org\",\"@graph\":[{\"@type\":\"Article\",\"@id\":\"https:\/\/www.litoral.es\/guia-de-vacaciones\/de-compras-por-reus\/#article\",\"isPartOf\":{\"@id\":\"https:\/\/www.litoral.es\/guia-de-vacaciones\/de-compras-por-reus\/\"},\"author\":{\"name\":\"Equipo Litoral\",\"@id\":\"https:\/\/www.litoral.es\/guia-de-vacaciones\/#\/schema\/person\/2bf197ec65bc9a232842fa4ffa6b92f8\"},\"headline\":\"De compras por Reus\",\"datePublished\":\"2016-10-25T10:41:03+00:00\",\"dateModified\":\"2017-12-25T18:24:05+00:00\",\"mainEntityOfPage\":{\"@id\":\"https:\/\/www.litoral.es\/guia-de-vacaciones\/de-compras-por-reus\/\"},\"wordCount\":389,\"commentCount\":0,\"publisher\":{\"@id\":\"https:\/\/www.litoral.es\/guia-de-vacaciones\/#organization\"},\"keywords\":[\"calle comercial\",\"centro comercial\",\"compras\",\"costa dorada\",\"de compras por reus\",\"mercado\",\"reus\",\"reus modernista\"],\"articleSection\":[\"Planes\",\"Reus\"],\"inLanguage\":\"es\"},{\"@type\":\"WebPage\",\"@id\":\"https:\/\/www.litoral.es\/guia-de-vacaciones\/de-compras-por-reus\/\",\"url\":\"https:\/\/www.litoral.es\/guia-de-vacaciones\/de-compras-por-reus\/\",\"name\":\"De compras por Reus: una ruta por las calles comerciales de la ciudad\",\"isPartOf\":{\"@id\":\"https:\/\/www.litoral.es\/guia-de-vacaciones\/#website\"},\"datePublished\":\"2016-10-25T10:41:03+00:00\",\"dateModified\":\"2017-12-25T18:24:05+00:00\",\"description\":\"En cuanto te des un paseo por ellas, entender\u00e1s por qu\u00e9 esta ciudad modernista es tambi\u00e9n famosa por sus comercios. Te llevamos de compras por Reus.\",\"breadcrumb\":{\"@id\":\"https:\/\/www.litoral.es\/guia-de-vacaciones\/de-compras-por-reus\/#breadcrumb\"},\"inLanguage\":\"es\",\"potentialAction\":[{\"@type\":\"ReadAction\",\"target\":[\"https:\/\/www.litoral.es\/guia-de-vacaciones\/de-compras-por-reus\/\"]}]},{\"@type\":\"BreadcrumbList\",\"@id\":\"https:\/\/www.litoral.es\/guia-de-vacaciones\/de-compras-por-reus\/#breadcrumb\",\"itemListElement\":[{\"@type\":\"ListItem\",\"position\":1,\"name\":\"Home\",\"item\":\"https:\/\/www.litoral.es\/guia-de-vacaciones\/\"},{\"@type\":\"ListItem\",\"position\":2,\"name\":\"De compras por Reus\"}]},{\"@type\":\"WebSite\",\"@id\":\"https:\/\/www.litoral.es\/guia-de-vacaciones\/#website\",\"url\":\"https:\/\/www.litoral.es\/guia-de-vacaciones\/\",\"name\":\"Litoral Costa Dorada Blog\",\"description\":\"Alquiler y venta de alojamientos tur\u00edsticos en la Costa Dorada\",\"publisher\":{\"@id\":\"https:\/\/www.litoral.es\/guia-de-vacaciones\/#organization\"},\"potentialAction\":[{\"@type\":\"SearchAction\",\"target\":{\"@type\":\"EntryPoint\",\"urlTemplate\":\"https:\/\/www.litoral.es\/guia-de-vacaciones\/?s={search_term_string}\"},\"query-input\":\"required name=search_term_string\"}],\"inLanguage\":\"es\"},{\"@type\":\"Organization\",\"@id\":\"https:\/\/www.litoral.es\/guia-de-vacaciones\/#organization\",\"name\":\"Litoral Costa Dorada Blog\",\"url\":\"https:\/\/www.litoral.es\/guia-de-vacaciones\/\",\"logo\":{\"@type\":\"ImageObject\",\"inLanguage\":\"es\",\"@id\":\"https:\/\/www.litoral.es\/guia-de-vacaciones\/#\/schema\/logo\/image\/\",\"url\":\"https:\/\/www.litoral.es\/guia-de-vacaciones\/wp-content\/uploads\/2023\/11\/litoral_blog.png\",\"contentUrl\":\"https:\/\/www.litoral.es\/guia-de-vacaciones\/wp-content\/uploads\/2023\/11\/litoral_blog.png\",\"width\":1254,\"height\":221,\"caption\":\"Litoral Costa Dorada Blog\"},\"image\":{\"@id\":\"https:\/\/www.litoral.es\/guia-de-vacaciones\/#\/schema\/logo\/image\/\"},\"sameAs\":[\"https:\/\/www.facebook.com\/pages\/Litoral-Costa-Dorada\/461561627270721\"]},{\"@type\":\"Person\",\"@id\":\"https:\/\/www.litoral.es\/guia-de-vacaciones\/#\/schema\/person\/2bf197ec65bc9a232842fa4ffa6b92f8\",\"name\":\"Equipo Litoral\",\"image\":{\"@type\":\"ImageObject\",\"inLanguage\":\"es\",\"@id\":\"https:\/\/www.litoral.es\/guia-de-vacaciones\/#\/schema\/person\/image\/\",\"url\":\"https:\/\/secure.gravatar.com\/avatar\/de895944a3ff26c4d470d57377e71926?s=96&d=mm&r=g\",\"contentUrl\":\"https:\/\/secure.gravatar.com\/avatar\/de895944a3ff26c4d470d57377e71926?s=96&d=mm&r=g\",\"caption\":\"Equipo Litoral\"},\"description\":\"Somos unos apasionados de nuestra tierra y nuestras ra\u00edces. La Costa Dorada ofrece playas y calas v\u00edrgenes, una gran riqueza hist\u00f3rica y cultural, parques de atracciones, gastronom\u00eda y un clima privilegiado, que atraen cada a\u00f1o a millones de viajeros a nuestras costas. Y ah\u00ed estamos nosotros para ayudar a todo aquel que se anime a viajar hasta aqu\u00ed, con informaci\u00f3n detallada, curiosidades y consejos para que no os perd\u00e1is nada.\"}]}<\/script>\n<!-- \/ Yoast SEO plugin. -->","yoast_head_json":{"title":"De compras por Reus: una ruta por las calles comerciales de la ciudad","description":"En cuanto te des un paseo por ellas, entender\u00e1s por qu\u00e9 esta ciudad modernista es tambi\u00e9n famosa por sus comercios. Te llevamos de compras por Reus.","robots":{"index":"index","follow":"follow","max-snippet":"max-snippet:-1","max-image-preview":"max-image-preview:large","max-video-preview":"max-video-preview:-1"},"canonical":"https:\/\/www.litoral.es\/guia-de-vacaciones\/de-compras-por-reus\/","og_locale":"es_ES","og_type":"article","og_title":"De compras por Reus: una ruta por las calles comerciales de la ciudad","og_description":"En cuanto te des un paseo por ellas, entender\u00e1s por qu\u00e9 esta ciudad modernista es tambi\u00e9n famosa por sus comercios. Te llevamos de compras por Reus.","og_url":"https:\/\/www.litoral.es\/guia-de-vacaciones\/de-compras-por-reus\/","og_site_name":"Litoral Costa Dorada Blog","article_publisher":"https:\/\/www.facebook.com\/pages\/Litoral-Costa-Dorada\/461561627270721","article_published_time":"2016-10-25T10:41:03+00:00","article_modified_time":"2017-12-25T18:24:05+00:00","og_image":[{"width":1280,"height":853,"url":"https:\/\/www.litoral.es\/guia-de-vacaciones\/wp-content\/uploads\/2016\/10\/compras-reusig.jpg","type":"image\/jpeg"}],"author":"Equipo Litoral","twitter_misc":{"Written by":"Equipo Litoral","Est. reading time":"2 minutos"},"schema":{"@context":"https:\/\/schema.org","@graph":[{"@type":"Article","@id":"https:\/\/www.litoral.es\/guia-de-vacaciones\/de-compras-por-reus\/#article","isPartOf":{"@id":"https:\/\/www.litoral.es\/guia-de-vacaciones\/de-compras-por-reus\/"},"author":{"name":"Equipo Litoral","@id":"https:\/\/www.litoral.es\/guia-de-vacaciones\/#\/schema\/person\/2bf197ec65bc9a232842fa4ffa6b92f8"},"headline":"De compras por Reus","datePublished":"2016-10-25T10:41:03+00:00","dateModified":"2017-12-25T18:24:05+00:00","mainEntityOfPage":{"@id":"https:\/\/www.litoral.es\/guia-de-vacaciones\/de-compras-por-reus\/"},"wordCount":389,"commentCount":0,"publisher":{"@id":"https:\/\/www.litoral.es\/guia-de-vacaciones\/#organization"},"keywords":["calle comercial","centro comercial","compras","costa dorada","de compras por reus","mercado","reus","reus modernista"],"articleSection":["Planes","Reus"],"inLanguage":"es"},{"@type":"WebPage","@id":"https:\/\/www.litoral.es\/guia-de-vacaciones\/de-compras-por-reus\/","url":"https:\/\/www.litoral.es\/guia-de-vacaciones\/de-compras-por-reus\/","name":"De compras por Reus: una ruta por las calles comerciales de la ciudad","isPartOf":{"@id":"https:\/\/www.litoral.es\/guia-de-vacaciones\/#website"},"datePublished":"2016-10-25T10:41:03+00:00","dateModified":"2017-12-25T18:24:05+00:00","description":"En cuanto te des un paseo por ellas, entender\u00e1s por qu\u00e9 esta ciudad modernista es tambi\u00e9n famosa por sus comercios. Te llevamos de compras por Reus.","breadcrumb":{"@id":"https:\/\/www.litoral.es\/guia-de-vacaciones\/de-compras-por-reus\/#breadcrumb"},"inLanguage":"es","potentialAction":[{"@type":"ReadAction","target":["https:\/\/www.litoral.es\/guia-de-vacaciones\/de-compras-por-reus\/"]}]},{"@type":"BreadcrumbList","@id":"https:\/\/www.litoral.es\/guia-de-vacaciones\/de-compras-por-reus\/#breadcrumb","itemListElement":[{"@type":"ListItem","position":1,"name":"Home","item":"https:\/\/www.litoral.es\/guia-de-vacaciones\/"},{"@type":"ListItem","position":2,"name":"De compras por Reus"}]},{"@type":"WebSite","@id":"https:\/\/www.litoral.es\/guia-de-vacaciones\/#website","url":"https:\/\/www.litoral.es\/guia-de-vacaciones\/","name":"Litoral Costa Dorada Blog","description":"Alquiler y venta de alojamientos tur\u00edsticos en la Costa Dorada","publisher":{"@id":"https:\/\/www.litoral.es\/guia-de-vacaciones\/#organization"},"potentialAction":[{"@type":"SearchAction","target":{"@type":"EntryPoint","urlTemplate":"https:\/\/www.litoral.es\/guia-de-vacaciones\/?s={search_term_string}"},"query-input":"required name=search_term_string"}],"inLanguage":"es"},{"@type":"Organization","@id":"https:\/\/www.litoral.es\/guia-de-vacaciones\/#organization","name":"Litoral Costa Dorada Blog","url":"https:\/\/www.litoral.es\/guia-de-vacaciones\/","logo":{"@type":"ImageObject","inLanguage":"es","@id":"https:\/\/www.litoral.es\/guia-de-vacaciones\/#\/schema\/logo\/image\/","url":"https:\/\/www.litoral.es\/guia-de-vacaciones\/wp-content\/uploads\/2023\/11\/litoral_blog.png","contentUrl":"https:\/\/www.litoral.es\/guia-de-vacaciones\/wp-content\/uploads\/2023\/11\/litoral_blog.png","width":1254,"height":221,"caption":"Litoral Costa Dorada Blog"},"image":{"@id":"https:\/\/www.litoral.es\/guia-de-vacaciones\/#\/schema\/logo\/image\/"},"sameAs":["https:\/\/www.facebook.com\/pages\/Litoral-Costa-Dorada\/461561627270721"]},{"@type":"Person","@id":"https:\/\/www.litoral.es\/guia-de-vacaciones\/#\/schema\/person\/2bf197ec65bc9a232842fa4ffa6b92f8","name":"Equipo Litoral","image":{"@type":"ImageObject","inLanguage":"es","@id":"https:\/\/www.litoral.es\/guia-de-vacaciones\/#\/schema\/person\/image\/","url":"https:\/\/secure.gravatar.com\/avatar\/de895944a3ff26c4d470d57377e71926?s=96&d=mm&r=g","contentUrl":"https:\/\/secure.gravatar.com\/avatar\/de895944a3ff26c4d470d57377e71926?s=96&d=mm&r=g","caption":"Equipo Litoral"},"description":"Somos unos apasionados de nuestra tierra y nuestras ra\u00edces. La Costa Dorada ofrece playas y calas v\u00edrgenes, una gran riqueza hist\u00f3rica y cultural, parques de atracciones, gastronom\u00eda y un clima privilegiado, que atraen cada a\u00f1o a millones de viajeros a nuestras costas. Y ah\u00ed estamos nosotros para ayudar a todo aquel que se anime a viajar hasta aqu\u00ed, con informaci\u00f3n detallada, curiosidades y consejos para que no os perd\u00e1is nada."}]}},"_links":{"self":[{"href":"https:\/\/www.litoral.es\/guia-de-vacaciones\/wp-json\/wp\/v2\/posts\/4633"}],"collection":[{"href":"https:\/\/www.litoral.es\/guia-de-vacaciones\/wp-json\/wp\/v2\/posts"}],"about":[{"href":"https:\/\/www.litoral.es\/guia-de-vacaciones\/wp-json\/wp\/v2\/types\/post"}],"author":[{"embeddable":true,"href":"https:\/\/www.litoral.es\/guia-de-vacaciones\/wp-json\/wp\/v2\/users\/9"}],"replies":[{"embeddable":true,"href":"https:\/\/www.litoral.es\/guia-de-vacaciones\/wp-json\/wp\/v2\/comments?post=4633"}],"version-history":[{"count":9,"href":"https:\/\/www.litoral.es\/guia-de-vacaciones\/wp-json\/wp\/v2\/posts\/4633\/revisions"}],"predecessor-version":[{"id":7139,"href":"https:\/\/www.litoral.es\/guia-de-vacaciones\/wp-json\/wp\/v2\/posts\/4633\/revisions\/7139"}],"wp:featuredmedia":[{"embeddable":true,"href":"https:\/\/www.litoral.es\/guia-de-vacaciones\/wp-json\/wp\/v2\/media\/4651"}],"wp:attachment":[{"href":"https:\/\/www.litoral.es\/guia-de-vacaciones\/wp-json\/wp\/v2\/media?parent=4633"}],"wp:term":[{"taxonomy":"category","embeddable":true,"href":"https:\/\/www.litoral.es\/guia-de-vacaciones\/wp-json\/wp\/v2\/categories?post=4633"},{"taxonomy":"post_tag","embeddable":true,"href":"https:\/\/www.litoral.es\/guia-de-vacaciones\/wp-json\/wp\/v2\/tags?post=4633"}],"curies":[{"name":"wp","href":"https:\/\/api.w.org\/{rel}","templated":true}]}}