{"id":4801,"date":"2016-11-05T10:25:58","date_gmt":"2016-11-05T09:25:58","guid":{"rendered":"https:\/\/www.litoral.es\/guia-de-vacaciones\/?p=4801"},"modified":"2016-11-15T09:15:15","modified_gmt":"2016-11-15T08:15:15","slug":"montana-setas-tradicion-catalana","status":"publish","type":"post","link":"https:\/\/www.litoral.es\/guia-de-vacaciones\/montana-setas-tradicion-catalana\/","title":{"rendered":"Una tradici\u00f3n muy catalana: \u00a1nos vamos a por setas a la monta\u00f1a!"},"content":{"rendered":"<p>\u00a1Llega el oto\u00f1o y llega la temporada de setas! Aqu\u00ed en Catalu\u00f1a, nos gusta casi tanto salir a buscar setas como comerlas. Es una tradici\u00f3n muy t\u00edpica que adem\u00e1s sirve de excusa para salir a caminar por la monta\u00f1a y disfrutar de los paisajes y del aire fresco. \u00bfTe animas a probar?<\/p>\n<figure id=\"attachment_4802\" aria-describedby=\"caption-attachment-4802\" style=\"width: 1000px\" class=\"wp-caption aligncenter\"><img loading=\"lazy\" decoding=\"async\" class=\"wp-image-4802 size-full\" title=\"monta\u00f1a\" src=\"https:\/\/www.litoral.es\/guia-de-vacaciones\/wp-content\/uploads\/2016\/11\/rsz_setas_costa_dorada.jpg\" alt=\"monta\u00f1a\" width=\"1000\" height=\"667\" srcset=\"https:\/\/www.litoral.es\/guia-de-vacaciones\/wp-content\/uploads\/2016\/11\/rsz_setas_costa_dorada.jpg 1000w, https:\/\/www.litoral.es\/guia-de-vacaciones\/wp-content\/uploads\/2016\/11\/rsz_setas_costa_dorada-250x167.jpg 250w, https:\/\/www.litoral.es\/guia-de-vacaciones\/wp-content\/uploads\/2016\/11\/rsz_setas_costa_dorada-768x512.jpg 768w, https:\/\/www.litoral.es\/guia-de-vacaciones\/wp-content\/uploads\/2016\/11\/rsz_setas_costa_dorada-500x334.jpg 500w, https:\/\/www.litoral.es\/guia-de-vacaciones\/wp-content\/uploads\/2016\/11\/rsz_setas_costa_dorada-300x200.jpg 300w, https:\/\/www.litoral.es\/guia-de-vacaciones\/wp-content\/uploads\/2016\/11\/rsz_setas_costa_dorada-750x500.jpg 750w, https:\/\/www.litoral.es\/guia-de-vacaciones\/wp-content\/uploads\/2016\/11\/rsz_setas_costa_dorada-380x253.jpg 380w, https:\/\/www.litoral.es\/guia-de-vacaciones\/wp-content\/uploads\/2016\/11\/rsz_setas_costa_dorada-310x207.jpg 310w, https:\/\/www.litoral.es\/guia-de-vacaciones\/wp-content\/uploads\/2016\/11\/rsz_setas_costa_dorada-360x240.jpg 360w, https:\/\/www.litoral.es\/guia-de-vacaciones\/wp-content\/uploads\/2016\/11\/rsz_setas_costa_dorada-260x173.jpg 260w\" sizes=\"(max-width: 1000px) 100vw, 1000px\" \/><figcaption id=\"caption-attachment-4802\" class=\"wp-caption-text\">Setas Costa Dorada<\/figcaption><\/figure>\n<p>Antes de que te lances al monte, vamos a compartir un par de <strong>consejos b\u00e1sicos para ser un buen cazador de setas<\/strong>.<\/p>\n<h2>Consejos para ir a buscar setas<\/h2>\n<p>El primero es que utilices un cuchillo o una navaja para cortar las setas. No las arranques de ra\u00edz, ya que con ello estar\u00e1s impidiendo su reproducci\u00f3n.<\/p>\n<p>Tambi\u00e9n es preferible que lleves en un cesto las setas que recojas, en lugar de hacerlo en una bolsa de pl\u00e1stico. No s\u00f3lo se conservar\u00e1n mejor, sino que adem\u00e1s permitir\u00e1s que las esporas puedan ir cayendo por el bosque para contribuir a que el pr\u00f3ximo a\u00f1o siga habiendo muchas setas en la zona.<\/p>\n<p>Y aunque sobre decirlo, <strong>respeta el entorno<\/strong> y ante la m\u00ednima duda sobre si una seta es comestible o no, \u00a1no la recojas! Es mejor limitarse a las variedades que sepamos identificar y ahorrarnos posibles disgustos.<\/p>\n<figure id=\"attachment_4803\" aria-describedby=\"caption-attachment-4803\" style=\"width: 1024px\" class=\"wp-caption aligncenter\"><img loading=\"lazy\" decoding=\"async\" class=\"wp-image-4803 size-full\" title=\"monta\u00f1a\" src=\"https:\/\/www.litoral.es\/guia-de-vacaciones\/wp-content\/uploads\/2016\/11\/rsz_setas_costada_dorada_2.jpg\" alt=\"monta\u00f1a\" width=\"1024\" height=\"680\" srcset=\"https:\/\/www.litoral.es\/guia-de-vacaciones\/wp-content\/uploads\/2016\/11\/rsz_setas_costada_dorada_2.jpg 1024w, https:\/\/www.litoral.es\/guia-de-vacaciones\/wp-content\/uploads\/2016\/11\/rsz_setas_costada_dorada_2-250x166.jpg 250w, https:\/\/www.litoral.es\/guia-de-vacaciones\/wp-content\/uploads\/2016\/11\/rsz_setas_costada_dorada_2-768x510.jpg 768w, https:\/\/www.litoral.es\/guia-de-vacaciones\/wp-content\/uploads\/2016\/11\/rsz_setas_costada_dorada_2-500x332.jpg 500w, https:\/\/www.litoral.es\/guia-de-vacaciones\/wp-content\/uploads\/2016\/11\/rsz_setas_costada_dorada_2-300x199.jpg 300w, https:\/\/www.litoral.es\/guia-de-vacaciones\/wp-content\/uploads\/2016\/11\/rsz_setas_costada_dorada_2-750x498.jpg 750w, https:\/\/www.litoral.es\/guia-de-vacaciones\/wp-content\/uploads\/2016\/11\/rsz_setas_costada_dorada_2-380x252.jpg 380w, https:\/\/www.litoral.es\/guia-de-vacaciones\/wp-content\/uploads\/2016\/11\/rsz_setas_costada_dorada_2-310x206.jpg 310w, https:\/\/www.litoral.es\/guia-de-vacaciones\/wp-content\/uploads\/2016\/11\/rsz_setas_costada_dorada_2-360x239.jpg 360w, https:\/\/www.litoral.es\/guia-de-vacaciones\/wp-content\/uploads\/2016\/11\/rsz_setas_costada_dorada_2-260x173.jpg 260w\" sizes=\"(max-width: 1024px) 100vw, 1024px\" \/><figcaption id=\"caption-attachment-4803\" class=\"wp-caption-text\">Setas Costa Dorada<\/figcaption><\/figure>\n<h2><strong>Zonas de monta\u00f1a para ir a buscar setas<\/strong><\/h2>\n<p>Ahora s\u00ed, vamos a ver algunas de las <strong>zonas para ir a buscar setas<\/strong> en la Costa Dorada y sus alrededores\u2026 Una de nuestras zonas de monta\u00f1a\u00a0preferidas es el Parque Natural dels Ports de Beseit. Es una zona en la que encontrar\u00e1s n\u00edscalos, <em>camagrocs<\/em> o rebozuelos, entre otras especies. Las monta\u00f1as de Prades tambi\u00e9n tienen muchos rincones sombr\u00edos en los que crecen setas. Uno de los m\u00e1s interesantes es en la zona de la Mussara donde abundan los n\u00edscalos, las llanegas y los <em>fredolics<\/em>.<\/p>\n<figure id=\"attachment_4804\" aria-describedby=\"caption-attachment-4804\" style=\"width: 1000px\" class=\"wp-caption aligncenter\"><img loading=\"lazy\" decoding=\"async\" class=\"wp-image-4804 size-full\" title=\"monta\u00f1a\" src=\"https:\/\/www.litoral.es\/guia-de-vacaciones\/wp-content\/uploads\/2016\/11\/rsz_setas_costa_dorada_1.jpg\" alt=\"monta\u00f1a\" width=\"1000\" height=\"933\" srcset=\"https:\/\/www.litoral.es\/guia-de-vacaciones\/wp-content\/uploads\/2016\/11\/rsz_setas_costa_dorada_1.jpg 1000w, https:\/\/www.litoral.es\/guia-de-vacaciones\/wp-content\/uploads\/2016\/11\/rsz_setas_costa_dorada_1-250x233.jpg 250w, https:\/\/www.litoral.es\/guia-de-vacaciones\/wp-content\/uploads\/2016\/11\/rsz_setas_costa_dorada_1-768x717.jpg 768w, https:\/\/www.litoral.es\/guia-de-vacaciones\/wp-content\/uploads\/2016\/11\/rsz_setas_costa_dorada_1-500x467.jpg 500w, https:\/\/www.litoral.es\/guia-de-vacaciones\/wp-content\/uploads\/2016\/11\/rsz_setas_costa_dorada_1-300x280.jpg 300w, https:\/\/www.litoral.es\/guia-de-vacaciones\/wp-content\/uploads\/2016\/11\/rsz_setas_costa_dorada_1-750x700.jpg 750w, https:\/\/www.litoral.es\/guia-de-vacaciones\/wp-content\/uploads\/2016\/11\/rsz_setas_costa_dorada_1-380x355.jpg 380w, https:\/\/www.litoral.es\/guia-de-vacaciones\/wp-content\/uploads\/2016\/11\/rsz_setas_costa_dorada_1-310x289.jpg 310w, https:\/\/www.litoral.es\/guia-de-vacaciones\/wp-content\/uploads\/2016\/11\/rsz_setas_costa_dorada_1-360x336.jpg 360w, https:\/\/www.litoral.es\/guia-de-vacaciones\/wp-content\/uploads\/2016\/11\/rsz_setas_costa_dorada_1-260x243.jpg 260w\" sizes=\"(max-width: 1000px) 100vw, 1000px\" \/><figcaption id=\"caption-attachment-4804\" class=\"wp-caption-text\">Setas Costa Dorada<\/figcaption><\/figure>\n<p>Tambi\u00e9n es f\u00e1cil encontrar setas en los Bosques de Poblet, <a href=\"https:\/\/es.wikipedia.org\/wiki\/Vimbod%C3%AD\">Vimbod\u00ed<\/a> y l\u2019Espluga de Francol\u00ed. Sin embargo, si vas a recoger setas en esta zona, ten en cuenta que necesitas sacarte una acreditaci\u00f3n para ello. De lo contrario, podr\u00edan multarte.<\/p>\n<p>\u00a1Suerte con la b\u00fasqueda!<\/p>\n","protected":false},"excerpt":{"rendered":"<p>\u00a1Llega el oto\u00f1o y llega la temporada de setas! Aqu\u00ed en Catalu\u00f1a, nos gusta casi tanto salir a buscar setas como comerlas. Es una tradici\u00f3n muy t\u00edpica que adem\u00e1s sirve de excusa para salir a caminar por la monta\u00f1a y disfrutar de los paisajes y del aire fresco. \u00bfTe animas a probar? Antes de que [&#8230;]<\/p>\n<p><a class=\"understrap-read-more-link btn btn-outline-dark btn-sm\" href=\"https:\/\/www.litoral.es\/guia-de-vacaciones\/montana-setas-tradicion-catalana\/\">Continue Reading&#8230;<\/a><\/p>\n","protected":false},"author":9,"featured_media":4805,"comment_status":"open","ping_status":"open","sticky":false,"template":"","format":"image","meta":{"footnotes":""},"categories":[55],"tags":[],"yoast_head":"<!-- This site is optimized with the Yoast SEO plugin v20.2.1 - https:\/\/yoast.com\/wordpress\/plugins\/seo\/ -->\n<title>Monta\u00f1a: ir a buscar setas es una tradici\u00f3n muy catalana<\/title>\n<meta name=\"description\" content=\"\u00a1Llega el oto\u00f1o y llega la temporada de setas! Aqu\u00ed en Catalu\u00f1a, nos gusta casi tanto salir a buscar setas a la monta\u00f1a como comerlas.\" \/>\n<meta name=\"robots\" content=\"index, follow, max-snippet:-1, max-image-preview:large, max-video-preview:-1\" \/>\n<link rel=\"canonical\" href=\"https:\/\/www.litoral.es\/guia-de-vacaciones\/montana-setas-tradicion-catalana\/\" \/>\n<meta property=\"og:locale\" content=\"es_ES\" \/>\n<meta property=\"og:type\" content=\"article\" \/>\n<meta property=\"og:title\" content=\"Monta\u00f1a: ir a buscar setas es una tradici\u00f3n muy catalana\" \/>\n<meta property=\"og:description\" content=\"\u00a1Llega el oto\u00f1o y llega la temporada de setas! Aqu\u00ed en Catalu\u00f1a, nos gusta casi tanto salir a buscar setas a la monta\u00f1a como comerlas.\" \/>\n<meta property=\"og:url\" content=\"https:\/\/www.litoral.es\/guia-de-vacaciones\/montana-setas-tradicion-catalana\/\" \/>\n<meta property=\"og:site_name\" content=\"Litoral Costa Dorada Blog\" \/>\n<meta property=\"article:publisher\" content=\"https:\/\/www.facebook.com\/pages\/Litoral-Costa-Dorada\/461561627270721\" \/>\n<meta property=\"article:published_time\" content=\"2016-11-05T09:25:58+00:00\" \/>\n<meta property=\"article:modified_time\" content=\"2016-11-15T08:15:15+00:00\" \/>\n<meta property=\"og:image\" content=\"https:\/\/www.litoral.es\/guia-de-vacaciones\/wp-content\/uploads\/2016\/11\/rsz_1setas_costa_dorada_1.jpg\" \/>\n\t<meta property=\"og:image:width\" content=\"1000\" \/>\n\t<meta property=\"og:image:height\" content=\"933\" \/>\n\t<meta property=\"og:image:type\" content=\"image\/jpeg\" \/>\n<meta name=\"author\" content=\"Equipo Litoral\" \/>\n<meta name=\"twitter:label1\" content=\"Written by\" \/>\n\t<meta name=\"twitter:data1\" content=\"Equipo Litoral\" \/>\n\t<meta name=\"twitter:label2\" content=\"Est. reading time\" \/>\n\t<meta name=\"twitter:data2\" content=\"2 minutos\" \/>\n<script type=\"application\/ld+json\" class=\"yoast-schema-graph\">{\"@context\":\"https:\/\/schema.org\",\"@graph\":[{\"@type\":\"Article\",\"@id\":\"https:\/\/www.litoral.es\/guia-de-vacaciones\/montana-setas-tradicion-catalana\/#article\",\"isPartOf\":{\"@id\":\"https:\/\/www.litoral.es\/guia-de-vacaciones\/montana-setas-tradicion-catalana\/\"},\"author\":{\"name\":\"Equipo Litoral\",\"@id\":\"https:\/\/www.litoral.es\/guia-de-vacaciones\/#\/schema\/person\/2bf197ec65bc9a232842fa4ffa6b92f8\"},\"headline\":\"Una tradici\u00f3n muy catalana: \u00a1nos vamos a por setas a la monta\u00f1a!\",\"datePublished\":\"2016-11-05T09:25:58+00:00\",\"dateModified\":\"2016-11-15T08:15:15+00:00\",\"mainEntityOfPage\":{\"@id\":\"https:\/\/www.litoral.es\/guia-de-vacaciones\/montana-setas-tradicion-catalana\/\"},\"wordCount\":411,\"commentCount\":0,\"publisher\":{\"@id\":\"https:\/\/www.litoral.es\/guia-de-vacaciones\/#organization\"},\"articleSection\":[\"Planes\"],\"inLanguage\":\"es\"},{\"@type\":\"WebPage\",\"@id\":\"https:\/\/www.litoral.es\/guia-de-vacaciones\/montana-setas-tradicion-catalana\/\",\"url\":\"https:\/\/www.litoral.es\/guia-de-vacaciones\/montana-setas-tradicion-catalana\/\",\"name\":\"Monta\u00f1a: ir a buscar setas es una tradici\u00f3n muy catalana\",\"isPartOf\":{\"@id\":\"https:\/\/www.litoral.es\/guia-de-vacaciones\/#website\"},\"datePublished\":\"2016-11-05T09:25:58+00:00\",\"dateModified\":\"2016-11-15T08:15:15+00:00\",\"description\":\"\u00a1Llega el oto\u00f1o y llega la temporada de setas! Aqu\u00ed en Catalu\u00f1a, nos gusta casi tanto salir a buscar setas a la monta\u00f1a como comerlas.\",\"breadcrumb\":{\"@id\":\"https:\/\/www.litoral.es\/guia-de-vacaciones\/montana-setas-tradicion-catalana\/#breadcrumb\"},\"inLanguage\":\"es\",\"potentialAction\":[{\"@type\":\"ReadAction\",\"target\":[\"https:\/\/www.litoral.es\/guia-de-vacaciones\/montana-setas-tradicion-catalana\/\"]}]},{\"@type\":\"BreadcrumbList\",\"@id\":\"https:\/\/www.litoral.es\/guia-de-vacaciones\/montana-setas-tradicion-catalana\/#breadcrumb\",\"itemListElement\":[{\"@type\":\"ListItem\",\"position\":1,\"name\":\"Home\",\"item\":\"https:\/\/www.litoral.es\/guia-de-vacaciones\/\"},{\"@type\":\"ListItem\",\"position\":2,\"name\":\"Una tradici\u00f3n muy catalana: \u00a1nos vamos a por setas a la monta\u00f1a!\"}]},{\"@type\":\"WebSite\",\"@id\":\"https:\/\/www.litoral.es\/guia-de-vacaciones\/#website\",\"url\":\"https:\/\/www.litoral.es\/guia-de-vacaciones\/\",\"name\":\"Litoral Costa Dorada Blog\",\"description\":\"Alquiler y venta de alojamientos tur\u00edsticos en la Costa Dorada\",\"publisher\":{\"@id\":\"https:\/\/www.litoral.es\/guia-de-vacaciones\/#organization\"},\"potentialAction\":[{\"@type\":\"SearchAction\",\"target\":{\"@type\":\"EntryPoint\",\"urlTemplate\":\"https:\/\/www.litoral.es\/guia-de-vacaciones\/?s={search_term_string}\"},\"query-input\":\"required name=search_term_string\"}],\"inLanguage\":\"es\"},{\"@type\":\"Organization\",\"@id\":\"https:\/\/www.litoral.es\/guia-de-vacaciones\/#organization\",\"name\":\"Litoral Costa Dorada Blog\",\"url\":\"https:\/\/www.litoral.es\/guia-de-vacaciones\/\",\"logo\":{\"@type\":\"ImageObject\",\"inLanguage\":\"es\",\"@id\":\"https:\/\/www.litoral.es\/guia-de-vacaciones\/#\/schema\/logo\/image\/\",\"url\":\"https:\/\/www.litoral.es\/guia-de-vacaciones\/wp-content\/uploads\/2023\/11\/litoral_blog.png\",\"contentUrl\":\"https:\/\/www.litoral.es\/guia-de-vacaciones\/wp-content\/uploads\/2023\/11\/litoral_blog.png\",\"width\":1254,\"height\":221,\"caption\":\"Litoral Costa Dorada Blog\"},\"image\":{\"@id\":\"https:\/\/www.litoral.es\/guia-de-vacaciones\/#\/schema\/logo\/image\/\"},\"sameAs\":[\"https:\/\/www.facebook.com\/pages\/Litoral-Costa-Dorada\/461561627270721\"]},{\"@type\":\"Person\",\"@id\":\"https:\/\/www.litoral.es\/guia-de-vacaciones\/#\/schema\/person\/2bf197ec65bc9a232842fa4ffa6b92f8\",\"name\":\"Equipo Litoral\",\"image\":{\"@type\":\"ImageObject\",\"inLanguage\":\"es\",\"@id\":\"https:\/\/www.litoral.es\/guia-de-vacaciones\/#\/schema\/person\/image\/\",\"url\":\"https:\/\/secure.gravatar.com\/avatar\/de895944a3ff26c4d470d57377e71926?s=96&d=mm&r=g\",\"contentUrl\":\"https:\/\/secure.gravatar.com\/avatar\/de895944a3ff26c4d470d57377e71926?s=96&d=mm&r=g\",\"caption\":\"Equipo Litoral\"},\"description\":\"Somos unos apasionados de nuestra tierra y nuestras ra\u00edces. La Costa Dorada ofrece playas y calas v\u00edrgenes, una gran riqueza hist\u00f3rica y cultural, parques de atracciones, gastronom\u00eda y un clima privilegiado, que atraen cada a\u00f1o a millones de viajeros a nuestras costas. Y ah\u00ed estamos nosotros para ayudar a todo aquel que se anime a viajar hasta aqu\u00ed, con informaci\u00f3n detallada, curiosidades y consejos para que no os perd\u00e1is nada.\"}]}<\/script>\n<!-- \/ Yoast SEO plugin. -->","yoast_head_json":{"title":"Monta\u00f1a: ir a buscar setas es una tradici\u00f3n muy catalana","description":"\u00a1Llega el oto\u00f1o y llega la temporada de setas! Aqu\u00ed en Catalu\u00f1a, nos gusta casi tanto salir a buscar setas a la monta\u00f1a como comerlas.","robots":{"index":"index","follow":"follow","max-snippet":"max-snippet:-1","max-image-preview":"max-image-preview:large","max-video-preview":"max-video-preview:-1"},"canonical":"https:\/\/www.litoral.es\/guia-de-vacaciones\/montana-setas-tradicion-catalana\/","og_locale":"es_ES","og_type":"article","og_title":"Monta\u00f1a: ir a buscar setas es una tradici\u00f3n muy catalana","og_description":"\u00a1Llega el oto\u00f1o y llega la temporada de setas! Aqu\u00ed en Catalu\u00f1a, nos gusta casi tanto salir a buscar setas a la monta\u00f1a como comerlas.","og_url":"https:\/\/www.litoral.es\/guia-de-vacaciones\/montana-setas-tradicion-catalana\/","og_site_name":"Litoral Costa Dorada Blog","article_publisher":"https:\/\/www.facebook.com\/pages\/Litoral-Costa-Dorada\/461561627270721","article_published_time":"2016-11-05T09:25:58+00:00","article_modified_time":"2016-11-15T08:15:15+00:00","og_image":[{"width":1000,"height":933,"url":"https:\/\/www.litoral.es\/guia-de-vacaciones\/wp-content\/uploads\/2016\/11\/rsz_1setas_costa_dorada_1.jpg","type":"image\/jpeg"}],"author":"Equipo Litoral","twitter_misc":{"Written by":"Equipo Litoral","Est. reading time":"2 minutos"},"schema":{"@context":"https:\/\/schema.org","@graph":[{"@type":"Article","@id":"https:\/\/www.litoral.es\/guia-de-vacaciones\/montana-setas-tradicion-catalana\/#article","isPartOf":{"@id":"https:\/\/www.litoral.es\/guia-de-vacaciones\/montana-setas-tradicion-catalana\/"},"author":{"name":"Equipo Litoral","@id":"https:\/\/www.litoral.es\/guia-de-vacaciones\/#\/schema\/person\/2bf197ec65bc9a232842fa4ffa6b92f8"},"headline":"Una tradici\u00f3n muy catalana: \u00a1nos vamos a por setas a la monta\u00f1a!","datePublished":"2016-11-05T09:25:58+00:00","dateModified":"2016-11-15T08:15:15+00:00","mainEntityOfPage":{"@id":"https:\/\/www.litoral.es\/guia-de-vacaciones\/montana-setas-tradicion-catalana\/"},"wordCount":411,"commentCount":0,"publisher":{"@id":"https:\/\/www.litoral.es\/guia-de-vacaciones\/#organization"},"articleSection":["Planes"],"inLanguage":"es"},{"@type":"WebPage","@id":"https:\/\/www.litoral.es\/guia-de-vacaciones\/montana-setas-tradicion-catalana\/","url":"https:\/\/www.litoral.es\/guia-de-vacaciones\/montana-setas-tradicion-catalana\/","name":"Monta\u00f1a: ir a buscar setas es una tradici\u00f3n muy catalana","isPartOf":{"@id":"https:\/\/www.litoral.es\/guia-de-vacaciones\/#website"},"datePublished":"2016-11-05T09:25:58+00:00","dateModified":"2016-11-15T08:15:15+00:00","description":"\u00a1Llega el oto\u00f1o y llega la temporada de setas! Aqu\u00ed en Catalu\u00f1a, nos gusta casi tanto salir a buscar setas a la monta\u00f1a como comerlas.","breadcrumb":{"@id":"https:\/\/www.litoral.es\/guia-de-vacaciones\/montana-setas-tradicion-catalana\/#breadcrumb"},"inLanguage":"es","potentialAction":[{"@type":"ReadAction","target":["https:\/\/www.litoral.es\/guia-de-vacaciones\/montana-setas-tradicion-catalana\/"]}]},{"@type":"BreadcrumbList","@id":"https:\/\/www.litoral.es\/guia-de-vacaciones\/montana-setas-tradicion-catalana\/#breadcrumb","itemListElement":[{"@type":"ListItem","position":1,"name":"Home","item":"https:\/\/www.litoral.es\/guia-de-vacaciones\/"},{"@type":"ListItem","position":2,"name":"Una tradici\u00f3n muy catalana: \u00a1nos vamos a por setas a la monta\u00f1a!"}]},{"@type":"WebSite","@id":"https:\/\/www.litoral.es\/guia-de-vacaciones\/#website","url":"https:\/\/www.litoral.es\/guia-de-vacaciones\/","name":"Litoral Costa Dorada Blog","description":"Alquiler y venta de alojamientos tur\u00edsticos en la Costa Dorada","publisher":{"@id":"https:\/\/www.litoral.es\/guia-de-vacaciones\/#organization"},"potentialAction":[{"@type":"SearchAction","target":{"@type":"EntryPoint","urlTemplate":"https:\/\/www.litoral.es\/guia-de-vacaciones\/?s={search_term_string}"},"query-input":"required name=search_term_string"}],"inLanguage":"es"},{"@type":"Organization","@id":"https:\/\/www.litoral.es\/guia-de-vacaciones\/#organization","name":"Litoral Costa Dorada Blog","url":"https:\/\/www.litoral.es\/guia-de-vacaciones\/","logo":{"@type":"ImageObject","inLanguage":"es","@id":"https:\/\/www.litoral.es\/guia-de-vacaciones\/#\/schema\/logo\/image\/","url":"https:\/\/www.litoral.es\/guia-de-vacaciones\/wp-content\/uploads\/2023\/11\/litoral_blog.png","contentUrl":"https:\/\/www.litoral.es\/guia-de-vacaciones\/wp-content\/uploads\/2023\/11\/litoral_blog.png","width":1254,"height":221,"caption":"Litoral Costa Dorada Blog"},"image":{"@id":"https:\/\/www.litoral.es\/guia-de-vacaciones\/#\/schema\/logo\/image\/"},"sameAs":["https:\/\/www.facebook.com\/pages\/Litoral-Costa-Dorada\/461561627270721"]},{"@type":"Person","@id":"https:\/\/www.litoral.es\/guia-de-vacaciones\/#\/schema\/person\/2bf197ec65bc9a232842fa4ffa6b92f8","name":"Equipo Litoral","image":{"@type":"ImageObject","inLanguage":"es","@id":"https:\/\/www.litoral.es\/guia-de-vacaciones\/#\/schema\/person\/image\/","url":"https:\/\/secure.gravatar.com\/avatar\/de895944a3ff26c4d470d57377e71926?s=96&d=mm&r=g","contentUrl":"https:\/\/secure.gravatar.com\/avatar\/de895944a3ff26c4d470d57377e71926?s=96&d=mm&r=g","caption":"Equipo Litoral"},"description":"Somos unos apasionados de nuestra tierra y nuestras ra\u00edces. La Costa Dorada ofrece playas y calas v\u00edrgenes, una gran riqueza hist\u00f3rica y cultural, parques de atracciones, gastronom\u00eda y un clima privilegiado, que atraen cada a\u00f1o a millones de viajeros a nuestras costas. Y ah\u00ed estamos nosotros para ayudar a todo aquel que se anime a viajar hasta aqu\u00ed, con informaci\u00f3n detallada, curiosidades y consejos para que no os perd\u00e1is nada."}]}},"_links":{"self":[{"href":"https:\/\/www.litoral.es\/guia-de-vacaciones\/wp-json\/wp\/v2\/posts\/4801"}],"collection":[{"href":"https:\/\/www.litoral.es\/guia-de-vacaciones\/wp-json\/wp\/v2\/posts"}],"about":[{"href":"https:\/\/www.litoral.es\/guia-de-vacaciones\/wp-json\/wp\/v2\/types\/post"}],"author":[{"embeddable":true,"href":"https:\/\/www.litoral.es\/guia-de-vacaciones\/wp-json\/wp\/v2\/users\/9"}],"replies":[{"embeddable":true,"href":"https:\/\/www.litoral.es\/guia-de-vacaciones\/wp-json\/wp\/v2\/comments?post=4801"}],"version-history":[{"count":5,"href":"https:\/\/www.litoral.es\/guia-de-vacaciones\/wp-json\/wp\/v2\/posts\/4801\/revisions"}],"predecessor-version":[{"id":4945,"href":"https:\/\/www.litoral.es\/guia-de-vacaciones\/wp-json\/wp\/v2\/posts\/4801\/revisions\/4945"}],"wp:featuredmedia":[{"embeddable":true,"href":"https:\/\/www.litoral.es\/guia-de-vacaciones\/wp-json\/wp\/v2\/media\/4805"}],"wp:attachment":[{"href":"https:\/\/www.litoral.es\/guia-de-vacaciones\/wp-json\/wp\/v2\/media?parent=4801"}],"wp:term":[{"taxonomy":"category","embeddable":true,"href":"https:\/\/www.litoral.es\/guia-de-vacaciones\/wp-json\/wp\/v2\/categories?post=4801"},{"taxonomy":"post_tag","embeddable":true,"href":"https:\/\/www.litoral.es\/guia-de-vacaciones\/wp-json\/wp\/v2\/tags?post=4801"}],"curies":[{"name":"wp","href":"https:\/\/api.w.org\/{rel}","templated":true}]}}