{"id":5082,"date":"2016-11-29T11:00:57","date_gmt":"2016-11-29T10:00:57","guid":{"rendered":"https:\/\/www.litoral.es\/guia-de-vacaciones\/?p=5082"},"modified":"2017-02-19T18:57:32","modified_gmt":"2017-02-19T17:57:32","slug":"vacaciones-en-la-pineda","status":"publish","type":"post","link":"https:\/\/www.litoral.es\/guia-de-vacaciones\/vacaciones-en-la-pineda\/","title":{"rendered":"5 motivos para pasar unas vacaciones en La Pineda"},"content":{"rendered":"<p>La Pineda\u00a0es un peque\u00f1o pueblo mar\u00edtimo\u00a0situado a tan solo un kil\u00f3metro del centro de Salou. Es un lugar ideal para disfrutar de unas\u00a0<b>vacaciones en la Costa Dorada<\/b>\u00a0si quieres combinar relax y diversi\u00f3n.\u00a0<b>La Pineda<\/b>\u00a0es sin\u00f3nimo de descanso a orillas del mar Mediterr\u00e1neo.\u00a0Te damos 5 motivos para\u00a0pasar unas<b>\u00a0vacaciones en<\/b><b>\u00a0La Pineda<\/b>.<\/p>\n<h2><b>1.- T<\/b><b>urismo de\u00a0<\/b><b>s<\/b><b>ol y playa: v<\/b><b>acaciones en\u00a0<\/b><b>La Pineda<\/b><\/h2>\n<p>La Pineda tiene una sola playa, de arena fina y distinguida con bandera azul.\u00a0\u00a1Es solo una, pero te aseguramos que no se te va a quedar peque\u00f1a!\u00a0Con m\u00e1s de tres kil\u00f3metros, es una de las playas m\u00e1s grandes\u00a0y famosas\u00a0de toda la Costa Dorada.<\/p>\n<p>La\u00a0<b>playa de la Pineda<\/b>\u00a0est\u00e1 dividida en tres zonas, adaptadas para personas con movilidad reducida y con todos los servicios necesarios: puestos de salvamento, zonas deportivas, un club infantil\u2026<\/p>\n<p>&nbsp;<\/p>\n<figure id=\"attachment_5083\" aria-describedby=\"caption-attachment-5083\" style=\"width: 1000px\" class=\"wp-caption alignnone\"><img loading=\"lazy\" decoding=\"async\" class=\"wp-image-5083 size-full\" title=\"vacaciones en La Pineda\" src=\"https:\/\/www.litoral.es\/guia-de-vacaciones\/wp-content\/uploads\/2016\/11\/lapineda2.jpg\" alt=\"vacaciones en La Pineda\" width=\"1000\" height=\"667\" srcset=\"https:\/\/www.litoral.es\/guia-de-vacaciones\/wp-content\/uploads\/2016\/11\/lapineda2.jpg 1000w, https:\/\/www.litoral.es\/guia-de-vacaciones\/wp-content\/uploads\/2016\/11\/lapineda2-250x167.jpg 250w, https:\/\/www.litoral.es\/guia-de-vacaciones\/wp-content\/uploads\/2016\/11\/lapineda2-768x512.jpg 768w, https:\/\/www.litoral.es\/guia-de-vacaciones\/wp-content\/uploads\/2016\/11\/lapineda2-500x334.jpg 500w, https:\/\/www.litoral.es\/guia-de-vacaciones\/wp-content\/uploads\/2016\/11\/lapineda2-300x200.jpg 300w, https:\/\/www.litoral.es\/guia-de-vacaciones\/wp-content\/uploads\/2016\/11\/lapineda2-750x500.jpg 750w, https:\/\/www.litoral.es\/guia-de-vacaciones\/wp-content\/uploads\/2016\/11\/lapineda2-380x253.jpg 380w, https:\/\/www.litoral.es\/guia-de-vacaciones\/wp-content\/uploads\/2016\/11\/lapineda2-310x207.jpg 310w, https:\/\/www.litoral.es\/guia-de-vacaciones\/wp-content\/uploads\/2016\/11\/lapineda2-360x240.jpg 360w, https:\/\/www.litoral.es\/guia-de-vacaciones\/wp-content\/uploads\/2016\/11\/lapineda2-260x173.jpg 260w\" sizes=\"(max-width: 1000px) 100vw, 1000px\" \/><figcaption id=\"caption-attachment-5083\" class=\"wp-caption-text\">La Pineda<\/figcaption><\/figure>\n<p>&nbsp;<\/p>\n<h2><b>2.- Tus v<\/b><b>acaciones en\u00a0<\/b><b>La Pineda<\/b><b>: t<\/b><b>urismo\u00a0<\/b><b>f<\/b><b>amiliar<\/b><\/h2>\n<p>La Pineda es un lugar ideal para pasar las vacaciones en familia, tal y como lo certifica el sello de calidad de Destinaci\u00f3n de Turismo Familiar (DTF) otorgado por la Generalitat de Catalu\u00f1a.\u00a0\u00a0Esta distinci\u00f3n es una garant\u00eda de que los comercios, instalaciones y\u00a0<b>alojamientos\u00a0<\/b>est\u00e1n pensados para que peque\u00f1os y mayores compartan unas\u00a0<b>vacaciones\u00a0<\/b><b>en la Pineda<\/b>\u00a0inolvidables.<\/p>\n<p>&nbsp;<\/p>\n<p>&nbsp;<\/p>\n<h2><b>3.-\u00a0<\/b><b>Vacaciones en La Pineda:\u00a0<\/b><b>ocio y diversi\u00f3n<\/b><\/h2>\n<p>Uno de los grandes atractivos de la Pineda es su gran abanico de ofertas de ocio, empezando por el parque acu\u00e1tico\u00a0<a href=\"https:\/\/costa-dorada.aquopolis.es\"><b>Aqu\u00f3polis<\/b><\/a>,\u00a0que es\u00a0ideal para ir con los ni\u00f1os.<\/p>\n<p>\u00a1Pero no\u00a0te enga\u00f1es, no\u00a0todo es oferta infantil en este paraje de la Costa Dorada! En la Pineda tambi\u00e9n est\u00e1n\u00a0el\u00a0<b>Club G<\/b><b>olf\u00a0<\/b><b>Lumine<\/b>\u00a0y la discoteca\u00a0<b>Pacha<\/b>, que es una de las m\u00e1s famosas de la zona.\u00a0Y\u00a0por supuesto,\u00a0<a href=\"https:\/\/www.portaventuraworld.com\/portaventura\"><b>Port Aventura<\/b><\/a>, que queda justo al lado.<\/p>\n<p>&nbsp;<\/p>\n<figure id=\"attachment_5084\" aria-describedby=\"caption-attachment-5084\" style=\"width: 1000px\" class=\"wp-caption alignnone\"><img loading=\"lazy\" decoding=\"async\" class=\"wp-image-5084 size-full\" title=\"vacaciones en La Pineda\" src=\"https:\/\/www.litoral.es\/guia-de-vacaciones\/wp-content\/uploads\/2016\/11\/portaventura.jpg\" alt=\"vacaciones en La Pineda\" width=\"1000\" height=\"632\" srcset=\"https:\/\/www.litoral.es\/guia-de-vacaciones\/wp-content\/uploads\/2016\/11\/portaventura.jpg 1000w, https:\/\/www.litoral.es\/guia-de-vacaciones\/wp-content\/uploads\/2016\/11\/portaventura-250x158.jpg 250w, https:\/\/www.litoral.es\/guia-de-vacaciones\/wp-content\/uploads\/2016\/11\/portaventura-768x485.jpg 768w, https:\/\/www.litoral.es\/guia-de-vacaciones\/wp-content\/uploads\/2016\/11\/portaventura-500x316.jpg 500w, https:\/\/www.litoral.es\/guia-de-vacaciones\/wp-content\/uploads\/2016\/11\/portaventura-300x190.jpg 300w, https:\/\/www.litoral.es\/guia-de-vacaciones\/wp-content\/uploads\/2016\/11\/portaventura-750x474.jpg 750w, https:\/\/www.litoral.es\/guia-de-vacaciones\/wp-content\/uploads\/2016\/11\/portaventura-380x240.jpg 380w, https:\/\/www.litoral.es\/guia-de-vacaciones\/wp-content\/uploads\/2016\/11\/portaventura-310x196.jpg 310w, https:\/\/www.litoral.es\/guia-de-vacaciones\/wp-content\/uploads\/2016\/11\/portaventura-360x228.jpg 360w, https:\/\/www.litoral.es\/guia-de-vacaciones\/wp-content\/uploads\/2016\/11\/portaventura-260x164.jpg 260w\" sizes=\"(max-width: 1000px) 100vw, 1000px\" \/><figcaption id=\"caption-attachment-5084\" class=\"wp-caption-text\">Portaventura<\/figcaption><\/figure>\n<h2><b>4.-\u00a0<\/b><b>Vacaciones en La Pineda:\u00a0<\/b><b>l<\/b><b>ugares de inter\u00e9s<\/b><\/h2>\n<p>Entre\u00a0las cosas que no deber\u00edas dejar de visitar en la Pineda y sus alrededores est\u00e1 la Torre\u00a0d\u2019en\u00a0Dol\u00e7a. Fue\u00a0construida en el s. XII para proteger el \u00e1rea de los ataques piratas\u00a0y\u00a0ahora forma parte de un bonito parque. Tambi\u00e9n te recomendamos que te acerques al\u00a0Santuari\u00a0de la Mare de\u00a0D\u00e9u\u00a0de la Pineda, al\u00a0Celler\u00a0Noucentista, o al Portal de\u00a0Sant\u00a0Antoni\u00a0en Vila-Seca.<\/p>\n<p>Y si quieres caminar contemplando el mar al atardecer en\u00a0<b>tus vacaciones en La Pineda,<\/b>\u00a0el paseo mar\u00edtimo\u00a0tiene un recorrido de casi dos kil\u00f3metros y medio desde el que\u00a0podr\u00e1s\u00a0escuchar el sonido de las olas.<\/p>\n<p>&nbsp;<\/p>\n<figure id=\"attachment_5085\" aria-describedby=\"caption-attachment-5085\" style=\"width: 1000px\" class=\"wp-caption alignnone\"><img loading=\"lazy\" decoding=\"async\" class=\"wp-image-5085 size-full\" src=\"https:\/\/www.litoral.es\/guia-de-vacaciones\/wp-content\/uploads\/2016\/11\/lapineda.jpg\" alt=\"vacaciones en La Pineda\" width=\"1000\" height=\"651\" srcset=\"https:\/\/www.litoral.es\/guia-de-vacaciones\/wp-content\/uploads\/2016\/11\/lapineda.jpg 1000w, https:\/\/www.litoral.es\/guia-de-vacaciones\/wp-content\/uploads\/2016\/11\/lapineda-250x163.jpg 250w, https:\/\/www.litoral.es\/guia-de-vacaciones\/wp-content\/uploads\/2016\/11\/lapineda-768x500.jpg 768w, https:\/\/www.litoral.es\/guia-de-vacaciones\/wp-content\/uploads\/2016\/11\/lapineda-500x326.jpg 500w, https:\/\/www.litoral.es\/guia-de-vacaciones\/wp-content\/uploads\/2016\/11\/lapineda-300x195.jpg 300w, https:\/\/www.litoral.es\/guia-de-vacaciones\/wp-content\/uploads\/2016\/11\/lapineda-750x488.jpg 750w, https:\/\/www.litoral.es\/guia-de-vacaciones\/wp-content\/uploads\/2016\/11\/lapineda-380x247.jpg 380w, https:\/\/www.litoral.es\/guia-de-vacaciones\/wp-content\/uploads\/2016\/11\/lapineda-310x202.jpg 310w, https:\/\/www.litoral.es\/guia-de-vacaciones\/wp-content\/uploads\/2016\/11\/lapineda-360x234.jpg 360w, https:\/\/www.litoral.es\/guia-de-vacaciones\/wp-content\/uploads\/2016\/11\/lapineda-260x169.jpg 260w\" sizes=\"(max-width: 1000px) 100vw, 1000px\" \/><figcaption id=\"caption-attachment-5085\" class=\"wp-caption-text\">La Pineda<\/figcaption><\/figure>\n<h2><\/h2>\n<h2><b>5.-\u00a0<\/b><b>Vacaciones en La Pineda:\u00a0<\/b><b>g<\/b><b>astronom\u00eda<\/b><\/h2>\n<p>Otro de los imprescindibles para que unas vacaciones\u00a0en La Pineda\u00a0sean redondas es la gastronom\u00eda.\u00a0La Pineda cumple con lo necesario para satisfacer a los paladares m\u00e1s exigentes. No te faltar\u00e1n restaurantes en los que saborear algunos de\u00a0<b>platos\u00a0<\/b><b>m\u00e1s t\u00edpicos de la Costa Dorada<\/b>:\u00a0el\u00a0<i>suquet<\/i>\u00a0de pescado, el\u00a0<i>rossejat<\/i>\u00a0de fideos, los arroces, el\u00a0<i>menjar<\/i><i>\u00a0<\/i><i>blanc<\/i>\u2026\u00a0 Y todo ello acompa\u00f1ado por los mejores vinos con denominaci\u00f3n de origen de la regi\u00f3n, como por ejemplo\u00a0Priorat,\u00a0Pened\u00e8s\u00a0o Conca de\u00a0Barber\u00e0.<\/p>\n<p>&nbsp;<\/p>\n<figure id=\"attachment_5086\" aria-describedby=\"caption-attachment-5086\" style=\"width: 1000px\" class=\"wp-caption alignnone\"><img loading=\"lazy\" decoding=\"async\" class=\"wp-image-5086 size-full\" src=\"https:\/\/www.litoral.es\/guia-de-vacaciones\/wp-content\/uploads\/2016\/11\/suquetdepescado.jpg\" alt=\"vacaciones en La Pineda\" width=\"1000\" height=\"665\" srcset=\"https:\/\/www.litoral.es\/guia-de-vacaciones\/wp-content\/uploads\/2016\/11\/suquetdepescado.jpg 1000w, https:\/\/www.litoral.es\/guia-de-vacaciones\/wp-content\/uploads\/2016\/11\/suquetdepescado-250x166.jpg 250w, https:\/\/www.litoral.es\/guia-de-vacaciones\/wp-content\/uploads\/2016\/11\/suquetdepescado-768x511.jpg 768w, https:\/\/www.litoral.es\/guia-de-vacaciones\/wp-content\/uploads\/2016\/11\/suquetdepescado-500x333.jpg 500w, https:\/\/www.litoral.es\/guia-de-vacaciones\/wp-content\/uploads\/2016\/11\/suquetdepescado-300x200.jpg 300w, https:\/\/www.litoral.es\/guia-de-vacaciones\/wp-content\/uploads\/2016\/11\/suquetdepescado-750x499.jpg 750w, https:\/\/www.litoral.es\/guia-de-vacaciones\/wp-content\/uploads\/2016\/11\/suquetdepescado-380x253.jpg 380w, https:\/\/www.litoral.es\/guia-de-vacaciones\/wp-content\/uploads\/2016\/11\/suquetdepescado-310x206.jpg 310w, https:\/\/www.litoral.es\/guia-de-vacaciones\/wp-content\/uploads\/2016\/11\/suquetdepescado-360x239.jpg 360w, https:\/\/www.litoral.es\/guia-de-vacaciones\/wp-content\/uploads\/2016\/11\/suquetdepescado-260x173.jpg 260w\" sizes=\"(max-width: 1000px) 100vw, 1000px\" \/><figcaption id=\"caption-attachment-5086\" class=\"wp-caption-text\">Suquet de Pescado<\/figcaption><\/figure>\n<p>\u00a1Alquila\u202ftu\u202fapartamento\u202fen La Pineda\u202fy disfruta\u00a0de\u00a0la intensidad del mar azul!<\/p>\n<p>&nbsp;<\/p>\n<h2>\u00bf Te ha gustado el art\u00edculo ? Seguro que tambi\u00e9n te gustar\u00e1&#8230;&#8230;<\/h2>\n<ol>\n<li><a href=\"https:\/\/www.litoral.es\/guia-de-vacaciones\/las-10-mejores-playas-de-tarragona-costa-dorada\/\" target=\"_blank\">17 Consejos y recomendaciones antes de ir a PortAventura<\/a><\/li>\n<li><a href=\"https:\/\/www.litoral.es\/guia-de-vacaciones\/las-10-mejores-playas-de-tarragona-costa-dorada\/\" target=\"_blank\">Las mejores playas de Tarragona<\/a><\/li>\n<li><a href=\"https:\/\/www.litoral.es\/guia-de-vacaciones\/la-mejor-playa-de-la-costa-dorada\/\" target=\"_blank\">La mejor playa del Sur de Catalu\u00f1a: L&#8217;Illot, paraiso perdido en Ametlla de Mar<\/a><\/li>\n<li><a href=\"https:\/\/www.litoral.es\/guia-de-vacaciones\/que-ver-en-cambrils\/\" target=\"_blank\">\u00bfQu\u00e9 ver en Cambrils con ni\u00f1os?<\/a><\/li>\n<li><a href=\"https:\/\/www.litoral.es\/guia-de-vacaciones\/playas-de-salou\/\" target=\"_blank\">Las 9 mejores playas de Salou<\/a><\/li>\n<\/ol>\n<p>&nbsp;<\/p>\n<p>&nbsp;<\/p>\n<p><span style=\"border-radius: 2px; text-indent: 20px; width: auto; padding: 0px 4px 0px 0px; text-align: center; font: bold 11px\/20px 'Helvetica Neue',Helvetica,sans-serif; color: #ffffff; background: #bd081c no-repeat scroll 3px 50% \/ 14px 14px; position: absolute; opacity: 1; z-index: 8675309; display: none; cursor: pointer;\">Guardar<\/span><\/p>\n<p><span style=\"border-radius: 2px; text-indent: 20px; width: auto; padding: 0px 4px 0px 0px; text-align: center; font: bold 11px\/20px 'Helvetica Neue',Helvetica,sans-serif; color: #ffffff; background: #bd081c  no-repeat scroll 3px 50% \/ 14px 14px; position: absolute; opacity: 1; z-index: 8675309; display: none; cursor: pointer; top: 3228px; left: 20px;\">Guardar<\/span><\/p>\n","protected":false},"excerpt":{"rendered":"<p>La Pineda\u00a0es un peque\u00f1o pueblo mar\u00edtimo\u00a0situado a tan solo un kil\u00f3metro del centro de Salou. Es un lugar ideal para disfrutar de unas\u00a0vacaciones en la Costa Dorada\u00a0si quieres combinar relax y diversi\u00f3n.\u00a0La Pineda\u00a0es sin\u00f3nimo de descanso a orillas del mar Mediterr\u00e1neo.\u00a0Te damos 5 motivos para\u00a0pasar unas\u00a0vacaciones en\u00a0La Pineda. 1.- Turismo de\u00a0sol y playa: vacaciones en\u00a0La [&#8230;]<\/p>\n<p><a class=\"understrap-read-more-link btn btn-outline-dark btn-sm\" href=\"https:\/\/www.litoral.es\/guia-de-vacaciones\/vacaciones-en-la-pineda\/\">Continue Reading&#8230;<\/a><\/p>\n","protected":false},"author":9,"featured_media":5087,"comment_status":"open","ping_status":"open","sticky":false,"template":"","format":"image","meta":{"footnotes":""},"categories":[205,78,3,203,332,63],"tags":[335,334,174,333],"yoast_head":"<!-- This site is optimized with the Yoast SEO plugin v20.2.1 - https:\/\/yoast.com\/wordpress\/plugins\/seo\/ -->\n<title>5 motivos para pasar unas vacaciones en La Pineda<\/title>\n<meta name=\"description\" content=\"Vacaciones en la Pineda es sin\u00f3nimo de descanso a orillas del mar Mediterr\u00e1neo. Te damos 5 motivos para pasar unas vacaciones en La Pineda.\" \/>\n<meta name=\"robots\" content=\"index, follow, max-snippet:-1, max-image-preview:large, max-video-preview:-1\" \/>\n<link rel=\"canonical\" href=\"https:\/\/www.litoral.es\/guia-de-vacaciones\/vacaciones-en-la-pineda\/\" \/>\n<meta property=\"og:locale\" content=\"es_ES\" \/>\n<meta property=\"og:type\" content=\"article\" \/>\n<meta property=\"og:title\" content=\"5 motivos para pasar unas vacaciones en La Pineda\" \/>\n<meta property=\"og:description\" content=\"Vacaciones en la Pineda es sin\u00f3nimo de descanso a orillas del mar Mediterr\u00e1neo. Te damos 5 motivos para pasar unas vacaciones en La Pineda.\" \/>\n<meta property=\"og:url\" content=\"https:\/\/www.litoral.es\/guia-de-vacaciones\/vacaciones-en-la-pineda\/\" \/>\n<meta property=\"og:site_name\" content=\"Litoral Costa Dorada Blog\" \/>\n<meta property=\"article:publisher\" content=\"https:\/\/www.facebook.com\/pages\/Litoral-Costa-Dorada\/461561627270721\" \/>\n<meta property=\"article:published_time\" content=\"2016-11-29T10:00:57+00:00\" \/>\n<meta property=\"article:modified_time\" content=\"2017-02-19T17:57:32+00:00\" \/>\n<meta property=\"og:image\" content=\"https:\/\/www.litoral.es\/guia-de-vacaciones\/wp-content\/uploads\/2016\/11\/150-lapineda.jpg\" \/>\n\t<meta property=\"og:image:width\" content=\"1000\" \/>\n\t<meta property=\"og:image:height\" content=\"651\" \/>\n\t<meta property=\"og:image:type\" content=\"image\/jpeg\" \/>\n<meta name=\"author\" content=\"Equipo Litoral\" \/>\n<meta name=\"twitter:label1\" content=\"Written by\" \/>\n\t<meta name=\"twitter:data1\" content=\"Equipo Litoral\" \/>\n\t<meta name=\"twitter:label2\" content=\"Est. reading time\" \/>\n\t<meta name=\"twitter:data2\" content=\"3 minutos\" \/>\n<script type=\"application\/ld+json\" class=\"yoast-schema-graph\">{\"@context\":\"https:\/\/schema.org\",\"@graph\":[{\"@type\":\"Article\",\"@id\":\"https:\/\/www.litoral.es\/guia-de-vacaciones\/vacaciones-en-la-pineda\/#article\",\"isPartOf\":{\"@id\":\"https:\/\/www.litoral.es\/guia-de-vacaciones\/vacaciones-en-la-pineda\/\"},\"author\":{\"name\":\"Equipo Litoral\",\"@id\":\"https:\/\/www.litoral.es\/guia-de-vacaciones\/#\/schema\/person\/2bf197ec65bc9a232842fa4ffa6b92f8\"},\"headline\":\"5 motivos para pasar unas vacaciones en La Pineda\",\"datePublished\":\"2016-11-29T10:00:57+00:00\",\"dateModified\":\"2017-02-19T17:57:32+00:00\",\"mainEntityOfPage\":{\"@id\":\"https:\/\/www.litoral.es\/guia-de-vacaciones\/vacaciones-en-la-pineda\/\"},\"wordCount\":675,\"commentCount\":0,\"publisher\":{\"@id\":\"https:\/\/www.litoral.es\/guia-de-vacaciones\/#organization\"},\"keywords\":[\"diversi\u00f3n\",\"la pineda\",\"ocio\",\"turismo familiar\"],\"articleSection\":[\"Con ni\u00f1os\",\"DESTINATIONS\",\"Destinos\",\"Gastronom\u00eda\",\"La Pineda\",\"Salou\"],\"inLanguage\":\"es\"},{\"@type\":\"WebPage\",\"@id\":\"https:\/\/www.litoral.es\/guia-de-vacaciones\/vacaciones-en-la-pineda\/\",\"url\":\"https:\/\/www.litoral.es\/guia-de-vacaciones\/vacaciones-en-la-pineda\/\",\"name\":\"5 motivos para pasar unas vacaciones en La Pineda\",\"isPartOf\":{\"@id\":\"https:\/\/www.litoral.es\/guia-de-vacaciones\/#website\"},\"datePublished\":\"2016-11-29T10:00:57+00:00\",\"dateModified\":\"2017-02-19T17:57:32+00:00\",\"description\":\"Vacaciones en la Pineda es sin\u00f3nimo de descanso a orillas del mar Mediterr\u00e1neo. Te damos 5 motivos para pasar unas vacaciones en La Pineda.\",\"breadcrumb\":{\"@id\":\"https:\/\/www.litoral.es\/guia-de-vacaciones\/vacaciones-en-la-pineda\/#breadcrumb\"},\"inLanguage\":\"es\",\"potentialAction\":[{\"@type\":\"ReadAction\",\"target\":[\"https:\/\/www.litoral.es\/guia-de-vacaciones\/vacaciones-en-la-pineda\/\"]}]},{\"@type\":\"BreadcrumbList\",\"@id\":\"https:\/\/www.litoral.es\/guia-de-vacaciones\/vacaciones-en-la-pineda\/#breadcrumb\",\"itemListElement\":[{\"@type\":\"ListItem\",\"position\":1,\"name\":\"Home\",\"item\":\"https:\/\/www.litoral.es\/guia-de-vacaciones\/\"},{\"@type\":\"ListItem\",\"position\":2,\"name\":\"5 motivos para pasar unas vacaciones en La Pineda\"}]},{\"@type\":\"WebSite\",\"@id\":\"https:\/\/www.litoral.es\/guia-de-vacaciones\/#website\",\"url\":\"https:\/\/www.litoral.es\/guia-de-vacaciones\/\",\"name\":\"Litoral Costa Dorada Blog\",\"description\":\"Alquiler y venta de alojamientos tur\u00edsticos en la Costa Dorada\",\"publisher\":{\"@id\":\"https:\/\/www.litoral.es\/guia-de-vacaciones\/#organization\"},\"potentialAction\":[{\"@type\":\"SearchAction\",\"target\":{\"@type\":\"EntryPoint\",\"urlTemplate\":\"https:\/\/www.litoral.es\/guia-de-vacaciones\/?s={search_term_string}\"},\"query-input\":\"required name=search_term_string\"}],\"inLanguage\":\"es\"},{\"@type\":\"Organization\",\"@id\":\"https:\/\/www.litoral.es\/guia-de-vacaciones\/#organization\",\"name\":\"Litoral Costa Dorada Blog\",\"url\":\"https:\/\/www.litoral.es\/guia-de-vacaciones\/\",\"logo\":{\"@type\":\"ImageObject\",\"inLanguage\":\"es\",\"@id\":\"https:\/\/www.litoral.es\/guia-de-vacaciones\/#\/schema\/logo\/image\/\",\"url\":\"https:\/\/www.litoral.es\/guia-de-vacaciones\/wp-content\/uploads\/2023\/11\/litoral_blog.png\",\"contentUrl\":\"https:\/\/www.litoral.es\/guia-de-vacaciones\/wp-content\/uploads\/2023\/11\/litoral_blog.png\",\"width\":1254,\"height\":221,\"caption\":\"Litoral Costa Dorada Blog\"},\"image\":{\"@id\":\"https:\/\/www.litoral.es\/guia-de-vacaciones\/#\/schema\/logo\/image\/\"},\"sameAs\":[\"https:\/\/www.facebook.com\/pages\/Litoral-Costa-Dorada\/461561627270721\"]},{\"@type\":\"Person\",\"@id\":\"https:\/\/www.litoral.es\/guia-de-vacaciones\/#\/schema\/person\/2bf197ec65bc9a232842fa4ffa6b92f8\",\"name\":\"Equipo Litoral\",\"image\":{\"@type\":\"ImageObject\",\"inLanguage\":\"es\",\"@id\":\"https:\/\/www.litoral.es\/guia-de-vacaciones\/#\/schema\/person\/image\/\",\"url\":\"https:\/\/secure.gravatar.com\/avatar\/de895944a3ff26c4d470d57377e71926?s=96&d=mm&r=g\",\"contentUrl\":\"https:\/\/secure.gravatar.com\/avatar\/de895944a3ff26c4d470d57377e71926?s=96&d=mm&r=g\",\"caption\":\"Equipo Litoral\"},\"description\":\"Somos unos apasionados de nuestra tierra y nuestras ra\u00edces. La Costa Dorada ofrece playas y calas v\u00edrgenes, una gran riqueza hist\u00f3rica y cultural, parques de atracciones, gastronom\u00eda y un clima privilegiado, que atraen cada a\u00f1o a millones de viajeros a nuestras costas. Y ah\u00ed estamos nosotros para ayudar a todo aquel que se anime a viajar hasta aqu\u00ed, con informaci\u00f3n detallada, curiosidades y consejos para que no os perd\u00e1is nada.\"}]}<\/script>\n<!-- \/ Yoast SEO plugin. -->","yoast_head_json":{"title":"5 motivos para pasar unas vacaciones en La Pineda","description":"Vacaciones en la Pineda es sin\u00f3nimo de descanso a orillas del mar Mediterr\u00e1neo. Te damos 5 motivos para pasar unas vacaciones en La Pineda.","robots":{"index":"index","follow":"follow","max-snippet":"max-snippet:-1","max-image-preview":"max-image-preview:large","max-video-preview":"max-video-preview:-1"},"canonical":"https:\/\/www.litoral.es\/guia-de-vacaciones\/vacaciones-en-la-pineda\/","og_locale":"es_ES","og_type":"article","og_title":"5 motivos para pasar unas vacaciones en La Pineda","og_description":"Vacaciones en la Pineda es sin\u00f3nimo de descanso a orillas del mar Mediterr\u00e1neo. Te damos 5 motivos para pasar unas vacaciones en La Pineda.","og_url":"https:\/\/www.litoral.es\/guia-de-vacaciones\/vacaciones-en-la-pineda\/","og_site_name":"Litoral Costa Dorada Blog","article_publisher":"https:\/\/www.facebook.com\/pages\/Litoral-Costa-Dorada\/461561627270721","article_published_time":"2016-11-29T10:00:57+00:00","article_modified_time":"2017-02-19T17:57:32+00:00","og_image":[{"width":1000,"height":651,"url":"https:\/\/www.litoral.es\/guia-de-vacaciones\/wp-content\/uploads\/2016\/11\/150-lapineda.jpg","type":"image\/jpeg"}],"author":"Equipo Litoral","twitter_misc":{"Written by":"Equipo Litoral","Est. reading time":"3 minutos"},"schema":{"@context":"https:\/\/schema.org","@graph":[{"@type":"Article","@id":"https:\/\/www.litoral.es\/guia-de-vacaciones\/vacaciones-en-la-pineda\/#article","isPartOf":{"@id":"https:\/\/www.litoral.es\/guia-de-vacaciones\/vacaciones-en-la-pineda\/"},"author":{"name":"Equipo Litoral","@id":"https:\/\/www.litoral.es\/guia-de-vacaciones\/#\/schema\/person\/2bf197ec65bc9a232842fa4ffa6b92f8"},"headline":"5 motivos para pasar unas vacaciones en La Pineda","datePublished":"2016-11-29T10:00:57+00:00","dateModified":"2017-02-19T17:57:32+00:00","mainEntityOfPage":{"@id":"https:\/\/www.litoral.es\/guia-de-vacaciones\/vacaciones-en-la-pineda\/"},"wordCount":675,"commentCount":0,"publisher":{"@id":"https:\/\/www.litoral.es\/guia-de-vacaciones\/#organization"},"keywords":["diversi\u00f3n","la pineda","ocio","turismo familiar"],"articleSection":["Con ni\u00f1os","DESTINATIONS","Destinos","Gastronom\u00eda","La Pineda","Salou"],"inLanguage":"es"},{"@type":"WebPage","@id":"https:\/\/www.litoral.es\/guia-de-vacaciones\/vacaciones-en-la-pineda\/","url":"https:\/\/www.litoral.es\/guia-de-vacaciones\/vacaciones-en-la-pineda\/","name":"5 motivos para pasar unas vacaciones en La Pineda","isPartOf":{"@id":"https:\/\/www.litoral.es\/guia-de-vacaciones\/#website"},"datePublished":"2016-11-29T10:00:57+00:00","dateModified":"2017-02-19T17:57:32+00:00","description":"Vacaciones en la Pineda es sin\u00f3nimo de descanso a orillas del mar Mediterr\u00e1neo. Te damos 5 motivos para pasar unas vacaciones en La Pineda.","breadcrumb":{"@id":"https:\/\/www.litoral.es\/guia-de-vacaciones\/vacaciones-en-la-pineda\/#breadcrumb"},"inLanguage":"es","potentialAction":[{"@type":"ReadAction","target":["https:\/\/www.litoral.es\/guia-de-vacaciones\/vacaciones-en-la-pineda\/"]}]},{"@type":"BreadcrumbList","@id":"https:\/\/www.litoral.es\/guia-de-vacaciones\/vacaciones-en-la-pineda\/#breadcrumb","itemListElement":[{"@type":"ListItem","position":1,"name":"Home","item":"https:\/\/www.litoral.es\/guia-de-vacaciones\/"},{"@type":"ListItem","position":2,"name":"5 motivos para pasar unas vacaciones en La Pineda"}]},{"@type":"WebSite","@id":"https:\/\/www.litoral.es\/guia-de-vacaciones\/#website","url":"https:\/\/www.litoral.es\/guia-de-vacaciones\/","name":"Litoral Costa Dorada Blog","description":"Alquiler y venta de alojamientos tur\u00edsticos en la Costa Dorada","publisher":{"@id":"https:\/\/www.litoral.es\/guia-de-vacaciones\/#organization"},"potentialAction":[{"@type":"SearchAction","target":{"@type":"EntryPoint","urlTemplate":"https:\/\/www.litoral.es\/guia-de-vacaciones\/?s={search_term_string}"},"query-input":"required name=search_term_string"}],"inLanguage":"es"},{"@type":"Organization","@id":"https:\/\/www.litoral.es\/guia-de-vacaciones\/#organization","name":"Litoral Costa Dorada Blog","url":"https:\/\/www.litoral.es\/guia-de-vacaciones\/","logo":{"@type":"ImageObject","inLanguage":"es","@id":"https:\/\/www.litoral.es\/guia-de-vacaciones\/#\/schema\/logo\/image\/","url":"https:\/\/www.litoral.es\/guia-de-vacaciones\/wp-content\/uploads\/2023\/11\/litoral_blog.png","contentUrl":"https:\/\/www.litoral.es\/guia-de-vacaciones\/wp-content\/uploads\/2023\/11\/litoral_blog.png","width":1254,"height":221,"caption":"Litoral Costa Dorada Blog"},"image":{"@id":"https:\/\/www.litoral.es\/guia-de-vacaciones\/#\/schema\/logo\/image\/"},"sameAs":["https:\/\/www.facebook.com\/pages\/Litoral-Costa-Dorada\/461561627270721"]},{"@type":"Person","@id":"https:\/\/www.litoral.es\/guia-de-vacaciones\/#\/schema\/person\/2bf197ec65bc9a232842fa4ffa6b92f8","name":"Equipo Litoral","image":{"@type":"ImageObject","inLanguage":"es","@id":"https:\/\/www.litoral.es\/guia-de-vacaciones\/#\/schema\/person\/image\/","url":"https:\/\/secure.gravatar.com\/avatar\/de895944a3ff26c4d470d57377e71926?s=96&d=mm&r=g","contentUrl":"https:\/\/secure.gravatar.com\/avatar\/de895944a3ff26c4d470d57377e71926?s=96&d=mm&r=g","caption":"Equipo Litoral"},"description":"Somos unos apasionados de nuestra tierra y nuestras ra\u00edces. La Costa Dorada ofrece playas y calas v\u00edrgenes, una gran riqueza hist\u00f3rica y cultural, parques de atracciones, gastronom\u00eda y un clima privilegiado, que atraen cada a\u00f1o a millones de viajeros a nuestras costas. Y ah\u00ed estamos nosotros para ayudar a todo aquel que se anime a viajar hasta aqu\u00ed, con informaci\u00f3n detallada, curiosidades y consejos para que no os perd\u00e1is nada."}]}},"_links":{"self":[{"href":"https:\/\/www.litoral.es\/guia-de-vacaciones\/wp-json\/wp\/v2\/posts\/5082"}],"collection":[{"href":"https:\/\/www.litoral.es\/guia-de-vacaciones\/wp-json\/wp\/v2\/posts"}],"about":[{"href":"https:\/\/www.litoral.es\/guia-de-vacaciones\/wp-json\/wp\/v2\/types\/post"}],"author":[{"embeddable":true,"href":"https:\/\/www.litoral.es\/guia-de-vacaciones\/wp-json\/wp\/v2\/users\/9"}],"replies":[{"embeddable":true,"href":"https:\/\/www.litoral.es\/guia-de-vacaciones\/wp-json\/wp\/v2\/comments?post=5082"}],"version-history":[{"count":7,"href":"https:\/\/www.litoral.es\/guia-de-vacaciones\/wp-json\/wp\/v2\/posts\/5082\/revisions"}],"predecessor-version":[{"id":5457,"href":"https:\/\/www.litoral.es\/guia-de-vacaciones\/wp-json\/wp\/v2\/posts\/5082\/revisions\/5457"}],"wp:featuredmedia":[{"embeddable":true,"href":"https:\/\/www.litoral.es\/guia-de-vacaciones\/wp-json\/wp\/v2\/media\/5087"}],"wp:attachment":[{"href":"https:\/\/www.litoral.es\/guia-de-vacaciones\/wp-json\/wp\/v2\/media?parent=5082"}],"wp:term":[{"taxonomy":"category","embeddable":true,"href":"https:\/\/www.litoral.es\/guia-de-vacaciones\/wp-json\/wp\/v2\/categories?post=5082"},{"taxonomy":"post_tag","embeddable":true,"href":"https:\/\/www.litoral.es\/guia-de-vacaciones\/wp-json\/wp\/v2\/tags?post=5082"}],"curies":[{"name":"wp","href":"https:\/\/api.w.org\/{rel}","templated":true}]}}