{"id":5161,"date":"2016-12-16T12:09:35","date_gmt":"2016-12-16T11:09:35","guid":{"rendered":"https:\/\/www.litoral.es\/guia-de-vacaciones\/en\/mercados-de-navidad\/"},"modified":"2016-12-16T12:21:18","modified_gmt":"2016-12-16T11:21:18","slug":"christmas-markets-on-the-costa-dorada","status":"publish","type":"post","link":"https:\/\/www.litoral.es\/guia-de-vacaciones\/christmas-markets-on-the-costa-dorada\/","title":{"rendered":"Christmas Markets on the Costa Dorada: essential guide"},"content":{"rendered":"<p><span class=\"TextRun SCX72215468\" lang=\"EN-GB\" xml:lang=\"EN-GB\"><span class=\"NormalTextRun SCX72215468\">Christmas is also a good time to enjoy the Costa\u00a0<\/span><\/span><span class=\"TextRun SCX72215468\" lang=\"EN-GB\" xml:lang=\"EN-GB\"><span class=\"SpellingError SCX72215468\">Dorada<\/span><\/span><span class=\"TextRun SCX72215468\" lang=\"EN-GB\" xml:lang=\"EN-GB\"><span class=\"NormalTextRun SCX72215468\">.\u00a0<\/span><\/span><span class=\"TextRun SCX72215468\" lang=\"EN-GB\" xml:lang=\"EN-GB\"><span class=\"NormalTextRun SCX72215468\">The\u00a0<\/span><\/span><span class=\"TextRun SCX72215468\" lang=\"EN-GB\" xml:lang=\"EN-GB\"><span class=\"NormalTextRun SCX72215468\">Christmas\u00a0<\/span><\/span><span class=\"TextRun SCX72215468\" lang=\"EN-GB\" xml:lang=\"EN-GB\"><span class=\"NormalTextRun SCX72215468\">markets on<\/span><\/span><span class=\"TextRun SCX72215468\" lang=\"EN-GB\" xml:lang=\"EN-GB\"><span class=\"NormalTextRun SCX72215468\">\u00a0the Costa\u00a0<\/span><\/span><span class=\"TextRun SCX72215468\" lang=\"EN-GB\" xml:lang=\"EN-GB\"><span class=\"SpellingError SCX72215468\">Dorada<\/span><\/span><span class=\"TextRun SCX72215468\" lang=\"EN-GB\" xml:lang=\"EN-GB\"><span class=\"NormalTextRun SCX72215468\">\u00a0have already taken the streets in most of the towns and cities of the area. It is a much quieter time and the streets of all cities are filled with light to receive the\u00a0<\/span><\/span><span class=\"TextRun SCX72215468\" lang=\"EN-GB\" xml:lang=\"EN-GB\"><span class=\"NormalTextRun SCX72215468\">loveliest<\/span><\/span><span class=\"TextRun SCX72215468\" lang=\"EN-GB\" xml:lang=\"EN-GB\"><span class=\"NormalTextRun SCX72215468\">\u00a0<\/span><\/span><span class=\"TextRun SCX72215468\" lang=\"EN-GB\" xml:lang=\"EN-GB\"><span class=\"NormalTextRun SCX72215468\">festivities<\/span><\/span><span class=\"TextRun SCX72215468\" lang=\"EN-GB\" xml:lang=\"EN-GB\"><span class=\"NormalTextRun SCX72215468\">\u00a0of the year with a smile.<\/span><\/span><\/p>\n<p>&nbsp;<\/p>\n<figure id=\"attachment_5149\" aria-describedby=\"caption-attachment-5149\" style=\"width: 1000px\" class=\"wp-caption alignnone\"><img loading=\"lazy\" decoding=\"async\" class=\"wp-image-5149 size-full\" title=\"Christmas Markets on the Costa Dorada\" src=\"https:\/\/www.litoral.es\/guia-de-vacaciones\/wp-content\/uploads\/2016\/12\/rsz_mercadillodenavidadjpg.jpg\" alt=\"Christmas Markets on the Costa Dorada\" width=\"1000\" height=\"665\" srcset=\"https:\/\/www.litoral.es\/guia-de-vacaciones\/wp-content\/uploads\/2016\/12\/rsz_mercadillodenavidadjpg.jpg 1000w, https:\/\/www.litoral.es\/guia-de-vacaciones\/wp-content\/uploads\/2016\/12\/rsz_mercadillodenavidadjpg-250x166.jpg 250w, https:\/\/www.litoral.es\/guia-de-vacaciones\/wp-content\/uploads\/2016\/12\/rsz_mercadillodenavidadjpg-768x511.jpg 768w, https:\/\/www.litoral.es\/guia-de-vacaciones\/wp-content\/uploads\/2016\/12\/rsz_mercadillodenavidadjpg-500x333.jpg 500w, https:\/\/www.litoral.es\/guia-de-vacaciones\/wp-content\/uploads\/2016\/12\/rsz_mercadillodenavidadjpg-300x200.jpg 300w, https:\/\/www.litoral.es\/guia-de-vacaciones\/wp-content\/uploads\/2016\/12\/rsz_mercadillodenavidadjpg-750x499.jpg 750w, https:\/\/www.litoral.es\/guia-de-vacaciones\/wp-content\/uploads\/2016\/12\/rsz_mercadillodenavidadjpg-380x253.jpg 380w, https:\/\/www.litoral.es\/guia-de-vacaciones\/wp-content\/uploads\/2016\/12\/rsz_mercadillodenavidadjpg-310x206.jpg 310w, https:\/\/www.litoral.es\/guia-de-vacaciones\/wp-content\/uploads\/2016\/12\/rsz_mercadillodenavidadjpg-360x239.jpg 360w, https:\/\/www.litoral.es\/guia-de-vacaciones\/wp-content\/uploads\/2016\/12\/rsz_mercadillodenavidadjpg-260x173.jpg 260w\" sizes=\"(max-width: 1000px) 100vw, 1000px\" \/><figcaption id=\"caption-attachment-5149\" class=\"wp-caption-text\">Christmas Markets on the Costa Dorada<\/figcaption><\/figure>\n<h2><b>Christmas markets on the Costa\u00a0<\/b><b>Dorada<\/b><b>: Tarragona<\/b><\/h2>\n<p>&nbsp;<\/p>\n<p>From the beginning of December <a href=\"https:\/\/www.tarragona.cat\/la-ciutat\/nadal-a-tarragona\">Tarragona\u2019s<\/a> streets are\u00a0illuminated and animated with the Christmas and craft markets, you can find them in the\u00a0Rambla\u00a0Nova until The 23 of December. These days\u00a0two deeply rooted traditions are revived:\u00a0the\u00a0ti\u00f3\u00a0(trunk that \u00abshits\u00bb gifts) and\u00a0Nativities\u00a0\u00a0that are exhibited in different associations and parks in the city. The parties are completed with several Christmas activities: as a representation of the\u00a0shepherds, carols and the children&#8217;s Christmas park, among others.<\/p>\n<p>&nbsp;<\/p>\n<figure id=\"attachment_5150\" aria-describedby=\"caption-attachment-5150\" style=\"width: 1000px\" class=\"wp-caption alignnone\"><img loading=\"lazy\" decoding=\"async\" class=\"wp-image-5150 size-full\" title=\"Christmas Markets on the Costa Dorada\" src=\"https:\/\/www.litoral.es\/guia-de-vacaciones\/wp-content\/uploads\/2016\/12\/rsz_reyes_en_tarragona.jpg\" alt=\"Christmas Markets on the Costa Dorada\" width=\"1000\" height=\"664\" srcset=\"https:\/\/www.litoral.es\/guia-de-vacaciones\/wp-content\/uploads\/2016\/12\/rsz_reyes_en_tarragona.jpg 1000w, https:\/\/www.litoral.es\/guia-de-vacaciones\/wp-content\/uploads\/2016\/12\/rsz_reyes_en_tarragona-250x166.jpg 250w, https:\/\/www.litoral.es\/guia-de-vacaciones\/wp-content\/uploads\/2016\/12\/rsz_reyes_en_tarragona-768x510.jpg 768w, https:\/\/www.litoral.es\/guia-de-vacaciones\/wp-content\/uploads\/2016\/12\/rsz_reyes_en_tarragona-500x332.jpg 500w, https:\/\/www.litoral.es\/guia-de-vacaciones\/wp-content\/uploads\/2016\/12\/rsz_reyes_en_tarragona-300x199.jpg 300w, https:\/\/www.litoral.es\/guia-de-vacaciones\/wp-content\/uploads\/2016\/12\/rsz_reyes_en_tarragona-750x498.jpg 750w, https:\/\/www.litoral.es\/guia-de-vacaciones\/wp-content\/uploads\/2016\/12\/rsz_reyes_en_tarragona-380x252.jpg 380w, https:\/\/www.litoral.es\/guia-de-vacaciones\/wp-content\/uploads\/2016\/12\/rsz_reyes_en_tarragona-310x206.jpg 310w, https:\/\/www.litoral.es\/guia-de-vacaciones\/wp-content\/uploads\/2016\/12\/rsz_reyes_en_tarragona-360x239.jpg 360w, https:\/\/www.litoral.es\/guia-de-vacaciones\/wp-content\/uploads\/2016\/12\/rsz_reyes_en_tarragona-260x173.jpg 260w\" sizes=\"(max-width: 1000px) 100vw, 1000px\" \/><figcaption id=\"caption-attachment-5150\" class=\"wp-caption-text\">Christmas Markets on the Costa Dorada<\/figcaption><\/figure>\n<p>&nbsp;<\/p>\n<h2><b>Christmas Markets on the Costa\u00a0<\/b><b>Dorada<\/b><b>: Reus<\/b><\/h2>\n<p>&nbsp;<\/p>\n<p>In Reus the Christmas Market is installed in the Plaza del\u00a0Mercadal\u00a0and\u00a0counts with 17 exhibitors. The market will remain open until Sunday, December 15 from 10 am to 9 pm.<\/p>\n<p>Visitors to the Christmas Market will be able to find an extensive offer of traditional products related to the Christmas holidays: figures of\u00a0the\u00a0Nativity,\u00a0crafts, lights and decorations for the home, \u00abtions\u00bb, and much more &#8230; There will even be a stop with\u00a0poultry, typical food\u00a0of Christmas\u00a0tables.\u00a0Find the guide of all activities proposed by the city of Reus <a href=\"https:\/\/www.reus.cat\/noticia\/reus-un-nadal-de-somni\">here<\/a>.<\/p>\n<p>&nbsp;<\/p>\n<figure id=\"attachment_5153\" aria-describedby=\"caption-attachment-5153\" style=\"width: 1000px\" class=\"wp-caption alignnone\"><img loading=\"lazy\" decoding=\"async\" class=\"wp-image-5153 size-full\" title=\"Christmas Markets on the Costa Dorada\" src=\"https:\/\/www.litoral.es\/guia-de-vacaciones\/wp-content\/uploads\/2016\/12\/rsz_denavidad.jpg\" alt=\"Christmas Markets on the Costa Dorada\" width=\"1000\" height=\"667\" srcset=\"https:\/\/www.litoral.es\/guia-de-vacaciones\/wp-content\/uploads\/2016\/12\/rsz_denavidad.jpg 1000w, https:\/\/www.litoral.es\/guia-de-vacaciones\/wp-content\/uploads\/2016\/12\/rsz_denavidad-250x167.jpg 250w, https:\/\/www.litoral.es\/guia-de-vacaciones\/wp-content\/uploads\/2016\/12\/rsz_denavidad-768x512.jpg 768w, https:\/\/www.litoral.es\/guia-de-vacaciones\/wp-content\/uploads\/2016\/12\/rsz_denavidad-500x334.jpg 500w, https:\/\/www.litoral.es\/guia-de-vacaciones\/wp-content\/uploads\/2016\/12\/rsz_denavidad-300x200.jpg 300w, https:\/\/www.litoral.es\/guia-de-vacaciones\/wp-content\/uploads\/2016\/12\/rsz_denavidad-750x500.jpg 750w, https:\/\/www.litoral.es\/guia-de-vacaciones\/wp-content\/uploads\/2016\/12\/rsz_denavidad-380x253.jpg 380w, https:\/\/www.litoral.es\/guia-de-vacaciones\/wp-content\/uploads\/2016\/12\/rsz_denavidad-310x207.jpg 310w, https:\/\/www.litoral.es\/guia-de-vacaciones\/wp-content\/uploads\/2016\/12\/rsz_denavidad-360x240.jpg 360w, https:\/\/www.litoral.es\/guia-de-vacaciones\/wp-content\/uploads\/2016\/12\/rsz_denavidad-260x173.jpg 260w\" sizes=\"(max-width: 1000px) 100vw, 1000px\" \/><figcaption id=\"caption-attachment-5153\" class=\"wp-caption-text\">Christmas Markets on the Costa Dorada<\/figcaption><\/figure>\n<p>&nbsp;<\/p>\n<h2><b>Christmas Markets on the Costa\u00a0<\/b><b>Dorada<\/b><b>:\u00a0<\/b><b>Salou<\/b><\/h2>\n<p>&nbsp;<\/p>\n<p>In\u00a0Salou\u00a0there is also Christmas Market, which takes place on the Via Roma, opposite the Municipal Market. This market houses samples of crafts, food, toys,\u00a0and decoration, among others. We want to emphasize\u00a0the nativity of the\u00a0Masia,\u00a0the\u00a0espai\u00a0Xic&#8217;s\u00a0activities for the little ones, concerts, and a long etcetera of\u00a0Christmas\u00a0activities for all the ages. Another fun initiative for the youngest children is the solidarity\u00a0<i>Tio<\/i>: on December 17, at 11 o&#8217;clock in the old town of\u00a0Salou, inflatable mattresses will be installed and hot\u00a0chocolate will be offered to all children who bring food to the giant\u00a0<i>Tio<\/i>\u00a0of\u00a0Salou, since it will benefit Caritas of the municipality.<\/p>\n<p>&nbsp;<\/p>\n<figure id=\"attachment_5156\" aria-describedby=\"caption-attachment-5156\" style=\"width: 1000px\" class=\"wp-caption alignnone\"><img loading=\"lazy\" decoding=\"async\" class=\"wp-image-5156 size-full\" title=\"Christmas Markets on the Costa Dorada\" src=\"https:\/\/www.litoral.es\/guia-de-vacaciones\/wp-content\/uploads\/2016\/12\/Depositphotos_59395213_m-2015.jpg\" alt=\"Christmas Markets on the Costa Dorada\" width=\"1000\" height=\"664\" srcset=\"https:\/\/www.litoral.es\/guia-de-vacaciones\/wp-content\/uploads\/2016\/12\/Depositphotos_59395213_m-2015.jpg 1000w, https:\/\/www.litoral.es\/guia-de-vacaciones\/wp-content\/uploads\/2016\/12\/Depositphotos_59395213_m-2015-250x166.jpg 250w, https:\/\/www.litoral.es\/guia-de-vacaciones\/wp-content\/uploads\/2016\/12\/Depositphotos_59395213_m-2015-768x510.jpg 768w, https:\/\/www.litoral.es\/guia-de-vacaciones\/wp-content\/uploads\/2016\/12\/Depositphotos_59395213_m-2015-500x332.jpg 500w, https:\/\/www.litoral.es\/guia-de-vacaciones\/wp-content\/uploads\/2016\/12\/Depositphotos_59395213_m-2015-300x199.jpg 300w, https:\/\/www.litoral.es\/guia-de-vacaciones\/wp-content\/uploads\/2016\/12\/Depositphotos_59395213_m-2015-750x498.jpg 750w, https:\/\/www.litoral.es\/guia-de-vacaciones\/wp-content\/uploads\/2016\/12\/Depositphotos_59395213_m-2015-380x252.jpg 380w, https:\/\/www.litoral.es\/guia-de-vacaciones\/wp-content\/uploads\/2016\/12\/Depositphotos_59395213_m-2015-310x206.jpg 310w, https:\/\/www.litoral.es\/guia-de-vacaciones\/wp-content\/uploads\/2016\/12\/Depositphotos_59395213_m-2015-360x239.jpg 360w, https:\/\/www.litoral.es\/guia-de-vacaciones\/wp-content\/uploads\/2016\/12\/Depositphotos_59395213_m-2015-260x173.jpg 260w\" sizes=\"(max-width: 1000px) 100vw, 1000px\" \/><figcaption id=\"caption-attachment-5156\" class=\"wp-caption-text\">Tio de Nadal<\/figcaption><\/figure>\n<p>&nbsp;<\/p>\n","protected":false},"excerpt":{"rendered":"<p>Christmas is also a good time to enjoy the Costa\u00a0Dorada.\u00a0The\u00a0Christmas\u00a0markets on\u00a0the Costa\u00a0Dorada\u00a0have already taken the streets in most of the towns and cities of the area. It is a much quieter time and the streets of all cities are filled with light to receive the\u00a0loveliest\u00a0festivities\u00a0of the year with a smile. &nbsp; Christmas markets on the [&#8230;]<\/p>\n<p><a class=\"understrap-read-more-link btn btn-outline-dark btn-sm\" href=\"https:\/\/www.litoral.es\/guia-de-vacaciones\/christmas-markets-on-the-costa-dorada\/\">Continue Reading&#8230;<\/a><\/p>\n","protected":false},"author":9,"featured_media":5157,"comment_status":"open","ping_status":"open","sticky":false,"template":"","format":"image","meta":{"footnotes":""},"categories":[299,300,301,350,219],"tags":[351,342,352],"yoast_head":"<!-- This site is optimized with the Yoast SEO plugin v20.2.1 - https:\/\/yoast.com\/wordpress\/plugins\/seo\/ -->\n<title>Christmas Markets on the Costa Dorada: essential guide<\/title>\n<meta name=\"description\" content=\"Christmas is also a good time to enjoy the Costa Dorada. The Christmas markets on the Costa Dorada have already taken the streets in most of the towns.\" \/>\n<meta name=\"robots\" content=\"index, follow, max-snippet:-1, max-image-preview:large, max-video-preview:-1\" \/>\n<link rel=\"canonical\" href=\"https:\/\/www.litoral.es\/guia-de-vacaciones\/christmas-markets-on-the-costa-dorada\/\" \/>\n<meta property=\"og:locale\" content=\"es_ES\" \/>\n<meta property=\"og:type\" content=\"article\" \/>\n<meta property=\"og:title\" content=\"Christmas Markets on the Costa Dorada: essential guide\" \/>\n<meta property=\"og:description\" content=\"Christmas is also a good time to enjoy the Costa Dorada. The Christmas markets on the Costa Dorada have already taken the streets in most of the towns.\" \/>\n<meta property=\"og:url\" content=\"https:\/\/www.litoral.es\/guia-de-vacaciones\/christmas-markets-on-the-costa-dorada\/\" \/>\n<meta property=\"og:site_name\" content=\"Litoral Costa Dorada Blog\" \/>\n<meta property=\"article:publisher\" content=\"https:\/\/www.facebook.com\/pages\/Litoral-Costa-Dorada\/461561627270721\" \/>\n<meta property=\"article:published_time\" content=\"2016-12-16T11:09:35+00:00\" \/>\n<meta property=\"article:modified_time\" content=\"2016-12-16T11:21:18+00:00\" \/>\n<meta property=\"og:image\" content=\"https:\/\/www.litoral.es\/guia-de-vacaciones\/wp-content\/uploads\/2016\/12\/tio_150.jpg\" \/>\n\t<meta property=\"og:image:width\" content=\"1000\" \/>\n\t<meta property=\"og:image:height\" content=\"664\" \/>\n\t<meta property=\"og:image:type\" content=\"image\/jpeg\" \/>\n<meta name=\"author\" content=\"Equipo Litoral\" \/>\n<meta name=\"twitter:label1\" content=\"Written by\" \/>\n\t<meta name=\"twitter:data1\" content=\"Equipo Litoral\" \/>\n\t<meta name=\"twitter:label2\" content=\"Est. reading time\" \/>\n\t<meta name=\"twitter:data2\" content=\"2 minutos\" \/>\n<script type=\"application\/ld+json\" class=\"yoast-schema-graph\">{\"@context\":\"https:\/\/schema.org\",\"@graph\":[{\"@type\":\"Article\",\"@id\":\"https:\/\/www.litoral.es\/guia-de-vacaciones\/christmas-markets-on-the-costa-dorada\/#article\",\"isPartOf\":{\"@id\":\"https:\/\/www.litoral.es\/guia-de-vacaciones\/christmas-markets-on-the-costa-dorada\/\"},\"author\":{\"name\":\"Equipo Litoral\",\"@id\":\"https:\/\/www.litoral.es\/guia-de-vacaciones\/#\/schema\/person\/2bf197ec65bc9a232842fa4ffa6b92f8\"},\"headline\":\"Christmas Markets on the Costa Dorada: essential guide\",\"datePublished\":\"2016-12-16T11:09:35+00:00\",\"dateModified\":\"2016-12-16T11:21:18+00:00\",\"mainEntityOfPage\":{\"@id\":\"https:\/\/www.litoral.es\/guia-de-vacaciones\/christmas-markets-on-the-costa-dorada\/\"},\"wordCount\":428,\"commentCount\":0,\"publisher\":{\"@id\":\"https:\/\/www.litoral.es\/guia-de-vacaciones\/#organization\"},\"keywords\":[\"mercadillos\",\"navidad\",\"t\u00edo\"],\"articleSection\":[\"DESTINATIONS\",\"Destinos\",\"Reus\",\"Salou\",\"With Children\"],\"inLanguage\":\"es\"},{\"@type\":\"WebPage\",\"@id\":\"https:\/\/www.litoral.es\/guia-de-vacaciones\/christmas-markets-on-the-costa-dorada\/\",\"url\":\"https:\/\/www.litoral.es\/guia-de-vacaciones\/christmas-markets-on-the-costa-dorada\/\",\"name\":\"Christmas Markets on the Costa Dorada: essential guide\",\"isPartOf\":{\"@id\":\"https:\/\/www.litoral.es\/guia-de-vacaciones\/#website\"},\"datePublished\":\"2016-12-16T11:09:35+00:00\",\"dateModified\":\"2016-12-16T11:21:18+00:00\",\"description\":\"Christmas is also a good time to enjoy the Costa Dorada. The Christmas markets on the Costa Dorada have already taken the streets in most of the towns.\",\"breadcrumb\":{\"@id\":\"https:\/\/www.litoral.es\/guia-de-vacaciones\/christmas-markets-on-the-costa-dorada\/#breadcrumb\"},\"inLanguage\":\"es\",\"potentialAction\":[{\"@type\":\"ReadAction\",\"target\":[\"https:\/\/www.litoral.es\/guia-de-vacaciones\/christmas-markets-on-the-costa-dorada\/\"]}]},{\"@type\":\"BreadcrumbList\",\"@id\":\"https:\/\/www.litoral.es\/guia-de-vacaciones\/christmas-markets-on-the-costa-dorada\/#breadcrumb\",\"itemListElement\":[{\"@type\":\"ListItem\",\"position\":1,\"name\":\"Home\",\"item\":\"https:\/\/www.litoral.es\/guia-de-vacaciones\/\"},{\"@type\":\"ListItem\",\"position\":2,\"name\":\"Christmas Markets on the Costa Dorada: essential guide\"}]},{\"@type\":\"WebSite\",\"@id\":\"https:\/\/www.litoral.es\/guia-de-vacaciones\/#website\",\"url\":\"https:\/\/www.litoral.es\/guia-de-vacaciones\/\",\"name\":\"Litoral Costa Dorada Blog\",\"description\":\"Alquiler y venta de alojamientos tur\u00edsticos en la Costa Dorada\",\"publisher\":{\"@id\":\"https:\/\/www.litoral.es\/guia-de-vacaciones\/#organization\"},\"potentialAction\":[{\"@type\":\"SearchAction\",\"target\":{\"@type\":\"EntryPoint\",\"urlTemplate\":\"https:\/\/www.litoral.es\/guia-de-vacaciones\/?s={search_term_string}\"},\"query-input\":\"required name=search_term_string\"}],\"inLanguage\":\"es\"},{\"@type\":\"Organization\",\"@id\":\"https:\/\/www.litoral.es\/guia-de-vacaciones\/#organization\",\"name\":\"Litoral Costa Dorada Blog\",\"url\":\"https:\/\/www.litoral.es\/guia-de-vacaciones\/\",\"logo\":{\"@type\":\"ImageObject\",\"inLanguage\":\"es\",\"@id\":\"https:\/\/www.litoral.es\/guia-de-vacaciones\/#\/schema\/logo\/image\/\",\"url\":\"https:\/\/www.litoral.es\/guia-de-vacaciones\/wp-content\/uploads\/2023\/11\/litoral_blog.png\",\"contentUrl\":\"https:\/\/www.litoral.es\/guia-de-vacaciones\/wp-content\/uploads\/2023\/11\/litoral_blog.png\",\"width\":1254,\"height\":221,\"caption\":\"Litoral Costa Dorada Blog\"},\"image\":{\"@id\":\"https:\/\/www.litoral.es\/guia-de-vacaciones\/#\/schema\/logo\/image\/\"},\"sameAs\":[\"https:\/\/www.facebook.com\/pages\/Litoral-Costa-Dorada\/461561627270721\"]},{\"@type\":\"Person\",\"@id\":\"https:\/\/www.litoral.es\/guia-de-vacaciones\/#\/schema\/person\/2bf197ec65bc9a232842fa4ffa6b92f8\",\"name\":\"Equipo Litoral\",\"image\":{\"@type\":\"ImageObject\",\"inLanguage\":\"es\",\"@id\":\"https:\/\/www.litoral.es\/guia-de-vacaciones\/#\/schema\/person\/image\/\",\"url\":\"https:\/\/secure.gravatar.com\/avatar\/de895944a3ff26c4d470d57377e71926?s=96&d=mm&r=g\",\"contentUrl\":\"https:\/\/secure.gravatar.com\/avatar\/de895944a3ff26c4d470d57377e71926?s=96&d=mm&r=g\",\"caption\":\"Equipo Litoral\"},\"description\":\"Somos unos apasionados de nuestra tierra y nuestras ra\u00edces. La Costa Dorada ofrece playas y calas v\u00edrgenes, una gran riqueza hist\u00f3rica y cultural, parques de atracciones, gastronom\u00eda y un clima privilegiado, que atraen cada a\u00f1o a millones de viajeros a nuestras costas. Y ah\u00ed estamos nosotros para ayudar a todo aquel que se anime a viajar hasta aqu\u00ed, con informaci\u00f3n detallada, curiosidades y consejos para que no os perd\u00e1is nada.\"}]}<\/script>\n<!-- \/ Yoast SEO plugin. -->","yoast_head_json":{"title":"Christmas Markets on the Costa Dorada: essential guide","description":"Christmas is also a good time to enjoy the Costa Dorada. The Christmas markets on the Costa Dorada have already taken the streets in most of the towns.","robots":{"index":"index","follow":"follow","max-snippet":"max-snippet:-1","max-image-preview":"max-image-preview:large","max-video-preview":"max-video-preview:-1"},"canonical":"https:\/\/www.litoral.es\/guia-de-vacaciones\/christmas-markets-on-the-costa-dorada\/","og_locale":"es_ES","og_type":"article","og_title":"Christmas Markets on the Costa Dorada: essential guide","og_description":"Christmas is also a good time to enjoy the Costa Dorada. The Christmas markets on the Costa Dorada have already taken the streets in most of the towns.","og_url":"https:\/\/www.litoral.es\/guia-de-vacaciones\/christmas-markets-on-the-costa-dorada\/","og_site_name":"Litoral Costa Dorada Blog","article_publisher":"https:\/\/www.facebook.com\/pages\/Litoral-Costa-Dorada\/461561627270721","article_published_time":"2016-12-16T11:09:35+00:00","article_modified_time":"2016-12-16T11:21:18+00:00","og_image":[{"width":1000,"height":664,"url":"https:\/\/www.litoral.es\/guia-de-vacaciones\/wp-content\/uploads\/2016\/12\/tio_150.jpg","type":"image\/jpeg"}],"author":"Equipo Litoral","twitter_misc":{"Written by":"Equipo Litoral","Est. reading time":"2 minutos"},"schema":{"@context":"https:\/\/schema.org","@graph":[{"@type":"Article","@id":"https:\/\/www.litoral.es\/guia-de-vacaciones\/christmas-markets-on-the-costa-dorada\/#article","isPartOf":{"@id":"https:\/\/www.litoral.es\/guia-de-vacaciones\/christmas-markets-on-the-costa-dorada\/"},"author":{"name":"Equipo Litoral","@id":"https:\/\/www.litoral.es\/guia-de-vacaciones\/#\/schema\/person\/2bf197ec65bc9a232842fa4ffa6b92f8"},"headline":"Christmas Markets on the Costa Dorada: essential guide","datePublished":"2016-12-16T11:09:35+00:00","dateModified":"2016-12-16T11:21:18+00:00","mainEntityOfPage":{"@id":"https:\/\/www.litoral.es\/guia-de-vacaciones\/christmas-markets-on-the-costa-dorada\/"},"wordCount":428,"commentCount":0,"publisher":{"@id":"https:\/\/www.litoral.es\/guia-de-vacaciones\/#organization"},"keywords":["mercadillos","navidad","t\u00edo"],"articleSection":["DESTINATIONS","Destinos","Reus","Salou","With Children"],"inLanguage":"es"},{"@type":"WebPage","@id":"https:\/\/www.litoral.es\/guia-de-vacaciones\/christmas-markets-on-the-costa-dorada\/","url":"https:\/\/www.litoral.es\/guia-de-vacaciones\/christmas-markets-on-the-costa-dorada\/","name":"Christmas Markets on the Costa Dorada: essential guide","isPartOf":{"@id":"https:\/\/www.litoral.es\/guia-de-vacaciones\/#website"},"datePublished":"2016-12-16T11:09:35+00:00","dateModified":"2016-12-16T11:21:18+00:00","description":"Christmas is also a good time to enjoy the Costa Dorada. The Christmas markets on the Costa Dorada have already taken the streets in most of the towns.","breadcrumb":{"@id":"https:\/\/www.litoral.es\/guia-de-vacaciones\/christmas-markets-on-the-costa-dorada\/#breadcrumb"},"inLanguage":"es","potentialAction":[{"@type":"ReadAction","target":["https:\/\/www.litoral.es\/guia-de-vacaciones\/christmas-markets-on-the-costa-dorada\/"]}]},{"@type":"BreadcrumbList","@id":"https:\/\/www.litoral.es\/guia-de-vacaciones\/christmas-markets-on-the-costa-dorada\/#breadcrumb","itemListElement":[{"@type":"ListItem","position":1,"name":"Home","item":"https:\/\/www.litoral.es\/guia-de-vacaciones\/"},{"@type":"ListItem","position":2,"name":"Christmas Markets on the Costa Dorada: essential guide"}]},{"@type":"WebSite","@id":"https:\/\/www.litoral.es\/guia-de-vacaciones\/#website","url":"https:\/\/www.litoral.es\/guia-de-vacaciones\/","name":"Litoral Costa Dorada Blog","description":"Alquiler y venta de alojamientos tur\u00edsticos en la Costa Dorada","publisher":{"@id":"https:\/\/www.litoral.es\/guia-de-vacaciones\/#organization"},"potentialAction":[{"@type":"SearchAction","target":{"@type":"EntryPoint","urlTemplate":"https:\/\/www.litoral.es\/guia-de-vacaciones\/?s={search_term_string}"},"query-input":"required name=search_term_string"}],"inLanguage":"es"},{"@type":"Organization","@id":"https:\/\/www.litoral.es\/guia-de-vacaciones\/#organization","name":"Litoral Costa Dorada Blog","url":"https:\/\/www.litoral.es\/guia-de-vacaciones\/","logo":{"@type":"ImageObject","inLanguage":"es","@id":"https:\/\/www.litoral.es\/guia-de-vacaciones\/#\/schema\/logo\/image\/","url":"https:\/\/www.litoral.es\/guia-de-vacaciones\/wp-content\/uploads\/2023\/11\/litoral_blog.png","contentUrl":"https:\/\/www.litoral.es\/guia-de-vacaciones\/wp-content\/uploads\/2023\/11\/litoral_blog.png","width":1254,"height":221,"caption":"Litoral Costa Dorada Blog"},"image":{"@id":"https:\/\/www.litoral.es\/guia-de-vacaciones\/#\/schema\/logo\/image\/"},"sameAs":["https:\/\/www.facebook.com\/pages\/Litoral-Costa-Dorada\/461561627270721"]},{"@type":"Person","@id":"https:\/\/www.litoral.es\/guia-de-vacaciones\/#\/schema\/person\/2bf197ec65bc9a232842fa4ffa6b92f8","name":"Equipo Litoral","image":{"@type":"ImageObject","inLanguage":"es","@id":"https:\/\/www.litoral.es\/guia-de-vacaciones\/#\/schema\/person\/image\/","url":"https:\/\/secure.gravatar.com\/avatar\/de895944a3ff26c4d470d57377e71926?s=96&d=mm&r=g","contentUrl":"https:\/\/secure.gravatar.com\/avatar\/de895944a3ff26c4d470d57377e71926?s=96&d=mm&r=g","caption":"Equipo Litoral"},"description":"Somos unos apasionados de nuestra tierra y nuestras ra\u00edces. La Costa Dorada ofrece playas y calas v\u00edrgenes, una gran riqueza hist\u00f3rica y cultural, parques de atracciones, gastronom\u00eda y un clima privilegiado, que atraen cada a\u00f1o a millones de viajeros a nuestras costas. Y ah\u00ed estamos nosotros para ayudar a todo aquel que se anime a viajar hasta aqu\u00ed, con informaci\u00f3n detallada, curiosidades y consejos para que no os perd\u00e1is nada."}]}},"_links":{"self":[{"href":"https:\/\/www.litoral.es\/guia-de-vacaciones\/wp-json\/wp\/v2\/posts\/5161"}],"collection":[{"href":"https:\/\/www.litoral.es\/guia-de-vacaciones\/wp-json\/wp\/v2\/posts"}],"about":[{"href":"https:\/\/www.litoral.es\/guia-de-vacaciones\/wp-json\/wp\/v2\/types\/post"}],"author":[{"embeddable":true,"href":"https:\/\/www.litoral.es\/guia-de-vacaciones\/wp-json\/wp\/v2\/users\/9"}],"replies":[{"embeddable":true,"href":"https:\/\/www.litoral.es\/guia-de-vacaciones\/wp-json\/wp\/v2\/comments?post=5161"}],"version-history":[{"count":2,"href":"https:\/\/www.litoral.es\/guia-de-vacaciones\/wp-json\/wp\/v2\/posts\/5161\/revisions"}],"predecessor-version":[{"id":5163,"href":"https:\/\/www.litoral.es\/guia-de-vacaciones\/wp-json\/wp\/v2\/posts\/5161\/revisions\/5163"}],"wp:featuredmedia":[{"embeddable":true,"href":"https:\/\/www.litoral.es\/guia-de-vacaciones\/wp-json\/wp\/v2\/media\/5157"}],"wp:attachment":[{"href":"https:\/\/www.litoral.es\/guia-de-vacaciones\/wp-json\/wp\/v2\/media?parent=5161"}],"wp:term":[{"taxonomy":"category","embeddable":true,"href":"https:\/\/www.litoral.es\/guia-de-vacaciones\/wp-json\/wp\/v2\/categories?post=5161"},{"taxonomy":"post_tag","embeddable":true,"href":"https:\/\/www.litoral.es\/guia-de-vacaciones\/wp-json\/wp\/v2\/tags?post=5161"}],"curies":[{"name":"wp","href":"https:\/\/api.w.org\/{rel}","templated":true}]}}