{"id":5372,"date":"2017-01-20T12:21:13","date_gmt":"2017-01-20T11:21:13","guid":{"rendered":"https:\/\/www.litoral.es\/guia-de-vacaciones\/?p=5372"},"modified":"2017-01-20T12:22:10","modified_gmt":"2017-01-20T11:22:10","slug":"3-planes-alternativos-en-la-costa-dorada","status":"publish","type":"post","link":"https:\/\/www.litoral.es\/guia-de-vacaciones\/3-planes-alternativos-en-la-costa-dorada\/","title":{"rendered":"Tres planes alternativos en la Costa Dorada"},"content":{"rendered":"<p>Puede que tras pasar algunos d\u00edas en la <strong>Costa Dorada<\/strong> relaj\u00e1ndote en la arena de la playa, te apetezca hacer algo un poco diferente\u2026 As\u00ed que aqu\u00ed van tres planes\u00a0alternativos en la Costa Dorada, para los rom\u00e1nticos, para los amantes de la historia y para los aventureros. \u00a1Elige el tuyo!<\/p>\n<h2>Tres planes alternativos en la Costa Dorada: Dar un paseo por el rom\u00e1ntico\u00a0Parque\u00a0Sam\u00e1<\/h2>\n<p>Empezamos con un plan perfecto para parejas.\u00a0A medio camino entre\u00a0<strong>Cambrils\u00a0y\u00a0Montbri\u00f3\u00a0del Camp<\/strong>, el\u00a0<b>Parque\u00a0<\/b><b>Sam\u00e1<\/b>\u00a0fue creado a finales del s. XIX por encargo del Marqu\u00e9s de Marianao, que quiso recuperar con \u00e9l\u00a0parte\u00a0del ambiente de la Cuba colonial, donde hab\u00eda estado viviendo con su familia. El Parque\u00a0Sam\u00e1\u00a0est\u00e1 formado por los jardines, el palacio y un estanque artificial en el que hay carpas y tortugas. Est\u00e1 considerado uno de los mejores jardines de estilo rom\u00e1ntico en el Mediterr\u00e1neo.\u00a0\u00a0Si vas durante el verano,\u00a0podr\u00e1s verlo convertido\u00a0en escenario de conciertos y otros espect\u00e1culos.<\/p>\n<p>&nbsp;<\/p>\n<figure id=\"attachment_5376\" aria-describedby=\"caption-attachment-5376\" style=\"width: 1000px\" class=\"wp-caption alignnone\"><img loading=\"lazy\" decoding=\"async\" class=\"wp-image-5376 size-full\" title=\"planes alternativos en la Costa Dorada\" src=\"https:\/\/www.litoral.es\/guia-de-vacaciones\/wp-content\/uploads\/2017\/01\/Parc_Sam\u00e0_Cambrils_-_15.jpg\" alt=\"planes alternativos en la Costa Dorada\" width=\"1000\" height=\"611\" srcset=\"https:\/\/www.litoral.es\/guia-de-vacaciones\/wp-content\/uploads\/2017\/01\/Parc_Sam\u00e0_Cambrils_-_15.jpg 1000w, https:\/\/www.litoral.es\/guia-de-vacaciones\/wp-content\/uploads\/2017\/01\/Parc_Sam\u00e0_Cambrils_-_15-250x153.jpg 250w, https:\/\/www.litoral.es\/guia-de-vacaciones\/wp-content\/uploads\/2017\/01\/Parc_Sam\u00e0_Cambrils_-_15-768x469.jpg 768w, https:\/\/www.litoral.es\/guia-de-vacaciones\/wp-content\/uploads\/2017\/01\/Parc_Sam\u00e0_Cambrils_-_15-500x306.jpg 500w, https:\/\/www.litoral.es\/guia-de-vacaciones\/wp-content\/uploads\/2017\/01\/Parc_Sam\u00e0_Cambrils_-_15-300x183.jpg 300w, https:\/\/www.litoral.es\/guia-de-vacaciones\/wp-content\/uploads\/2017\/01\/Parc_Sam\u00e0_Cambrils_-_15-750x458.jpg 750w, https:\/\/www.litoral.es\/guia-de-vacaciones\/wp-content\/uploads\/2017\/01\/Parc_Sam\u00e0_Cambrils_-_15-380x232.jpg 380w, https:\/\/www.litoral.es\/guia-de-vacaciones\/wp-content\/uploads\/2017\/01\/Parc_Sam\u00e0_Cambrils_-_15-310x189.jpg 310w, https:\/\/www.litoral.es\/guia-de-vacaciones\/wp-content\/uploads\/2017\/01\/Parc_Sam\u00e0_Cambrils_-_15-360x220.jpg 360w, https:\/\/www.litoral.es\/guia-de-vacaciones\/wp-content\/uploads\/2017\/01\/Parc_Sam\u00e0_Cambrils_-_15-260x159.jpg 260w\" sizes=\"(max-width: 1000px) 100vw, 1000px\" \/><figcaption id=\"caption-attachment-5376\" class=\"wp-caption-text\">De MARIA ROSA FERRE \u273f &#8211; Flickr: Torre Mirador, Parc Sam\u00e0, Cambrils, <a href=\"https:\/\/commons.wikimedia.org\/w\/index.php?curid=21134833\">CC BY-SA 2.0<\/a><\/figcaption><\/figure>\n<h2><b>Recordar c\u00f3mo era la vida marinera en<\/b><b>\u00a0la Casa-museo de Carlos Barral<\/b><\/h2>\n<p>En primera l\u00ednea de mar en la <strong>playa de\u00a0Calafell<\/strong>, est\u00e1 la que fue la casa del escritor y editor\u00a0<b>Carlos Barral<\/b>\u00a0(1928-1989).\u00a0\u00a0Es una casa tradicional de pescadores, de dos plantas y con una balconada de madera pintada. Es la \u00faltima de este estilo que a\u00fan queda en el paseo mar\u00edtimo de\u00a0Calafell. Actualmente funciona como museo y en su interior\u00a0se puede rememorar\u00a0el pasado\u00a0a trav\u00e9s de fotograf\u00edas antiguas, objetos de \u00e9poca y paneles explicativos\u00a0que muestran\u00a0c\u00f3mo era\u00a0la vida de los pescadores antes de la llegada del turismo.\u00a0\u00a1Plan alternativo perfecto para nost\u00e1lgicos y ansiosos de conocimiento!<\/p>\n<p>&nbsp;<\/p>\n<figure id=\"attachment_5374\" aria-describedby=\"caption-attachment-5374\" style=\"width: 2272px\" class=\"wp-caption alignnone\"><img loading=\"lazy\" decoding=\"async\" class=\"wp-image-5374 size-full\" title=\"planes alternativos en la Costa Dorada\" src=\"https:\/\/www.litoral.es\/guia-de-vacaciones\/wp-content\/uploads\/2017\/01\/rsz_004_museu_casa_barral.jpg\" alt=\"planes alternativos en la Costa Dorada\" width=\"2272\" height=\"1704\" srcset=\"https:\/\/www.litoral.es\/guia-de-vacaciones\/wp-content\/uploads\/2017\/01\/rsz_004_museu_casa_barral.jpg 2272w, https:\/\/www.litoral.es\/guia-de-vacaciones\/wp-content\/uploads\/2017\/01\/rsz_004_museu_casa_barral-250x188.jpg 250w, https:\/\/www.litoral.es\/guia-de-vacaciones\/wp-content\/uploads\/2017\/01\/rsz_004_museu_casa_barral-768x576.jpg 768w, https:\/\/www.litoral.es\/guia-de-vacaciones\/wp-content\/uploads\/2017\/01\/rsz_004_museu_casa_barral-1200x900.jpg 1200w, https:\/\/www.litoral.es\/guia-de-vacaciones\/wp-content\/uploads\/2017\/01\/rsz_004_museu_casa_barral-500x375.jpg 500w, https:\/\/www.litoral.es\/guia-de-vacaciones\/wp-content\/uploads\/2017\/01\/rsz_004_museu_casa_barral-300x225.jpg 300w, https:\/\/www.litoral.es\/guia-de-vacaciones\/wp-content\/uploads\/2017\/01\/rsz_004_museu_casa_barral-750x563.jpg 750w, https:\/\/www.litoral.es\/guia-de-vacaciones\/wp-content\/uploads\/2017\/01\/rsz_004_museu_casa_barral-380x285.jpg 380w, https:\/\/www.litoral.es\/guia-de-vacaciones\/wp-content\/uploads\/2017\/01\/rsz_004_museu_casa_barral-310x233.jpg 310w, https:\/\/www.litoral.es\/guia-de-vacaciones\/wp-content\/uploads\/2017\/01\/rsz_004_museu_casa_barral-360x270.jpg 360w, https:\/\/www.litoral.es\/guia-de-vacaciones\/wp-content\/uploads\/2017\/01\/rsz_004_museu_casa_barral-260x195.jpg 260w\" sizes=\"(max-width: 2272px) 100vw, 2272px\" \/><figcaption id=\"caption-attachment-5374\" class=\"wp-caption-text\">By Enfo &#8211; <a href=\"https:\/\/commons.wikimedia.org\/w\/index.php?curid=21317723\">CC BY-SA 3.0<\/a><\/figcaption><\/figure>\n<h2><\/h2>\n<h2><b>Lanzarse a la aventura y nadar entre atunes en\u00a0<\/b><b>l\u2019Ametlla<\/b><b>\u00a0de Mar<\/b><\/h2>\n<p>Si eres m\u00e1s de aventura, entonces preferir\u00e1s un plan m\u00e1s activo. Seguro que alguna vez has visto anuncios de destinos ex\u00f3ticos en los que puedes nadar con ballenas, delfines o tiburones, pues bien, en\u00a0<strong>l\u2019Ametlla\u00a0de Mar<\/strong> puedes nadar entre atunes. Dicho as\u00ed, puede que no te parezca lo suficientemente emocionante, pero\u00a0pi\u00e9nsalo otra vez\u2026 Los\u00a0atunes rojos del Mediterr\u00e1neo\u00a0no son pececitos sin m\u00e1s,\u00a0pueden llegar a pesar m\u00e1s de 200 kg.\u00a0Nadar entre atunes es una experiencia \u00fanica para ver de cerca estos animales y aprender sobre ellos. Las excursiones las organiza la empresa\u00a0<a href=\"https:\/\/www.tuna-tour.com\/\"><b>Tuna Tour<\/b><\/a>.<\/p>\n<p>&nbsp;<\/p>\n<figure id=\"attachment_5375\" aria-describedby=\"caption-attachment-5375\" style=\"width: 1000px\" class=\"wp-caption alignnone\"><img loading=\"lazy\" decoding=\"async\" class=\"wp-image-5375 size-full\" title=\"planes alternativos en la Costa Dorada \" src=\"https:\/\/www.litoral.es\/guia-de-vacaciones\/wp-content\/uploads\/2017\/01\/amettlademar.jpg\" alt=\"planes alternativos en la Costa Dorada \" width=\"1000\" height=\"664\" srcset=\"https:\/\/www.litoral.es\/guia-de-vacaciones\/wp-content\/uploads\/2017\/01\/amettlademar.jpg 1000w, https:\/\/www.litoral.es\/guia-de-vacaciones\/wp-content\/uploads\/2017\/01\/amettlademar-250x166.jpg 250w, https:\/\/www.litoral.es\/guia-de-vacaciones\/wp-content\/uploads\/2017\/01\/amettlademar-768x510.jpg 768w, https:\/\/www.litoral.es\/guia-de-vacaciones\/wp-content\/uploads\/2017\/01\/amettlademar-500x332.jpg 500w, https:\/\/www.litoral.es\/guia-de-vacaciones\/wp-content\/uploads\/2017\/01\/amettlademar-300x199.jpg 300w, https:\/\/www.litoral.es\/guia-de-vacaciones\/wp-content\/uploads\/2017\/01\/amettlademar-750x498.jpg 750w, https:\/\/www.litoral.es\/guia-de-vacaciones\/wp-content\/uploads\/2017\/01\/amettlademar-380x252.jpg 380w, https:\/\/www.litoral.es\/guia-de-vacaciones\/wp-content\/uploads\/2017\/01\/amettlademar-310x206.jpg 310w, https:\/\/www.litoral.es\/guia-de-vacaciones\/wp-content\/uploads\/2017\/01\/amettlademar-360x239.jpg 360w, https:\/\/www.litoral.es\/guia-de-vacaciones\/wp-content\/uploads\/2017\/01\/amettlademar-260x173.jpg 260w\" sizes=\"(max-width: 1000px) 100vw, 1000px\" \/><figcaption id=\"caption-attachment-5375\" class=\"wp-caption-text\">Amtella de Mar<\/figcaption><\/figure>\n<p>&nbsp;<\/p>\n<h2>Si te ha gustado el art\u00edculo tambi\u00e9n te puede interesar:<\/h2>\n<ol>\n<li><a href=\"https:\/\/www.litoral.es\/guia-de-vacaciones\/motivos-visitar-cambrils\/\">Motivos Para Visitar Cambrils<\/a><\/li>\n<li><a href=\"https:\/\/www.litoral.es\/guia-de-vacaciones\/vacaciones-en-la-pineda\/\">5 Motivos Para Pasar Unas Vacaciones En La Pineda<\/a><\/li>\n<li><a href=\"https:\/\/www.litoral.es\/guia-de-vacaciones\/playas-de-salou\/\">La mejor playa del sur de Catalu\u00f1a<\/a><\/li>\n<li><a href=\"https:\/\/www.litoral.es\/guia-de-vacaciones\/que-ver-en-cambrils\/\" target=\"_blank\">Que ver en Cambrils con ni\u00f1os?<\/a><\/li>\n<li><a href=\"https:\/\/www.litoral.es\/guia-de-vacaciones\/1-dia-en-port-aventura\/\" target=\"_blank\">1 d\u00eda en PortAventura<\/a><\/li>\n<\/ol>\n","protected":false},"excerpt":{"rendered":"<p>Puede que tras pasar algunos d\u00edas en la Costa Dorada relaj\u00e1ndote en la arena de la playa, te apetezca hacer algo un poco diferente\u2026 As\u00ed que aqu\u00ed van tres planes\u00a0alternativos en la Costa Dorada, para los rom\u00e1nticos, para los amantes de la historia y para los aventureros. \u00a1Elige el tuyo! Tres planes alternativos en la [&#8230;]<\/p>\n<p><a class=\"understrap-read-more-link btn btn-outline-dark btn-sm\" href=\"https:\/\/www.litoral.es\/guia-de-vacaciones\/3-planes-alternativos-en-la-costa-dorada\/\">Continue Reading&#8230;<\/a><\/p>\n","protected":false},"author":9,"featured_media":5376,"comment_status":"open","ping_status":"open","sticky":false,"template":"","format":"image","meta":{"footnotes":""},"categories":[55,209],"tags":[],"yoast_head":"<!-- This site is optimized with the Yoast SEO plugin v20.2.1 - https:\/\/yoast.com\/wordpress\/plugins\/seo\/ -->\n<title>Tres planes alternativos en la Costa Dorada para todos los gustos<\/title>\n<meta name=\"description\" content=\"Aqu\u00ed van tres planes alternativos en la Costa Dorada, para los rom\u00e1nticos, para los amantes de la historia y para los aventureros. \u00a1Elige el tuyo!\" \/>\n<meta name=\"robots\" content=\"index, follow, max-snippet:-1, max-image-preview:large, max-video-preview:-1\" \/>\n<link rel=\"canonical\" href=\"https:\/\/www.litoral.es\/guia-de-vacaciones\/3-planes-alternativos-en-la-costa-dorada\/\" \/>\n<meta property=\"og:locale\" content=\"es_ES\" \/>\n<meta property=\"og:type\" content=\"article\" \/>\n<meta property=\"og:title\" content=\"Tres planes alternativos en la Costa Dorada para todos los gustos\" \/>\n<meta property=\"og:description\" content=\"Aqu\u00ed van tres planes alternativos en la Costa Dorada, para los rom\u00e1nticos, para los amantes de la historia y para los aventureros. \u00a1Elige el tuyo!\" \/>\n<meta property=\"og:url\" content=\"https:\/\/www.litoral.es\/guia-de-vacaciones\/3-planes-alternativos-en-la-costa-dorada\/\" \/>\n<meta property=\"og:site_name\" content=\"Litoral Costa Dorada Blog\" \/>\n<meta property=\"article:publisher\" content=\"https:\/\/www.facebook.com\/pages\/Litoral-Costa-Dorada\/461561627270721\" \/>\n<meta property=\"article:published_time\" content=\"2017-01-20T11:21:13+00:00\" \/>\n<meta property=\"article:modified_time\" content=\"2017-01-20T11:22:10+00:00\" \/>\n<meta property=\"og:image\" content=\"https:\/\/www.litoral.es\/guia-de-vacaciones\/wp-content\/uploads\/2017\/01\/Parc_Sam\u00e0_Cambrils_-_15.jpg\" \/>\n\t<meta property=\"og:image:width\" content=\"1000\" \/>\n\t<meta property=\"og:image:height\" content=\"611\" \/>\n\t<meta property=\"og:image:type\" content=\"image\/jpeg\" \/>\n<meta name=\"author\" content=\"Equipo Litoral\" \/>\n<meta name=\"twitter:label1\" content=\"Written by\" \/>\n\t<meta name=\"twitter:data1\" content=\"Equipo Litoral\" \/>\n\t<meta name=\"twitter:label2\" content=\"Est. reading time\" \/>\n\t<meta name=\"twitter:data2\" content=\"3 minutos\" \/>\n<script type=\"application\/ld+json\" class=\"yoast-schema-graph\">{\"@context\":\"https:\/\/schema.org\",\"@graph\":[{\"@type\":\"Article\",\"@id\":\"https:\/\/www.litoral.es\/guia-de-vacaciones\/3-planes-alternativos-en-la-costa-dorada\/#article\",\"isPartOf\":{\"@id\":\"https:\/\/www.litoral.es\/guia-de-vacaciones\/3-planes-alternativos-en-la-costa-dorada\/\"},\"author\":{\"name\":\"Equipo Litoral\",\"@id\":\"https:\/\/www.litoral.es\/guia-de-vacaciones\/#\/schema\/person\/2bf197ec65bc9a232842fa4ffa6b92f8\"},\"headline\":\"Tres planes alternativos en la Costa Dorada\",\"datePublished\":\"2017-01-20T11:21:13+00:00\",\"dateModified\":\"2017-01-20T11:22:10+00:00\",\"mainEntityOfPage\":{\"@id\":\"https:\/\/www.litoral.es\/guia-de-vacaciones\/3-planes-alternativos-en-la-costa-dorada\/\"},\"wordCount\":513,\"commentCount\":0,\"publisher\":{\"@id\":\"https:\/\/www.litoral.es\/guia-de-vacaciones\/#organization\"},\"articleSection\":[\"Planes\",\"Playas Top\"],\"inLanguage\":\"es\"},{\"@type\":\"WebPage\",\"@id\":\"https:\/\/www.litoral.es\/guia-de-vacaciones\/3-planes-alternativos-en-la-costa-dorada\/\",\"url\":\"https:\/\/www.litoral.es\/guia-de-vacaciones\/3-planes-alternativos-en-la-costa-dorada\/\",\"name\":\"Tres planes alternativos en la Costa Dorada para todos los gustos\",\"isPartOf\":{\"@id\":\"https:\/\/www.litoral.es\/guia-de-vacaciones\/#website\"},\"datePublished\":\"2017-01-20T11:21:13+00:00\",\"dateModified\":\"2017-01-20T11:22:10+00:00\",\"description\":\"Aqu\u00ed van tres planes alternativos en la Costa Dorada, para los rom\u00e1nticos, para los amantes de la historia y para los aventureros. \u00a1Elige el tuyo!\",\"breadcrumb\":{\"@id\":\"https:\/\/www.litoral.es\/guia-de-vacaciones\/3-planes-alternativos-en-la-costa-dorada\/#breadcrumb\"},\"inLanguage\":\"es\",\"potentialAction\":[{\"@type\":\"ReadAction\",\"target\":[\"https:\/\/www.litoral.es\/guia-de-vacaciones\/3-planes-alternativos-en-la-costa-dorada\/\"]}]},{\"@type\":\"BreadcrumbList\",\"@id\":\"https:\/\/www.litoral.es\/guia-de-vacaciones\/3-planes-alternativos-en-la-costa-dorada\/#breadcrumb\",\"itemListElement\":[{\"@type\":\"ListItem\",\"position\":1,\"name\":\"Home\",\"item\":\"https:\/\/www.litoral.es\/guia-de-vacaciones\/\"},{\"@type\":\"ListItem\",\"position\":2,\"name\":\"Tres planes alternativos en la Costa Dorada\"}]},{\"@type\":\"WebSite\",\"@id\":\"https:\/\/www.litoral.es\/guia-de-vacaciones\/#website\",\"url\":\"https:\/\/www.litoral.es\/guia-de-vacaciones\/\",\"name\":\"Litoral Costa Dorada Blog\",\"description\":\"Alquiler y venta de alojamientos tur\u00edsticos en la Costa Dorada\",\"publisher\":{\"@id\":\"https:\/\/www.litoral.es\/guia-de-vacaciones\/#organization\"},\"potentialAction\":[{\"@type\":\"SearchAction\",\"target\":{\"@type\":\"EntryPoint\",\"urlTemplate\":\"https:\/\/www.litoral.es\/guia-de-vacaciones\/?s={search_term_string}\"},\"query-input\":\"required name=search_term_string\"}],\"inLanguage\":\"es\"},{\"@type\":\"Organization\",\"@id\":\"https:\/\/www.litoral.es\/guia-de-vacaciones\/#organization\",\"name\":\"Litoral Costa Dorada Blog\",\"url\":\"https:\/\/www.litoral.es\/guia-de-vacaciones\/\",\"logo\":{\"@type\":\"ImageObject\",\"inLanguage\":\"es\",\"@id\":\"https:\/\/www.litoral.es\/guia-de-vacaciones\/#\/schema\/logo\/image\/\",\"url\":\"https:\/\/www.litoral.es\/guia-de-vacaciones\/wp-content\/uploads\/2023\/11\/litoral_blog.png\",\"contentUrl\":\"https:\/\/www.litoral.es\/guia-de-vacaciones\/wp-content\/uploads\/2023\/11\/litoral_blog.png\",\"width\":1254,\"height\":221,\"caption\":\"Litoral Costa Dorada Blog\"},\"image\":{\"@id\":\"https:\/\/www.litoral.es\/guia-de-vacaciones\/#\/schema\/logo\/image\/\"},\"sameAs\":[\"https:\/\/www.facebook.com\/pages\/Litoral-Costa-Dorada\/461561627270721\"]},{\"@type\":\"Person\",\"@id\":\"https:\/\/www.litoral.es\/guia-de-vacaciones\/#\/schema\/person\/2bf197ec65bc9a232842fa4ffa6b92f8\",\"name\":\"Equipo Litoral\",\"image\":{\"@type\":\"ImageObject\",\"inLanguage\":\"es\",\"@id\":\"https:\/\/www.litoral.es\/guia-de-vacaciones\/#\/schema\/person\/image\/\",\"url\":\"https:\/\/secure.gravatar.com\/avatar\/de895944a3ff26c4d470d57377e71926?s=96&d=mm&r=g\",\"contentUrl\":\"https:\/\/secure.gravatar.com\/avatar\/de895944a3ff26c4d470d57377e71926?s=96&d=mm&r=g\",\"caption\":\"Equipo Litoral\"},\"description\":\"Somos unos apasionados de nuestra tierra y nuestras ra\u00edces. La Costa Dorada ofrece playas y calas v\u00edrgenes, una gran riqueza hist\u00f3rica y cultural, parques de atracciones, gastronom\u00eda y un clima privilegiado, que atraen cada a\u00f1o a millones de viajeros a nuestras costas. Y ah\u00ed estamos nosotros para ayudar a todo aquel que se anime a viajar hasta aqu\u00ed, con informaci\u00f3n detallada, curiosidades y consejos para que no os perd\u00e1is nada.\"}]}<\/script>\n<!-- \/ Yoast SEO plugin. -->","yoast_head_json":{"title":"Tres planes alternativos en la Costa Dorada para todos los gustos","description":"Aqu\u00ed van tres planes alternativos en la Costa Dorada, para los rom\u00e1nticos, para los amantes de la historia y para los aventureros. \u00a1Elige el tuyo!","robots":{"index":"index","follow":"follow","max-snippet":"max-snippet:-1","max-image-preview":"max-image-preview:large","max-video-preview":"max-video-preview:-1"},"canonical":"https:\/\/www.litoral.es\/guia-de-vacaciones\/3-planes-alternativos-en-la-costa-dorada\/","og_locale":"es_ES","og_type":"article","og_title":"Tres planes alternativos en la Costa Dorada para todos los gustos","og_description":"Aqu\u00ed van tres planes alternativos en la Costa Dorada, para los rom\u00e1nticos, para los amantes de la historia y para los aventureros. \u00a1Elige el tuyo!","og_url":"https:\/\/www.litoral.es\/guia-de-vacaciones\/3-planes-alternativos-en-la-costa-dorada\/","og_site_name":"Litoral Costa Dorada Blog","article_publisher":"https:\/\/www.facebook.com\/pages\/Litoral-Costa-Dorada\/461561627270721","article_published_time":"2017-01-20T11:21:13+00:00","article_modified_time":"2017-01-20T11:22:10+00:00","og_image":[{"width":1000,"height":611,"url":"https:\/\/www.litoral.es\/guia-de-vacaciones\/wp-content\/uploads\/2017\/01\/Parc_Sam\u00e0_Cambrils_-_15.jpg","type":"image\/jpeg"}],"author":"Equipo Litoral","twitter_misc":{"Written by":"Equipo Litoral","Est. reading time":"3 minutos"},"schema":{"@context":"https:\/\/schema.org","@graph":[{"@type":"Article","@id":"https:\/\/www.litoral.es\/guia-de-vacaciones\/3-planes-alternativos-en-la-costa-dorada\/#article","isPartOf":{"@id":"https:\/\/www.litoral.es\/guia-de-vacaciones\/3-planes-alternativos-en-la-costa-dorada\/"},"author":{"name":"Equipo Litoral","@id":"https:\/\/www.litoral.es\/guia-de-vacaciones\/#\/schema\/person\/2bf197ec65bc9a232842fa4ffa6b92f8"},"headline":"Tres planes alternativos en la Costa Dorada","datePublished":"2017-01-20T11:21:13+00:00","dateModified":"2017-01-20T11:22:10+00:00","mainEntityOfPage":{"@id":"https:\/\/www.litoral.es\/guia-de-vacaciones\/3-planes-alternativos-en-la-costa-dorada\/"},"wordCount":513,"commentCount":0,"publisher":{"@id":"https:\/\/www.litoral.es\/guia-de-vacaciones\/#organization"},"articleSection":["Planes","Playas Top"],"inLanguage":"es"},{"@type":"WebPage","@id":"https:\/\/www.litoral.es\/guia-de-vacaciones\/3-planes-alternativos-en-la-costa-dorada\/","url":"https:\/\/www.litoral.es\/guia-de-vacaciones\/3-planes-alternativos-en-la-costa-dorada\/","name":"Tres planes alternativos en la Costa Dorada para todos los gustos","isPartOf":{"@id":"https:\/\/www.litoral.es\/guia-de-vacaciones\/#website"},"datePublished":"2017-01-20T11:21:13+00:00","dateModified":"2017-01-20T11:22:10+00:00","description":"Aqu\u00ed van tres planes alternativos en la Costa Dorada, para los rom\u00e1nticos, para los amantes de la historia y para los aventureros. \u00a1Elige el tuyo!","breadcrumb":{"@id":"https:\/\/www.litoral.es\/guia-de-vacaciones\/3-planes-alternativos-en-la-costa-dorada\/#breadcrumb"},"inLanguage":"es","potentialAction":[{"@type":"ReadAction","target":["https:\/\/www.litoral.es\/guia-de-vacaciones\/3-planes-alternativos-en-la-costa-dorada\/"]}]},{"@type":"BreadcrumbList","@id":"https:\/\/www.litoral.es\/guia-de-vacaciones\/3-planes-alternativos-en-la-costa-dorada\/#breadcrumb","itemListElement":[{"@type":"ListItem","position":1,"name":"Home","item":"https:\/\/www.litoral.es\/guia-de-vacaciones\/"},{"@type":"ListItem","position":2,"name":"Tres planes alternativos en la Costa Dorada"}]},{"@type":"WebSite","@id":"https:\/\/www.litoral.es\/guia-de-vacaciones\/#website","url":"https:\/\/www.litoral.es\/guia-de-vacaciones\/","name":"Litoral Costa Dorada Blog","description":"Alquiler y venta de alojamientos tur\u00edsticos en la Costa Dorada","publisher":{"@id":"https:\/\/www.litoral.es\/guia-de-vacaciones\/#organization"},"potentialAction":[{"@type":"SearchAction","target":{"@type":"EntryPoint","urlTemplate":"https:\/\/www.litoral.es\/guia-de-vacaciones\/?s={search_term_string}"},"query-input":"required name=search_term_string"}],"inLanguage":"es"},{"@type":"Organization","@id":"https:\/\/www.litoral.es\/guia-de-vacaciones\/#organization","name":"Litoral Costa Dorada Blog","url":"https:\/\/www.litoral.es\/guia-de-vacaciones\/","logo":{"@type":"ImageObject","inLanguage":"es","@id":"https:\/\/www.litoral.es\/guia-de-vacaciones\/#\/schema\/logo\/image\/","url":"https:\/\/www.litoral.es\/guia-de-vacaciones\/wp-content\/uploads\/2023\/11\/litoral_blog.png","contentUrl":"https:\/\/www.litoral.es\/guia-de-vacaciones\/wp-content\/uploads\/2023\/11\/litoral_blog.png","width":1254,"height":221,"caption":"Litoral Costa Dorada Blog"},"image":{"@id":"https:\/\/www.litoral.es\/guia-de-vacaciones\/#\/schema\/logo\/image\/"},"sameAs":["https:\/\/www.facebook.com\/pages\/Litoral-Costa-Dorada\/461561627270721"]},{"@type":"Person","@id":"https:\/\/www.litoral.es\/guia-de-vacaciones\/#\/schema\/person\/2bf197ec65bc9a232842fa4ffa6b92f8","name":"Equipo Litoral","image":{"@type":"ImageObject","inLanguage":"es","@id":"https:\/\/www.litoral.es\/guia-de-vacaciones\/#\/schema\/person\/image\/","url":"https:\/\/secure.gravatar.com\/avatar\/de895944a3ff26c4d470d57377e71926?s=96&d=mm&r=g","contentUrl":"https:\/\/secure.gravatar.com\/avatar\/de895944a3ff26c4d470d57377e71926?s=96&d=mm&r=g","caption":"Equipo Litoral"},"description":"Somos unos apasionados de nuestra tierra y nuestras ra\u00edces. La Costa Dorada ofrece playas y calas v\u00edrgenes, una gran riqueza hist\u00f3rica y cultural, parques de atracciones, gastronom\u00eda y un clima privilegiado, que atraen cada a\u00f1o a millones de viajeros a nuestras costas. Y ah\u00ed estamos nosotros para ayudar a todo aquel que se anime a viajar hasta aqu\u00ed, con informaci\u00f3n detallada, curiosidades y consejos para que no os perd\u00e1is nada."}]}},"_links":{"self":[{"href":"https:\/\/www.litoral.es\/guia-de-vacaciones\/wp-json\/wp\/v2\/posts\/5372"}],"collection":[{"href":"https:\/\/www.litoral.es\/guia-de-vacaciones\/wp-json\/wp\/v2\/posts"}],"about":[{"href":"https:\/\/www.litoral.es\/guia-de-vacaciones\/wp-json\/wp\/v2\/types\/post"}],"author":[{"embeddable":true,"href":"https:\/\/www.litoral.es\/guia-de-vacaciones\/wp-json\/wp\/v2\/users\/9"}],"replies":[{"embeddable":true,"href":"https:\/\/www.litoral.es\/guia-de-vacaciones\/wp-json\/wp\/v2\/comments?post=5372"}],"version-history":[{"count":3,"href":"https:\/\/www.litoral.es\/guia-de-vacaciones\/wp-json\/wp\/v2\/posts\/5372\/revisions"}],"predecessor-version":[{"id":5379,"href":"https:\/\/www.litoral.es\/guia-de-vacaciones\/wp-json\/wp\/v2\/posts\/5372\/revisions\/5379"}],"wp:featuredmedia":[{"embeddable":true,"href":"https:\/\/www.litoral.es\/guia-de-vacaciones\/wp-json\/wp\/v2\/media\/5376"}],"wp:attachment":[{"href":"https:\/\/www.litoral.es\/guia-de-vacaciones\/wp-json\/wp\/v2\/media?parent=5372"}],"wp:term":[{"taxonomy":"category","embeddable":true,"href":"https:\/\/www.litoral.es\/guia-de-vacaciones\/wp-json\/wp\/v2\/categories?post=5372"},{"taxonomy":"post_tag","embeddable":true,"href":"https:\/\/www.litoral.es\/guia-de-vacaciones\/wp-json\/wp\/v2\/tags?post=5372"}],"curies":[{"name":"wp","href":"https:\/\/api.w.org\/{rel}","templated":true}]}}