{"id":5995,"date":"2019-05-21T08:34:53","date_gmt":"2019-05-21T06:34:53","guid":{"rendered":"https:\/\/www.litoral.es\/guia-de-vacaciones\/?p=5995"},"modified":"2020-03-12T12:59:23","modified_gmt":"2020-03-12T11:59:23","slug":"ruta-romana-tarragona","status":"publish","type":"post","link":"https:\/\/www.litoral.es\/guia-de-vacaciones\/ruta-romana-tarragona\/","title":{"rendered":"24h en T\u00e1rraco: Descubre la ruta de la Tarragona Romana"},"content":{"rendered":"<h2 style=\"text-align: left;\">Visita la ciudad de Tarragona y descubre paso a paso la Ruta Romana Tarragona<\/h2>\n<p>Fuera de Italia, <strong>Tarragona es una de las ciudades del mundo en las que mejor se puede apreciar la grandeza de la civilizaci\u00f3n romana<\/strong>, motivo por el que desde el a\u00f1o 2000 forma parte del Patrimonio Mundial de la UNESCO y con raz\u00f3n de serlo.<\/p>\n<p>La civilizaci\u00f3n romana dej\u00f3 un gran legado en toda la Costa Dorada, pero fue en Tarragona donde fundaron su ciudad y que llegar\u00eda a convertirse en la futura capital de romana. Siguiendo los pasos de la historia por la ciudad podr\u00e1s descubrir no solo el gran legado cultural que dejaron los romanos, sino tambi\u00e9n descubrir un poco acerca de c\u00f3mo era su vida cotidiana.<\/p>\n<blockquote>\n<p><strong>\u00bf<em>Buscas m\u00e1s informaci\u00f3n de Salou? <\/em><\/strong><a id=\"201\" href=\"https:\/\/www.litoral.es\/que-hacer-en-la-costa-dorada\/tarragona\" target=\"_blank\" rel=\"noopener noreferrer\">En nuestra gu\u00eda de viajes y turismo en Salou encontrar\u00e1s todo lo que necesitas saber antes de tus vacaciones<\/a><\/p>\n<\/blockquote>\n<p>La Tarragona romana naci\u00f3 con la llegada de los ej\u00e9rcitos romanos a la Pen\u00ednsula Ib\u00e9rica en el s.II a.C., durante la Segunda Guerra P\u00fanica que enfrent\u00f3 a romanos y cartaginenses. Por aquel entonces la ciudad era conocida como Tarraco.<br \/>\nNo tard\u00f3 en convertirse en la <strong>principal base militar de Hispania<\/strong> desde la cual, a lo largo de dos siglos, las tropas romanas conquistaron el resto del territorio.<\/p>\n<p><a id=\"134\" href=\"https:\/\/www.litoral.es\/costa-dorada\"><\/p>\n<p><img loading=\"lazy\" decoding=\"async\" class=\"imgdesktop aligncenter wp-image-6978 size-full\" src=\"https:\/\/www.litoral.es\/guia-de-vacaciones\/wp-content\/uploads\/2017\/12\/Alquiler-casa-y-apartamentos-en-la-Costa-Dorada-3.jpg\" alt=\"848x160_2_landing_cambrils\" width=\"848\" height=\"160\" \/><\/p>\n<p><a id=\"134\" href=\"https:\/\/www.litoral.es\/costa-dorada\"><\/p>\n<p><img loading=\"lazy\" decoding=\"async\" class=\"imgmobile aligncenter wp-image-6976 size-full\" src=\"https:\/\/www.litoral.es\/guia-de-vacaciones\/wp-content\/uploads\/2017\/12\/Alquiler-casa-y-apartamentos-en-la-Costa-Dorada-2.jpg\" alt=\"260x240_landing_cambrils\" width=\"260\" height=\"240\" \/><\/p>\n<p><\/a><\/p>\n<p>Bajo el gobierno de C\u00e9sar Augusto, <strong>Tarraco se convirti\u00f3 en la capital de la Hispania Citerior<\/strong>. La ciudad vivi\u00f3 su \u00e9poca de mayor esplendor durante los s. I y II d.C pero su decad\u00e9ncia llego al mismo tiempo que la de Roma.<\/p>\n<p>Todos estos siglos dejaron una importante huella arqueol\u00f3gica y cultural que te invitamos a descubrir a trav\u00e9s de esta ruta por la Tarragona Romana.<\/p>\n<p style=\"text-align: center;\"><span style=\"font-size: 14pt;\"><strong>\u00bfPensando en las vacaciones?<\/strong><\/span><\/p>\n<p style=\"text-align: center;\"><span style=\"font-size: 14pt;\"><strong>Busca la casa o apartamento ideal en la Costa Dorada&#8230;<\/strong><\/span><\/p>\n<p style=\"text-align: center;\"><a id=\"200\" class=\"fasc-button fasc-size-large fasc-type-glossy fasc-rounded-medium ico-fa fasc-ico-before fa-home fasc-style-bold fasc-style-italic\" style=\"background-color: #EE771A; color: #ffffff;\" target=\"_blank\" href=\"https:\/\/www.litoral.es\/costa-dorada\" rel=\"noopener noreferrer\">Busca t\u00fa alojamiento<\/a><\/p>\n<div class=\"su-box su-box-style-noise\" id=\"\" style=\"border-color:#969a9a;border-radius:10px\"><div class=\"su-box-title\" style=\"background-color:#c9cdcd;color:#4a5458;border-top-left-radius:8px;border-top-right-radius:8px\">Descubre otros art\u00edculos relacionados<\/div><div class=\"su-box-content su-u-clearfix su-u-trim\" style=\"border-bottom-left-radius:8px;border-bottom-right-radius:8px\"><strong>\u00bfTe gustan las visitas culturales? \u00bf Quieres conocer excursiones interesantes en la Costa Dorada?<\/strong> Entonces te recomendamos nuestros art\u00edculos sobre las mejores visitas y escapadas en los alrededores de la Costa Dorada. Pod\u00e9is visitar nuestros articulos de \u00ab<a href=\"https:\/\/www.litoral.es\/guia-de-vacaciones\/castillo-de-miravet\/\" target=\"_blank\" rel=\"noopener noreferrer\">Vista al Castillo de Miravet: consejos y recomendaciones<\/a>\u00bb , \u00ab<a href=\"https:\/\/www.litoral.es\/guia-de-vacaciones\/ruta-del-cister\/\" target=\"_blank\" rel=\"noopener noreferrer\">Ruta del Cister<\/a>\u00bb y \u00ab<a href=\"https:\/\/www.litoral.es\/guia-de-vacaciones\/ruta-del-modernismo-de-reus\/\" target=\"_blank\" rel=\"noopener noreferrer\">Ruta del Modernismo de Reus<\/a>\u00ab, donde encontrar\u00e9is mucha informaci\u00f3n \u00fatil y consejos para no perderte nada durante t\u00fa viaje al rededor de este fant\u00e1stico territorio.<\/div><\/div>\n<h2 style=\"text-align: left;\">Empezamos la Ruta Romana Tarragona: Planifica t\u00fa visita a la ciudad<\/h2>\n<p><img loading=\"lazy\" decoding=\"async\" class=\"aligncenter size-full wp-image-6818\" src=\"https:\/\/www.litoral.es\/guia-de-vacaciones\/wp-content\/uploads\/2017\/05\/Ruta-tarragona-romana-en-Tarragona.jpg\" alt=\"ruta por la tarragona romana en Tarragona\" width=\"850\" height=\"1500\" srcset=\"https:\/\/www.litoral.es\/guia-de-vacaciones\/wp-content\/uploads\/2017\/05\/Ruta-tarragona-romana-en-Tarragona.jpg 850w, https:\/\/www.litoral.es\/guia-de-vacaciones\/wp-content\/uploads\/2017\/05\/Ruta-tarragona-romana-en-Tarragona-250x441.jpg 250w, https:\/\/www.litoral.es\/guia-de-vacaciones\/wp-content\/uploads\/2017\/05\/Ruta-tarragona-romana-en-Tarragona-768x1355.jpg 768w, https:\/\/www.litoral.es\/guia-de-vacaciones\/wp-content\/uploads\/2017\/05\/Ruta-tarragona-romana-en-Tarragona-500x882.jpg 500w, https:\/\/www.litoral.es\/guia-de-vacaciones\/wp-content\/uploads\/2017\/05\/Ruta-tarragona-romana-en-Tarragona-300x529.jpg 300w, https:\/\/www.litoral.es\/guia-de-vacaciones\/wp-content\/uploads\/2017\/05\/Ruta-tarragona-romana-en-Tarragona-750x1324.jpg 750w, https:\/\/www.litoral.es\/guia-de-vacaciones\/wp-content\/uploads\/2017\/05\/Ruta-tarragona-romana-en-Tarragona-380x671.jpg 380w, https:\/\/www.litoral.es\/guia-de-vacaciones\/wp-content\/uploads\/2017\/05\/Ruta-tarragona-romana-en-Tarragona-310x547.jpg 310w, https:\/\/www.litoral.es\/guia-de-vacaciones\/wp-content\/uploads\/2017\/05\/Ruta-tarragona-romana-en-Tarragona-360x635.jpg 360w, https:\/\/www.litoral.es\/guia-de-vacaciones\/wp-content\/uploads\/2017\/05\/Ruta-tarragona-romana-en-Tarragona-260x459.jpg 260w\" sizes=\"(max-width: 850px) 100vw, 850px\" \/><\/p>\n<p>&nbsp;<\/p>\n<p><strong>La visita a la ciudad de Tarragona puede organizarse en varios itinerarios fundamentales<\/strong> y complementarios entre s\u00ed, estructurados a partir de los periodos hist\u00f3ricos m\u00e1s relevantes de la ciudad y sus monumentos m\u00e1s importantes.<\/p>\n<p><strong>La primera ruta&nbsp; y la que hoy os presentamos es la que recorre el amplio legado romano<\/strong>. M\u00e1s adelante, iremos descubriendo poco a poca en otras publicaciones las otras rutas donde descubriremos itinerarios tan interesantes como los que plantean las visitas a la Tarragona Medieval recorriendo el llamado <strong>Barri Alt y los alrededores de la Catedral<\/strong>.<\/p>\n<p><a id=\"135\" href=\"https:\/\/www.litoral.es\/costa-dorada\/\"><\/p>\n<p><img loading=\"lazy\" decoding=\"async\" class=\"imgdesktop aligncenter wp-image-6978 size-full\" src=\"https:\/\/www.litoral.es\/guia-de-vacaciones\/wp-content\/uploads\/2017\/12\/Apartamentos-alquiler-costa-dorada-1.jpg\" alt=\"alquiler de alojamientos vacacionales en la costa dorada\" width=\"848\" height=\"160\"><\/p>\n<p><a id=\"135\" href=\"https:\/\/www.litoral.es\/costa-dorada\/\"><\/p>\n<p><img loading=\"lazy\" decoding=\"async\" class=\"imgmobile aligncenter wp-image-6976 size-full\" src=\"https:\/\/www.litoral.es\/guia-de-vacaciones\/wp-content\/uploads\/2017\/12\/Banner-Costa-Dorada.jpg\" alt=\"alojamientos la costa dorada\" width=\"260\" height=\"240\"><\/p>\n<p><\/a><\/p>\n<p>Despu\u00e9s tambi\u00e9n est\u00e1 el recorrido que pretende dar a conocer los edificios y espacios m\u00e1s representativos de la <strong>Tarragona contempor\u00e1nea y el legado Modernista como el Teatro Metropol , Casa Salas o el Balc\u00f3n del Mediterr\u00e1neo, un perfecto mirados sobre el mar<\/strong>. Hoy os presentamos una ciudad con un patrimonio hist\u00f3rico espectacular que vale la pena recorrerla poco a poco y descubrir todos sus secretos.<\/p>\n<p><iframe loading=\"lazy\" src=\"https:\/\/www.google.com\/maps\/d\/embed?mid=1WdXUvPUAO_WmHxg0DH-OgTSefEs&amp;hl=es\" width=\"640\" height=\"480\"><\/iframe><\/p>\n<h2 style=\"text-align: left;\">Tarragona Romana: maqueta de la ciudad<\/h2>\n<p>Sin duda el mejor lugar para comenzar la ruta romana Tarragona es el <strong>Museo de Historia de Tarragona<\/strong> (MHT), donde se encuentra una maqueta que reconstruye la ciudad romana en el momento de su m\u00e1ximo apogeo en el s.II d.C.<\/p>\n<div class=\"su-note\"  style=\"border-color:#c7c6c4;border-radius:3px;-moz-border-radius:3px;-webkit-border-radius:3px;\"><div class=\"su-note-inner su-u-clearfix su-u-trim\" style=\"background-color:#e1e0de;border-color:#ffffff;color:#333333;border-radius:3px;-moz-border-radius:3px;-webkit-border-radius:3px;\">Esta maqueta de la ciudad es muy \u00fatil para contextualizar el pasado de Tarragona y hacerse una idea de la importancia que alcanz\u00f3 dentro del Imperio Romano. Tambi\u00e9n nos ayudar\u00e1 a ubicar sobre el terreno todos los monumentos y construcciones romanas que veremos durante nuestro recorrido.<\/div><\/div>\n<p><strong>La maqueta la encontramos en el Centro Cultural El Pallol n\u00ba 3, en la Antigua Audiencia. La entrada es gratuita.<\/strong><\/p>\n<p>&nbsp;<\/p>\n<p><img loading=\"lazy\" decoding=\"async\" class=\"aligncenter size-full wp-image-6025\" src=\"https:\/\/www.litoral.es\/guia-de-vacaciones\/wp-content\/uploads\/2017\/05\/Maqueta-Romana-1.jpg\" alt=\"Gran maqueta romana de Tarragona\" width=\"900\" height=\"600\" srcset=\"https:\/\/www.litoral.es\/guia-de-vacaciones\/wp-content\/uploads\/2017\/05\/Maqueta-Romana-1.jpg 900w, https:\/\/www.litoral.es\/guia-de-vacaciones\/wp-content\/uploads\/2017\/05\/Maqueta-Romana-1-250x167.jpg 250w, https:\/\/www.litoral.es\/guia-de-vacaciones\/wp-content\/uploads\/2017\/05\/Maqueta-Romana-1-768x512.jpg 768w, https:\/\/www.litoral.es\/guia-de-vacaciones\/wp-content\/uploads\/2017\/05\/Maqueta-Romana-1-500x333.jpg 500w, https:\/\/www.litoral.es\/guia-de-vacaciones\/wp-content\/uploads\/2017\/05\/Maqueta-Romana-1-300x200.jpg 300w, https:\/\/www.litoral.es\/guia-de-vacaciones\/wp-content\/uploads\/2017\/05\/Maqueta-Romana-1-750x500.jpg 750w, https:\/\/www.litoral.es\/guia-de-vacaciones\/wp-content\/uploads\/2017\/05\/Maqueta-Romana-1-380x253.jpg 380w, https:\/\/www.litoral.es\/guia-de-vacaciones\/wp-content\/uploads\/2017\/05\/Maqueta-Romana-1-310x207.jpg 310w, https:\/\/www.litoral.es\/guia-de-vacaciones\/wp-content\/uploads\/2017\/05\/Maqueta-Romana-1-360x240.jpg 360w, https:\/\/www.litoral.es\/guia-de-vacaciones\/wp-content\/uploads\/2017\/05\/Maqueta-Romana-1-260x173.jpg 260w\" sizes=\"(max-width: 900px) 100vw, 900px\" \/><\/p>\n<p>&nbsp;<\/p>\n<div id=\"grid-gallery-35-23525\" data-gg-id=\"35\" data-title=\"Maqueta Romana\" data-grid-type=\"0\" data-offset=\"1.3\" data-area-position=\"center\" data-icons=\"\" data-preloader=\"true\" data-width=\"215\" data-height=\"215\" data-padding=\"0\" data-quicksand=\"disabled\" data-quicksand-duration=\"none\" data-popup-theme=\"theme_6\" data-popup-type=\"pretty-photo\" data-popup-image-text=\"data-description\" data-popup-widthsize=\"auto\" data-popup-heightsize=\"auto\" data-popup-i18n-words=\"{&quot;close&quot;:&quot;cerrar&quot;,&quot;next&quot;:&quot;siguiente&quot;,&quot;previous&quot;:&quot;anterior&quot;,&quot;start_slideshow&quot;:&quot;comenzar reproducci\\u00f3n&quot;,&quot;stop_slideshow&quot;:&quot;detener reproducci\\u00f3n&quot;,&quot;image&quot;:&quot;imagen&quot;,&quot;of&quot;:&quot;de&quot;,&quot;prev&quot;:&quot;ant&quot;,&quot;cExpand&quot;:&quot;Ampliar&quot;,&quot;cPrevious&quot;:&quot;Anterior&quot;,&quot;cNext&quot;:&quot;Siguiente&quot;,&quot;cExpandStr&quot;:&quot;Expandir la imagen&quot;,&quot;cRotate&quot;:&quot;Gire&quot;,&quot;cDetails&quot;:&quot;Details&quot;}\" data-popup-slideshow=\"false\" data-popup-slideshow-speed=\"2500\" data-popup-hoverstop=\"false\" data-popup-slideshow-auto=\"false\" data-popup-background=\"\" data-popup-transparency=\"30\" data-popup-disable-history=\"\" data-popup-disable-changed-url=\"\" data-popup-border-type=\"\" data-popup-border-color=\"\" data-popup-border-width=\"\" data-popup-border-enable=\"\" data-fullscreen=\"false\" data-hide-tooltip=\"false\" data-caption-font-family=\"Default\" data-caption-text-size=\"140\" data-is-mobile=\"0\" data-caption-mobile=\"false\" data-hide-long-tltp-title=\"0\" data-caption-disabled-on-mobile=\"false\" data-popup-placement-type=\"0\" data-social-sharing=\"{&quot;enabled&quot;:&quot;&quot;,&quot;gallerySharing&quot;:{&quot;enabled&quot;:null,&quot;position&quot;:null},&quot;imageSharing&quot;:{&quot;enabled&quot;:null,&quot;wrapperClass&quot;:&quot; vertical \\n &quot;},&quot;popupSharing&quot;:{&quot;enabled&quot;:null,&quot;wrapperClass&quot;:&quot; vertical \\n &quot;}}\" class=\"grid-gallery grid-gallery-fixed \" style=\" width:100%; height:auto ; margin-left:auto; margin-right:auto; position:relative;\" > <div class=\"gallery-loading\"> <div class=\"blocks\"> <div class=\"block\"><\/div> <div class=\"block\"><\/div> <div class=\"block\"><\/div> <div class=\"block\"><\/div> <\/div> <\/div> <div class=\"gallery-sharing-top\"><\/div> <div id=\"photos-35\" class=\"grid-gallery-photos \" > <FIGURE class=\"grid-gallery-caption \" data-grid-gallery-type=\"quarter-slide-up\" data-index=\"0\" style=\"display:none;border-radius: 00; ; margin: 1.3px; width:2150;\" ><div class=\"crop \" style=\" width:2150; height:2150; overflow:hidden; \"><img decoding=\"async\" src=\"https:\/\/www.litoral.es\/guia-de-vacaciones\/wp-content\/uploads\/2017\/05\/Maqueta-romana-de-Tarragona-13-215x215.jpg\" class=\"ggImg\" alt=\"interior maqueta romana de tarragona\" title=\"maqueta-romana-de-tarragona-13\" data-description=\"maqueta-romana-de-tarragona-13\" data-caption=\"maqueta-romana-de-tarragona-13\" data-title=\"maqueta-romana-de-tarragona-13\" style=\" width:215px; height:215px; \" \/><\/div><FIGCAPTION class=\"\" data-alpha=\"5\" style=\"color:#ffffff; background-color:#eeee22; font-size:140; text-align:left; font-family:Default;\" ><div class=\"grid-gallery-figcaption-wrap\" style=\" \"><\/div><\/FIGCAPTION><\/FIGURE> <FIGURE class=\"grid-gallery-caption \" data-grid-gallery-type=\"quarter-slide-up\" data-index=\"1\" style=\"display:none;border-radius: 00; ; margin: 1.3px; width:2150;\" ><div class=\"crop \" style=\" width:2150; height:2150; overflow:hidden; \"><img decoding=\"async\" src=\"https:\/\/www.litoral.es\/guia-de-vacaciones\/wp-content\/uploads\/2017\/05\/Maqueta-romana-de-Tarragona-10-215x215.jpg\" class=\"ggImg\" alt=\"Vista de la sala donde est\u00e1 la maqueta romana de Tarragona\" title=\"maqueta-romana-de-tarragona-10\" data-description=\"maqueta-romana-de-tarragona-10\" data-caption=\"Maqueta Romana de Tarragona\" data-title=\"maqueta-romana-de-tarragona-10\" style=\" width:215px; height:215px; \" \/><\/div><FIGCAPTION class=\"\" data-alpha=\"5\" style=\"color:#ffffff; background-color:#eeee22; font-size:140; text-align:left; font-family:Default;\" ><div class=\"grid-gallery-figcaption-wrap\" style=\" \"><\/div><\/FIGCAPTION><\/FIGURE> <FIGURE class=\"grid-gallery-caption \" data-grid-gallery-type=\"quarter-slide-up\" data-index=\"2\" style=\"display:none;border-radius: 00; ; margin: 1.3px; width:2150;\" ><div class=\"crop \" style=\" width:2150; height:2150; overflow:hidden; \"><img decoding=\"async\" src=\"https:\/\/www.litoral.es\/guia-de-vacaciones\/wp-content\/uploads\/2017\/05\/Maqueta-romana-de-Tarragona-2-215x215.jpg\" class=\"ggImg\" alt=\"Gran maqueta romana de Tarragona\" title=\"maqueta-romana-de-tarragona-2\" data-description=\"maqueta-romana-de-tarragona-2\" data-caption=\"maqueta-romana-de-tarragona-2\" data-title=\"maqueta-romana-de-tarragona-2\" style=\" width:215px; height:215px; \" \/><\/div><FIGCAPTION class=\"\" data-alpha=\"5\" style=\"color:#ffffff; background-color:#eeee22; font-size:140; text-align:left; font-family:Default;\" ><div class=\"grid-gallery-figcaption-wrap\" style=\" \"><\/div><\/FIGCAPTION><\/FIGURE> <FIGURE class=\"grid-gallery-caption \" data-grid-gallery-type=\"quarter-slide-up\" data-index=\"3\" style=\"display:none;border-radius: 00; ; margin: 1.3px; width:2150;\" ><div class=\"crop \" style=\" width:2150; height:2150; overflow:hidden; \"><img decoding=\"async\" src=\"https:\/\/www.litoral.es\/guia-de-vacaciones\/wp-content\/uploads\/2017\/05\/Maqueta-Romana-8-215x215.jpg\" class=\"ggImg\" alt=\"Pasillos interiores de la maqueta romana de Tarragona\" title=\"maqueta-romana-8\" data-description=\"maqueta-romana-8\" data-caption=\"maqueta-romana-8\" data-title=\"maqueta-romana-8\" style=\" width:215px; height:215px; \" \/><\/div><FIGCAPTION class=\"\" data-alpha=\"5\" style=\"color:#ffffff; background-color:#eeee22; font-size:140; text-align:left; font-family:Default;\" ><div class=\"grid-gallery-figcaption-wrap\" style=\" \"><\/div><\/FIGCAPTION><\/FIGURE> <FIGURE class=\"grid-gallery-caption \" data-grid-gallery-type=\"quarter-slide-up\" data-index=\"4\" style=\"display:none;border-radius: 00; ; margin: 1.3px; width:2150;\" ><div class=\"crop \" style=\" width:2150; height:2150; overflow:hidden; \"><img decoding=\"async\" src=\"https:\/\/www.litoral.es\/guia-de-vacaciones\/wp-content\/uploads\/2017\/05\/Maqueta-Romana-6-215x215.jpg\" class=\"ggImg\" alt=\"Maqueta romana de Tarragona\" title=\"maqueta-romana-6\" data-description=\"maqueta-romana-6\" data-caption=\"maqueta-romana-6\" data-title=\"maqueta-romana-6\" style=\" width:215px; height:215px; \" \/><\/div><FIGCAPTION class=\"\" data-alpha=\"5\" style=\"color:#ffffff; background-color:#eeee22; font-size:140; text-align:left; font-family:Default;\" ><div class=\"grid-gallery-figcaption-wrap\" style=\" \"><\/div><\/FIGCAPTION><\/FIGURE> <FIGURE class=\"grid-gallery-caption \" data-grid-gallery-type=\"quarter-slide-up\" data-index=\"5\" style=\"display:none;border-radius: 00; ; margin: 1.3px; width:2150;\" ><div class=\"crop \" style=\" width:2150; height:2150; overflow:hidden; \"><img decoding=\"async\" src=\"https:\/\/www.litoral.es\/guia-de-vacaciones\/wp-content\/uploads\/2017\/05\/Maqueta-Romana-5-215x215.jpg\" class=\"ggImg\" alt=\"Restos arqueologicos de la maqueta romana de Tarragona\" title=\"maqueta-romana-5\" data-description=\"maqueta-romana-5\" data-caption=\"maqueta-romana-5\" data-title=\"maqueta-romana-5\" style=\" width:215px; height:215px; \" \/><\/div><FIGCAPTION class=\"\" data-alpha=\"5\" style=\"color:#ffffff; background-color:#eeee22; font-size:140; text-align:left; font-family:Default;\" ><div class=\"grid-gallery-figcaption-wrap\" style=\" \"><\/div><\/FIGCAPTION><\/FIGURE> <div class=\"grid-gallery-clearfix\"><\/div> <\/div> <div class=\"gallery-sharing-bottom\"><\/div> <div class=\"grid-gallery-clearfix\"><\/div> <\/div> <!-- Gallery by Supsystic plugin 1.15.21 --><a title=\"WordPress Image Gallery Plugin\" style=\"display:none;\" href=\"https:\/\/supsystic.com\/plugins\/photo-gallery\/?utm_medium=love_link\" target=\"_blank\">WordPress Image Gallery Plugin<\/a>\n<p>&nbsp;<\/p>\n<h2 style=\"text-align: left;\"><div class=\"su-service\"><div class=\"su-service-title\" style=\"padding-left:46px;min-height:32px;line-height:32px\"><i class=\"sui sui-university\" style=\"font-size:32px;color:#333\"><\/i> Paseo Arqueol\u00f3gico<\/div><div class=\"su-service-content su-u-clearfix su-u-trim\" style=\"padding-left:46px\"><\/div><\/div><\/h2>\n<p>Una vez visitada la maqueta romana empezamos el itinerario por las las murallas de Tarragona con el acceso a pocos metros de la maqueta. <strong>Las murallas se construyeron a finales del s. III a. C.<\/strong> para proteger la ciudad de posibles ataques. Posteriormente fueron reforzadas y ampliadas hasta que llegaron a alcanzar un per\u00edmetro de m\u00e1s de <strong>tres kil\u00f3metros y medio.<\/strong><\/p>\n<div class=\"su-quote su-quote-style-default\"><div class=\"su-quote-inner su-u-clearfix su-u-trim\">La maqueta la encontramos en el Centro Cultural El Pallol n\u00ba 3, en la Antigua Audiencia. La entrada es gratuita.<\/div><\/div>Actualmente se conservan 1.100 metros de murallas que <strong>rodean el casco antiguo de la ciudad.<\/strong><\/p>\n<p>El Paseo Arqueol\u00f3gico es un paseo ajardinado nos permite caminar entre la muralla romana y la medieval. Durante el recorrido, adem\u00e1s de los detalles de las fortificaciones y puertas de acceso a la ciudad, tambi\u00e9n podr\u00e1s ver varias esculturas como la del emperador C\u00e9sar Augusto.<\/p>\n<p>&nbsp;<\/p>\n<p><img loading=\"lazy\" decoding=\"async\" class=\"aligncenter size-full wp-image-6044\" src=\"https:\/\/www.litoral.es\/guia-de-vacaciones\/wp-content\/uploads\/2017\/05\/Murallas-Romanas-de-la-ciudad-de-Tarragona-2.jpg\" alt=\"Murallas romanas de Tarragona ciudad\" width=\"900\" height=\"600\" srcset=\"https:\/\/www.litoral.es\/guia-de-vacaciones\/wp-content\/uploads\/2017\/05\/Murallas-Romanas-de-la-ciudad-de-Tarragona-2.jpg 900w, https:\/\/www.litoral.es\/guia-de-vacaciones\/wp-content\/uploads\/2017\/05\/Murallas-Romanas-de-la-ciudad-de-Tarragona-2-250x167.jpg 250w, https:\/\/www.litoral.es\/guia-de-vacaciones\/wp-content\/uploads\/2017\/05\/Murallas-Romanas-de-la-ciudad-de-Tarragona-2-768x512.jpg 768w, https:\/\/www.litoral.es\/guia-de-vacaciones\/wp-content\/uploads\/2017\/05\/Murallas-Romanas-de-la-ciudad-de-Tarragona-2-500x333.jpg 500w, https:\/\/www.litoral.es\/guia-de-vacaciones\/wp-content\/uploads\/2017\/05\/Murallas-Romanas-de-la-ciudad-de-Tarragona-2-300x200.jpg 300w, https:\/\/www.litoral.es\/guia-de-vacaciones\/wp-content\/uploads\/2017\/05\/Murallas-Romanas-de-la-ciudad-de-Tarragona-2-750x500.jpg 750w, https:\/\/www.litoral.es\/guia-de-vacaciones\/wp-content\/uploads\/2017\/05\/Murallas-Romanas-de-la-ciudad-de-Tarragona-2-380x253.jpg 380w, https:\/\/www.litoral.es\/guia-de-vacaciones\/wp-content\/uploads\/2017\/05\/Murallas-Romanas-de-la-ciudad-de-Tarragona-2-310x207.jpg 310w, https:\/\/www.litoral.es\/guia-de-vacaciones\/wp-content\/uploads\/2017\/05\/Murallas-Romanas-de-la-ciudad-de-Tarragona-2-360x240.jpg 360w, https:\/\/www.litoral.es\/guia-de-vacaciones\/wp-content\/uploads\/2017\/05\/Murallas-Romanas-de-la-ciudad-de-Tarragona-2-260x173.jpg 260w\" sizes=\"(max-width: 900px) 100vw, 900px\" \/><\/p>\n<p>&nbsp;<\/p>\n<h3 style=\"text-align: left;\">Torre Minerva Tarragona<\/h3>\n<p>Las murallas de Tarragona todav\u00eda <strong>conservan tres de sus torres<\/strong> en el recinto amurallado: <strong>la del Cabiscol, la de Minerva y la del Arzobispo.<\/strong> De todas ellas, la de Minerva es la de mayor inter\u00e9s hist\u00f3rico, ya que contiene las esculturas y la inscripci\u00f3n romanas m\u00e1s antiguas de toda la Pen\u00ednsula Ib\u00e9rica. Es una torre rectangular de base megal\u00edtica, en cuyo exterior podr\u00e1s observar cinco cabezas esculpidas sobre los propios bloques calc\u00e1reos de la torre.<\/p>\n<p>&nbsp;<\/p>\n<div id=\"grid-gallery-36-38492\" data-gg-id=\"36\" data-title=\"Murallas de Tarragona\" data-grid-type=\"0\" data-offset=\"2.3\" data-area-position=\"center\" data-icons=\"\" data-preloader=\"true\" data-width=\"215\" data-height=\"215\" data-padding=\"0\" data-quicksand=\"disabled\" data-quicksand-duration=\"none\" data-popup-theme=\"theme_6\" data-popup-type=\"pretty-photo\" data-popup-image-text=\"data-description\" data-popup-widthsize=\"auto\" data-popup-heightsize=\"auto\" data-popup-i18n-words=\"{&quot;close&quot;:&quot;cerrar&quot;,&quot;next&quot;:&quot;siguiente&quot;,&quot;previous&quot;:&quot;anterior&quot;,&quot;start_slideshow&quot;:&quot;comenzar reproducci\\u00f3n&quot;,&quot;stop_slideshow&quot;:&quot;detener reproducci\\u00f3n&quot;,&quot;image&quot;:&quot;imagen&quot;,&quot;of&quot;:&quot;de&quot;,&quot;prev&quot;:&quot;ant&quot;,&quot;cExpand&quot;:&quot;Ampliar&quot;,&quot;cPrevious&quot;:&quot;Anterior&quot;,&quot;cNext&quot;:&quot;Siguiente&quot;,&quot;cExpandStr&quot;:&quot;Expandir la imagen&quot;,&quot;cRotate&quot;:&quot;Gire&quot;,&quot;cDetails&quot;:&quot;Details&quot;}\" data-popup-slideshow=\"false\" data-popup-slideshow-speed=\"2500\" data-popup-hoverstop=\"false\" data-popup-slideshow-auto=\"false\" data-popup-background=\"\" data-popup-transparency=\"30\" data-popup-disable-history=\"\" data-popup-disable-changed-url=\"\" data-popup-border-type=\"\" data-popup-border-color=\"\" data-popup-border-width=\"\" data-popup-border-enable=\"\" data-fullscreen=\"false\" data-hide-tooltip=\"false\" data-caption-font-family=\"Default\" data-caption-text-size=\"140\" data-is-mobile=\"0\" data-caption-mobile=\"false\" data-hide-long-tltp-title=\"0\" data-caption-disabled-on-mobile=\"false\" data-popup-placement-type=\"0\" data-social-sharing=\"{&quot;enabled&quot;:&quot;&quot;,&quot;gallerySharing&quot;:{&quot;enabled&quot;:null,&quot;position&quot;:null},&quot;imageSharing&quot;:{&quot;enabled&quot;:null,&quot;wrapperClass&quot;:&quot; vertical \\n &quot;},&quot;popupSharing&quot;:{&quot;enabled&quot;:null,&quot;wrapperClass&quot;:&quot; vertical \\n &quot;}}\" class=\"grid-gallery grid-gallery-fixed \" style=\" width:100%; height:auto ; margin-left:auto; margin-right:auto; position:relative;\" > <div class=\"gallery-loading\"> <div class=\"blocks\"> <div class=\"block\"><\/div> <div class=\"block\"><\/div> <div class=\"block\"><\/div> <div class=\"block\"><\/div> <\/div> <\/div> <div class=\"gallery-sharing-top\"><\/div> <div id=\"photos-36\" class=\"grid-gallery-photos \" > <FIGURE class=\"grid-gallery-caption \" data-grid-gallery-type=\"quarter-slide-up\" data-index=\"0\" style=\"display:none;border-radius: 00; ; margin: 2.3px; width:2150;\" ><div class=\"crop \" style=\" width:2150; height:2150; overflow:hidden; \"><img decoding=\"async\" src=\"https:\/\/www.litoral.es\/guia-de-vacaciones\/wp-content\/uploads\/2017\/05\/Murallas-Romanas-Tarragona-11-215x215.jpg\" class=\"ggImg\" alt=\"Murallas de Tarragona\" title=\"murallas-romanas-tarragona-11\" data-description=\"murallas-romanas-tarragona-11\" data-caption=\"Paseo arqueologico por las murallas de Tarragona\" data-title=\"murallas-romanas-tarragona-11\" style=\" width:215px; height:215px; \" \/><\/div><FIGCAPTION class=\"\" data-alpha=\"5\" style=\"color:#ffffff; background-color:#eeee22; font-size:140; text-align:left; font-family:Default;\" ><div class=\"grid-gallery-figcaption-wrap\" style=\" \"><\/div><\/FIGCAPTION><\/FIGURE> <FIGURE class=\"grid-gallery-caption \" data-grid-gallery-type=\"quarter-slide-up\" data-index=\"1\" style=\"display:none;border-radius: 00; ; margin: 2.3px; width:2150;\" ><div class=\"crop \" style=\" width:2150; height:2150; overflow:hidden; \"><img decoding=\"async\" src=\"https:\/\/www.litoral.es\/guia-de-vacaciones\/wp-content\/uploads\/2017\/05\/Murallas-Romanas-de-Tarragona-18-215x215.jpg\" class=\"ggImg\" alt=\"Esculturas en el paseo arqueologico de las murallas de Tarragona\" title=\"murallas-romanas-de-tarragona-18\" data-description=\"murallas-romanas-de-tarragona-18\" data-caption=\"murallas-romanas-de-tarragona-18\" data-title=\"murallas-romanas-de-tarragona-18\" style=\" width:215px; height:215px; \" \/><\/div><FIGCAPTION class=\"\" data-alpha=\"5\" style=\"color:#ffffff; background-color:#eeee22; font-size:140; text-align:left; font-family:Default;\" ><div class=\"grid-gallery-figcaption-wrap\" style=\" \"><\/div><\/FIGCAPTION><\/FIGURE> <FIGURE class=\"grid-gallery-caption \" data-grid-gallery-type=\"quarter-slide-up\" data-index=\"2\" style=\"display:none;border-radius: 00; ; margin: 2.3px; width:2150;\" ><div class=\"crop \" style=\" width:2150; height:2150; overflow:hidden; \"><img decoding=\"async\" src=\"https:\/\/www.litoral.es\/guia-de-vacaciones\/wp-content\/uploads\/2017\/05\/Murallas-Romanas-de-Tarragona-15-1-215x215.jpg\" class=\"ggImg\" alt=\"Murallas de Tarragona romana\" title=\"murallas-romanas-de-tarragona-15\" data-description=\"murallas-romanas-de-tarragona-15\" data-caption=\"murallas-romanas-de-tarragona-15\" data-title=\"murallas-romanas-de-tarragona-15\" style=\" width:215px; height:215px; \" \/><\/div><FIGCAPTION class=\"\" data-alpha=\"5\" style=\"color:#ffffff; background-color:#eeee22; font-size:140; text-align:left; font-family:Default;\" ><div class=\"grid-gallery-figcaption-wrap\" style=\" \"><\/div><\/FIGCAPTION><\/FIGURE> <div class=\"grid-gallery-clearfix\"><\/div> <\/div> <div class=\"gallery-sharing-bottom\"><\/div> <div class=\"grid-gallery-clearfix\"><\/div> <\/div> <!-- Gallery by Supsystic plugin 1.15.21 --><a title=\"WordPress Image Gallery Plugin\" style=\"display:none;\" href=\"https:\/\/supsystic.com\/plugins\/photo-gallery\/?utm_medium=love_link\" target=\"_blank\">WordPress Image Gallery Plugin<\/a>\n<p>&nbsp;<\/p>\n<h3 style=\"text-align: left;\">Murallas Tarragona horarios<\/h3>\n<p>Las murallas y el Paseo Arqueol\u00f3gico pueden visitarse de martes a domingo. Los lunes est\u00e1n cerrados.<\/p>\n<p>Los horarios var\u00edan seg\u00fan la \u00e9poca del a\u00f1o. En horario de verano (de mayo a septiembre) se puede acceder de 9:00 h. a 21:00 h., mientras que durante el horario de invierno (de octubre a abril) el acceso se cierra a las 19:00h. Los domingos el horario es de 9:00 h. a 15:00 h. independientemente de la \u00e9poca del a\u00f1o.<\/p>\n<p><a id=\"135\" href=\"https:\/\/www.litoral.es\/costa-dorada\/\"><\/p>\n<p><img loading=\"lazy\" decoding=\"async\" class=\"imgdesktop aligncenter wp-image-6978 size-full\" src=\"https:\/\/www.litoral.es\/guia-de-vacaciones\/wp-content\/uploads\/2017\/12\/Apartamentos-alquiler-costa-dorada-1.jpg\" alt=\"alquiler de alojamientos vacacionales en la costa dorada\" width=\"848\" height=\"160\"><\/p>\n<p><a id=\"135\" href=\"https:\/\/www.litoral.es\/costa-dorada\/\"><\/p>\n<p><img loading=\"lazy\" decoding=\"async\" class=\"imgmobile aligncenter wp-image-6976 size-full\" src=\"https:\/\/www.litoral.es\/guia-de-vacaciones\/wp-content\/uploads\/2017\/12\/Banner-Costa-Dorada.jpg\" alt=\"alojamientos la costa dorada\" width=\"260\" height=\"240\"><\/p>\n<p><\/a><\/p>\n<h2 style=\"text-align: left;\"><div class=\"su-service\"><div class=\"su-service-title\" style=\"padding-left:46px;min-height:32px;line-height:32px\"><i class=\"sui sui-university\" style=\"font-size:32px;color:#333\"><\/i> Foro Provincial<\/div><div class=\"su-service-content su-u-clearfix su-u-trim\" style=\"padding-left:46px\"><\/div><\/div><\/h2>\n<p>Seguimos nuestra ruta por la Tarragona romana en el <strong>Foro Provincial,<\/strong> un espacio que actualmente ocupan la <strong>Plaza del Pallol, la Plaza del Forum y la Plaza del Rey.<\/strong> Este era el lugar desde el que se gobernaba la provincia de Hispania Citerior, de la que Tarraco era la capital.<\/p>\n<p>El Foro Provincial de Tarragona <strong>fue uno de los foros m\u00e1s grandes del Imperio Romano<\/strong>. Med\u00eda casi <strong>8 hect\u00e1reas y se divid\u00eda en dos terrazas<\/strong>. La superior estaba dedicada al culto del emperador y la inferior era un espacio de representaci\u00f3n ciudadana. Era un gran recinto rectangular rodeado por p\u00f3rticos y con el interior adornado con jardines y estatuas.<\/p>\n<p>&nbsp;<\/p>\n<p><img loading=\"lazy\" decoding=\"async\" class=\"aligncenter size-full wp-image-6096\" src=\"https:\/\/www.litoral.es\/guia-de-vacaciones\/wp-content\/uploads\/2017\/05\/muralla-casco-antiguo-tarragona.jpg\" alt=\"Foro provincial del Tarragona Romana\" width=\"1098\" height=\"919\" srcset=\"https:\/\/www.litoral.es\/guia-de-vacaciones\/wp-content\/uploads\/2017\/05\/muralla-casco-antiguo-tarragona.jpg 1098w, https:\/\/www.litoral.es\/guia-de-vacaciones\/wp-content\/uploads\/2017\/05\/muralla-casco-antiguo-tarragona-250x209.jpg 250w, https:\/\/www.litoral.es\/guia-de-vacaciones\/wp-content\/uploads\/2017\/05\/muralla-casco-antiguo-tarragona-768x643.jpg 768w, https:\/\/www.litoral.es\/guia-de-vacaciones\/wp-content\/uploads\/2017\/05\/muralla-casco-antiguo-tarragona-500x418.jpg 500w, https:\/\/www.litoral.es\/guia-de-vacaciones\/wp-content\/uploads\/2017\/05\/muralla-casco-antiguo-tarragona-300x251.jpg 300w, https:\/\/www.litoral.es\/guia-de-vacaciones\/wp-content\/uploads\/2017\/05\/muralla-casco-antiguo-tarragona-750x628.jpg 750w, https:\/\/www.litoral.es\/guia-de-vacaciones\/wp-content\/uploads\/2017\/05\/muralla-casco-antiguo-tarragona-380x318.jpg 380w, https:\/\/www.litoral.es\/guia-de-vacaciones\/wp-content\/uploads\/2017\/05\/muralla-casco-antiguo-tarragona-310x259.jpg 310w, https:\/\/www.litoral.es\/guia-de-vacaciones\/wp-content\/uploads\/2017\/05\/muralla-casco-antiguo-tarragona-360x301.jpg 360w, https:\/\/www.litoral.es\/guia-de-vacaciones\/wp-content\/uploads\/2017\/05\/muralla-casco-antiguo-tarragona-260x218.jpg 260w\" sizes=\"(max-width: 1098px) 100vw, 1098px\" \/><\/p>\n<h2 style=\"text-align: left;\">&nbsp;<\/h2>\n<h2 style=\"text-align: left;\"><div class=\"su-service\"><div class=\"su-service-title\" style=\"padding-left:46px;min-height:32px;line-height:32px\"><i class=\"sui sui-university\" style=\"font-size:32px;color:#333\"><\/i> Museo Arqueol\u00f3gico de Tarragona<\/div><div class=\"su-service-content su-u-clearfix su-u-trim\" style=\"padding-left:46px\"><\/div><\/div><\/h2>\n<p style=\"text-align: left;\">&nbsp;El <strong>Museo Nacional Arqueol\u00f3gico de Tarragona (MNAT)<\/strong> guarda una valiosa colecci\u00f3n de restos romanos descubiertos en la ciudad y sus alrededores. En su interior encontrar\u00e1s <strong>esculturas, mosaicos, cer\u00e1micas, l\u00e1mparas de aceite, \u00e1nforas y otros objetos de uso cotidiano en la antigua Tarragona romana<\/strong>.<\/p>\n<p style=\"text-align: left;\">Tambi\u00e9n podr\u00e1s ver un audiovisual que explica la llegada de los romanos a Tarraco y aprender c\u00f3mo se elaboraban los mosaicos con sus caracter\u00edsticas teselas de colores. Entre las piezas m\u00e1s importantes que alberga el museo, destacan precisamente los mosaicos de los Peces y de la Medusa, as\u00ed como el busto de Marco Aurelio.<\/p>\n<p>&nbsp;<\/p>\n<p><img loading=\"lazy\" decoding=\"async\" class=\"aligncenter size-full wp-image-6063\" src=\"https:\/\/www.litoral.es\/guia-de-vacaciones\/wp-content\/uploads\/2017\/05\/Museo-arqueologico-de-Tarragona-5.jpg\" alt=\"Fachada del museo arqueologico nacional de Tarragona\" width=\"900\" height=\"600\" srcset=\"https:\/\/www.litoral.es\/guia-de-vacaciones\/wp-content\/uploads\/2017\/05\/Museo-arqueologico-de-Tarragona-5.jpg 900w, https:\/\/www.litoral.es\/guia-de-vacaciones\/wp-content\/uploads\/2017\/05\/Museo-arqueologico-de-Tarragona-5-250x167.jpg 250w, https:\/\/www.litoral.es\/guia-de-vacaciones\/wp-content\/uploads\/2017\/05\/Museo-arqueologico-de-Tarragona-5-768x512.jpg 768w, https:\/\/www.litoral.es\/guia-de-vacaciones\/wp-content\/uploads\/2017\/05\/Museo-arqueologico-de-Tarragona-5-500x333.jpg 500w, https:\/\/www.litoral.es\/guia-de-vacaciones\/wp-content\/uploads\/2017\/05\/Museo-arqueologico-de-Tarragona-5-300x200.jpg 300w, https:\/\/www.litoral.es\/guia-de-vacaciones\/wp-content\/uploads\/2017\/05\/Museo-arqueologico-de-Tarragona-5-750x500.jpg 750w, https:\/\/www.litoral.es\/guia-de-vacaciones\/wp-content\/uploads\/2017\/05\/Museo-arqueologico-de-Tarragona-5-380x253.jpg 380w, https:\/\/www.litoral.es\/guia-de-vacaciones\/wp-content\/uploads\/2017\/05\/Museo-arqueologico-de-Tarragona-5-310x207.jpg 310w, https:\/\/www.litoral.es\/guia-de-vacaciones\/wp-content\/uploads\/2017\/05\/Museo-arqueologico-de-Tarragona-5-360x240.jpg 360w, https:\/\/www.litoral.es\/guia-de-vacaciones\/wp-content\/uploads\/2017\/05\/Museo-arqueologico-de-Tarragona-5-260x173.jpg 260w\" sizes=\"(max-width: 900px) 100vw, 900px\" \/><\/p>\n<p>&nbsp;<\/p>\n<div id=\"grid-gallery-37-86479\" data-gg-id=\"37\" data-title=\"Museo Arqueol\u00f3gico Nacional de Tarragona\" data-grid-type=\"0\" data-offset=\"2.3\" data-area-position=\"center\" data-icons=\"\" data-preloader=\"true\" data-width=\"215\" data-height=\"215\" data-padding=\"0\" data-quicksand=\"disabled\" data-quicksand-duration=\"none\" data-popup-theme=\"theme_6\" data-popup-type=\"pretty-photo\" data-popup-image-text=\"data-description\" data-popup-widthsize=\"auto\" data-popup-heightsize=\"auto\" data-popup-i18n-words=\"{&quot;close&quot;:&quot;cerrar&quot;,&quot;next&quot;:&quot;siguiente&quot;,&quot;previous&quot;:&quot;anterior&quot;,&quot;start_slideshow&quot;:&quot;comenzar reproducci\\u00f3n&quot;,&quot;stop_slideshow&quot;:&quot;detener reproducci\\u00f3n&quot;,&quot;image&quot;:&quot;imagen&quot;,&quot;of&quot;:&quot;de&quot;,&quot;prev&quot;:&quot;ant&quot;,&quot;cExpand&quot;:&quot;Ampliar&quot;,&quot;cPrevious&quot;:&quot;Anterior&quot;,&quot;cNext&quot;:&quot;Siguiente&quot;,&quot;cExpandStr&quot;:&quot;Expandir la imagen&quot;,&quot;cRotate&quot;:&quot;Gire&quot;,&quot;cDetails&quot;:&quot;Details&quot;}\" data-popup-slideshow=\"false\" data-popup-slideshow-speed=\"2500\" data-popup-hoverstop=\"false\" data-popup-slideshow-auto=\"false\" data-popup-background=\"\" data-popup-transparency=\"30\" data-popup-disable-history=\"\" data-popup-disable-changed-url=\"\" data-popup-border-type=\"\" data-popup-border-color=\"\" data-popup-border-width=\"\" data-popup-border-enable=\"\" data-fullscreen=\"false\" data-hide-tooltip=\"false\" data-caption-font-family=\"Default\" data-caption-text-size=\"140\" data-is-mobile=\"0\" data-caption-mobile=\"false\" data-hide-long-tltp-title=\"0\" data-caption-disabled-on-mobile=\"false\" data-popup-placement-type=\"0\" data-social-sharing=\"{&quot;enabled&quot;:&quot;&quot;,&quot;gallerySharing&quot;:{&quot;enabled&quot;:null,&quot;position&quot;:null},&quot;imageSharing&quot;:{&quot;enabled&quot;:null,&quot;wrapperClass&quot;:&quot; vertical \\n &quot;},&quot;popupSharing&quot;:{&quot;enabled&quot;:null,&quot;wrapperClass&quot;:&quot; vertical \\n &quot;}}\" class=\"grid-gallery grid-gallery-fixed \" style=\" width:100%; height:auto ; margin-left:auto; margin-right:auto; position:relative;\" > <div class=\"gallery-loading\"> <div class=\"blocks\"> <div class=\"block\"><\/div> <div class=\"block\"><\/div> <div class=\"block\"><\/div> <div class=\"block\"><\/div> <\/div> <\/div> <div class=\"gallery-sharing-top\"><\/div> <div id=\"photos-37\" class=\"grid-gallery-photos \" > <FIGURE class=\"grid-gallery-caption \" data-grid-gallery-type=\"quarter-slide-up\" data-index=\"0\" style=\"display:none;border-radius: 00; ; margin: 2.3px; width:2150;\" ><div class=\"crop \" style=\" width:2150; height:2150; overflow:hidden; \"><img decoding=\"async\" src=\"https:\/\/www.litoral.es\/guia-de-vacaciones\/wp-content\/uploads\/2017\/05\/Museo-arqueologico-de-Tarragona-10-215x215.jpg\" class=\"ggImg\" alt=\"Puerta entrada museo arqueologico de Tarragona\" title=\"museo-arqueologico-de-tarragona-10\" data-description=\"museo-arqueologico-de-tarragona-10\" data-caption=\"Entrada al Museo Arqueol\u00f3gico Nacional de Tarragona\" data-title=\"museo-arqueologico-de-tarragona-10\" style=\" width:215px; height:215px; \" \/><\/div><FIGCAPTION class=\"\" data-alpha=\"5\" style=\"color:#ffffff; background-color:#eeee22; font-size:140; text-align:left; font-family:Default;\" ><div class=\"grid-gallery-figcaption-wrap\" style=\" \"><\/div><\/FIGCAPTION><\/FIGURE> <FIGURE class=\"grid-gallery-caption \" data-grid-gallery-type=\"quarter-slide-up\" data-index=\"1\" style=\"display:none;border-radius: 00; ; margin: 2.3px; width:2150;\" ><div class=\"crop \" style=\" width:2150; height:2150; overflow:hidden; \"><img decoding=\"async\" src=\"https:\/\/www.litoral.es\/guia-de-vacaciones\/wp-content\/uploads\/2017\/05\/Museo-arqueologico-de-Tarragona-20-215x215.jpg\" class=\"ggImg\" alt=\"museo-arqueologico-de-tarragona-20\" title=\"museo-arqueologico-de-tarragona-20\" data-description=\"museo-arqueologico-de-tarragona-20\" data-caption=\"Interior del Museo Arqueol\u00f3gico Nacional de Tarragona\" data-title=\"museo-arqueologico-de-tarragona-20\" style=\" width:215px; height:215px; \" \/><\/div><FIGCAPTION class=\"\" data-alpha=\"5\" style=\"color:#ffffff; background-color:#eeee22; font-size:140; text-align:left; font-family:Default;\" ><div class=\"grid-gallery-figcaption-wrap\" style=\" \"><\/div><\/FIGCAPTION><\/FIGURE> <FIGURE class=\"grid-gallery-caption \" data-grid-gallery-type=\"quarter-slide-up\" data-index=\"2\" style=\"display:none;border-radius: 00; ; margin: 2.3px; width:2150;\" ><div class=\"crop \" style=\" width:2150; height:2150; overflow:hidden; \"><img decoding=\"async\" src=\"https:\/\/www.litoral.es\/guia-de-vacaciones\/wp-content\/uploads\/2017\/05\/Museo-arqueologico-de-Tarragona-41-215x215.jpg\" class=\"ggImg\" alt=\"Esculturas interior museo nacional arqueologia de Tarragona\" title=\"museo-arqueologico-de-tarragona-41\" data-description=\"museo-arqueologico-de-tarragona-41\" data-caption=\"museo-arqueologico-de-tarragona-41\" data-title=\"museo-arqueologico-de-tarragona-41\" style=\" width:215px; height:215px; \" \/><\/div><FIGCAPTION class=\"\" data-alpha=\"5\" style=\"color:#ffffff; background-color:#eeee22; font-size:140; text-align:left; font-family:Default;\" ><div class=\"grid-gallery-figcaption-wrap\" style=\" \"><\/div><\/FIGCAPTION><\/FIGURE> <FIGURE class=\"grid-gallery-caption \" data-grid-gallery-type=\"quarter-slide-up\" data-index=\"3\" style=\"display:none;border-radius: 00; ; margin: 2.3px; width:2150;\" ><div class=\"crop \" style=\" width:2150; height:2150; overflow:hidden; \"><img decoding=\"async\" src=\"https:\/\/www.litoral.es\/guia-de-vacaciones\/wp-content\/uploads\/2017\/05\/Museo-arqueologico-de-Tarragona-25-215x215.jpg\" class=\"ggImg\" alt=\"Museo arqueologico de Tarragona\" title=\"museo-arqueologico-de-tarragona-25\" data-description=\"museo-arqueologico-de-tarragona-25\" data-caption=\"museo-arqueologico-de-tarragona-25\" data-title=\"museo-arqueologico-de-tarragona-25\" style=\" width:215px; height:215px; \" \/><\/div><FIGCAPTION class=\"\" data-alpha=\"5\" style=\"color:#ffffff; background-color:#eeee22; font-size:140; text-align:left; font-family:Default;\" ><div class=\"grid-gallery-figcaption-wrap\" style=\" \"><\/div><\/FIGCAPTION><\/FIGURE> <FIGURE class=\"grid-gallery-caption \" data-grid-gallery-type=\"quarter-slide-up\" data-index=\"4\" style=\"display:none;border-radius: 00; ; margin: 2.3px; width:2150;\" ><div class=\"crop \" style=\" width:2150; height:2150; overflow:hidden; \"><img decoding=\"async\" src=\"https:\/\/www.litoral.es\/guia-de-vacaciones\/wp-content\/uploads\/2017\/05\/Museo-arqueologico-de-Tarragona-22-215x215.jpg\" class=\"ggImg\" alt=\"Museo arqueologico nacional de Tarragona\" title=\"museo-arqueologico-de-tarragona-22\" data-description=\"museo-arqueologico-de-tarragona-22\" data-caption=\"museo-arqueologico-de-tarragona-22\" data-title=\"museo-arqueologico-de-tarragona-22\" style=\" width:215px; height:215px; \" \/><\/div><FIGCAPTION class=\"\" data-alpha=\"5\" style=\"color:#ffffff; background-color:#eeee22; font-size:140; text-align:left; font-family:Default;\" ><div class=\"grid-gallery-figcaption-wrap\" style=\" \"><\/div><\/FIGCAPTION><\/FIGURE> <FIGURE class=\"grid-gallery-caption \" data-grid-gallery-type=\"quarter-slide-up\" data-index=\"5\" style=\"display:none;border-radius: 00; ; margin: 2.3px; width:2150;\" ><div class=\"crop \" style=\" width:2150; height:2150; overflow:hidden; \"><img decoding=\"async\" src=\"https:\/\/www.litoral.es\/guia-de-vacaciones\/wp-content\/uploads\/2017\/05\/Museo-arqueologico-de-Tarragona-13-215x215.jpg\" class=\"ggImg\" alt=\"Museo arqueologico de Tarragona\" title=\"museo-arqueologico-de-tarragona-13\" data-description=\"museo-arqueologico-de-tarragona-13\" data-caption=\"museo-arqueologico-de-tarragona-13\" data-title=\"museo-arqueologico-de-tarragona-13\" style=\" width:215px; height:215px; \" \/><\/div><FIGCAPTION class=\"\" data-alpha=\"5\" style=\"color:#ffffff; background-color:#eeee22; font-size:140; text-align:left; font-family:Default;\" ><div class=\"grid-gallery-figcaption-wrap\" style=\" \"><\/div><\/FIGCAPTION><\/FIGURE> <div class=\"grid-gallery-clearfix\"><\/div> <\/div> <div class=\"gallery-sharing-bottom\"><\/div> <div class=\"grid-gallery-clearfix\"><\/div> <\/div> <!-- Gallery by Supsystic plugin 1.15.21 --><a title=\"WordPress Image Gallery Plugin\" style=\"display:none;\" href=\"https:\/\/supsystic.com\/plugins\/photo-gallery\/?utm_medium=love_link\" target=\"_blank\">WordPress Image Gallery Plugin<\/a>\n<p>&nbsp;<\/p>\n<h2 style=\"text-align: left;\"><div class=\"su-service\"><div class=\"su-service-title\" style=\"padding-left:46px;min-height:32px;line-height:32px\"><i class=\"sui sui-university\" style=\"font-size:32px;color:#333\"><\/i> Foro Local<\/div><div class=\"su-service-content su-u-clearfix su-u-trim\" style=\"padding-left:46px\"><\/div><\/div><\/h2>\n<p>El Foro Local, tambi\u00e9n conocido como Foro de la Colonia, se situaba en el interior de la ciudad residencial romana. Era el centro pol\u00edtico y comercial de la ciudad. Era el lugar entorno al que se levantaban los principales<strong> edificios administrativos, los templos y las tiendas.<\/strong><\/p>\n<p>El antiguo foro fue destruido durante el s. XIX y de \u00e9l ya solo se conservan una parte de la antigua bas\u00edlica con columnas corintias, algunas estatuas y unas cisternas que se usaban para guardar aceite y vino.<\/p>\n<div id=\"grid-gallery-38-85253\" data-gg-id=\"38\" data-title=\"Necr\u00f3polis de Tarragona\" data-grid-type=\"0\" data-offset=\"2.3\" data-area-position=\"center\" data-icons=\"\" data-preloader=\"true\" data-width=\"215\" data-height=\"215\" data-padding=\"0\" data-quicksand=\"disabled\" data-quicksand-duration=\"none\" data-popup-theme=\"theme_6\" data-popup-type=\"pretty-photo\" data-popup-image-text=\"data-description\" data-popup-widthsize=\"auto\" data-popup-heightsize=\"auto\" data-popup-i18n-words=\"{&quot;close&quot;:&quot;cerrar&quot;,&quot;next&quot;:&quot;siguiente&quot;,&quot;previous&quot;:&quot;anterior&quot;,&quot;start_slideshow&quot;:&quot;comenzar reproducci\\u00f3n&quot;,&quot;stop_slideshow&quot;:&quot;detener reproducci\\u00f3n&quot;,&quot;image&quot;:&quot;imagen&quot;,&quot;of&quot;:&quot;de&quot;,&quot;prev&quot;:&quot;ant&quot;,&quot;cExpand&quot;:&quot;Ampliar&quot;,&quot;cPrevious&quot;:&quot;Anterior&quot;,&quot;cNext&quot;:&quot;Siguiente&quot;,&quot;cExpandStr&quot;:&quot;Expandir la imagen&quot;,&quot;cRotate&quot;:&quot;Gire&quot;,&quot;cDetails&quot;:&quot;Details&quot;}\" data-popup-slideshow=\"false\" data-popup-slideshow-speed=\"2500\" data-popup-hoverstop=\"false\" data-popup-slideshow-auto=\"false\" data-popup-background=\"\" data-popup-transparency=\"30\" data-popup-disable-history=\"\" data-popup-disable-changed-url=\"\" data-popup-border-type=\"\" data-popup-border-color=\"\" data-popup-border-width=\"\" data-popup-border-enable=\"\" data-fullscreen=\"false\" data-hide-tooltip=\"false\" data-caption-font-family=\"Default\" data-caption-text-size=\"140\" data-is-mobile=\"0\" data-caption-mobile=\"false\" data-hide-long-tltp-title=\"0\" data-caption-disabled-on-mobile=\"false\" data-popup-placement-type=\"0\" data-social-sharing=\"{&quot;enabled&quot;:&quot;&quot;,&quot;gallerySharing&quot;:{&quot;enabled&quot;:null,&quot;position&quot;:null},&quot;imageSharing&quot;:{&quot;enabled&quot;:null,&quot;wrapperClass&quot;:&quot; vertical \\n &quot;},&quot;popupSharing&quot;:{&quot;enabled&quot;:null,&quot;wrapperClass&quot;:&quot; vertical \\n &quot;}}\" class=\"grid-gallery grid-gallery-fixed \" style=\" width:100%; height:auto ; margin-left:auto; margin-right:auto; position:relative;\" > <div class=\"gallery-loading\"> <div class=\"blocks\"> <div class=\"block\"><\/div> <div class=\"block\"><\/div> <div class=\"block\"><\/div> <div class=\"block\"><\/div> <\/div> <\/div> <div class=\"gallery-sharing-top\"><\/div> <div id=\"photos-38\" class=\"grid-gallery-photos \" > <FIGURE class=\"grid-gallery-caption \" data-grid-gallery-type=\"quarter-slide-up\" data-index=\"0\" style=\"display:none;border-radius: 00; ; margin: 2.3px; width:2150;\" ><div class=\"crop \" style=\" width:2150; height:2150; overflow:hidden; \"><img decoding=\"async\" src=\"https:\/\/www.litoral.es\/guia-de-vacaciones\/wp-content\/uploads\/2017\/05\/Foro-Romana-de-Tarragona-28-215x215.jpg\" class=\"ggImg\" alt=\"Foro Romano de Tarragona\" title=\"foro-romana-de-tarragona-28\" data-description=\"foro-romana-de-tarragona-28\" data-caption=\"Foro Local Tarragona\" data-title=\"foro-romana-de-tarragona-28\" style=\" width:215px; height:215px; \" \/><\/div><FIGCAPTION class=\"\" data-alpha=\"5\" style=\"color:#ffffff; background-color:#eeee22; font-size:140; text-align:left; font-family:Default;\" ><div class=\"grid-gallery-figcaption-wrap\" style=\" \"><\/div><\/FIGCAPTION><\/FIGURE> <FIGURE class=\"grid-gallery-caption \" data-grid-gallery-type=\"quarter-slide-up\" data-index=\"1\" style=\"display:none;border-radius: 00; ; margin: 2.3px; width:2150;\" ><div class=\"crop \" style=\" width:2150; height:2150; overflow:hidden; \"><img decoding=\"async\" src=\"https:\/\/www.litoral.es\/guia-de-vacaciones\/wp-content\/uploads\/2017\/05\/Foro-Romana-de-Tarragona-25-215x215.jpg\" class=\"ggImg\" alt=\"Foro Romano de Tarragona\" title=\"foro-romana-de-tarragona-25\" data-description=\"foro-romana-de-tarragona-25\" data-caption=\"foro-romana-de-tarragona-25\" data-title=\"foro-romana-de-tarragona-25\" style=\" width:215px; height:215px; \" \/><\/div><FIGCAPTION class=\"\" data-alpha=\"5\" style=\"color:#ffffff; background-color:#eeee22; font-size:140; text-align:left; font-family:Default;\" ><div class=\"grid-gallery-figcaption-wrap\" style=\" \"><\/div><\/FIGCAPTION><\/FIGURE> <FIGURE class=\"grid-gallery-caption \" data-grid-gallery-type=\"quarter-slide-up\" data-index=\"2\" style=\"display:none;border-radius: 00; ; margin: 2.3px; width:2150;\" ><div class=\"crop \" style=\" width:2150; height:2150; overflow:hidden; \"><img decoding=\"async\" src=\"https:\/\/www.litoral.es\/guia-de-vacaciones\/wp-content\/uploads\/2017\/05\/Foro-Romana-de-Tarragona-24-215x215.jpg\" class=\"ggImg\" alt=\"Foro Romano de Tarragona\" title=\"foro-romana-de-tarragona-24\" data-description=\"foro-romana-de-tarragona-24\" data-caption=\"foro-romana-de-tarragona-24\" data-title=\"foro-romana-de-tarragona-24\" style=\" width:215px; height:215px; \" \/><\/div><FIGCAPTION class=\"\" data-alpha=\"5\" style=\"color:#ffffff; background-color:#eeee22; font-size:140; text-align:left; font-family:Default;\" ><div class=\"grid-gallery-figcaption-wrap\" style=\" \"><\/div><\/FIGCAPTION><\/FIGURE> <FIGURE class=\"grid-gallery-caption \" data-grid-gallery-type=\"quarter-slide-up\" data-index=\"3\" style=\"display:none;border-radius: 00; ; margin: 2.3px; width:2150;\" ><div class=\"crop \" style=\" width:2150; height:2150; overflow:hidden; \"><img decoding=\"async\" src=\"https:\/\/www.litoral.es\/guia-de-vacaciones\/wp-content\/uploads\/2017\/05\/Foro-Romana-de-Tarragona-13-215x215.jpg\" class=\"ggImg\" alt=\"Foro Romano de Tarragona\" title=\"foro-romana-de-tarragona-13\" data-description=\"foro-romana-de-tarragona-13\" data-caption=\"foro-romana-de-tarragona-13\" data-title=\"foro-romana-de-tarragona-13\" style=\" width:215px; height:215px; \" \/><\/div><FIGCAPTION class=\"\" data-alpha=\"5\" style=\"color:#ffffff; background-color:#eeee22; font-size:140; text-align:left; font-family:Default;\" ><div class=\"grid-gallery-figcaption-wrap\" style=\" \"><\/div><\/FIGCAPTION><\/FIGURE> <FIGURE class=\"grid-gallery-caption \" data-grid-gallery-type=\"quarter-slide-up\" data-index=\"4\" style=\"display:none;border-radius: 00; ; margin: 2.3px; width:2150;\" ><div class=\"crop \" style=\" width:2150; height:2150; overflow:hidden; \"><img decoding=\"async\" src=\"https:\/\/www.litoral.es\/guia-de-vacaciones\/wp-content\/uploads\/2017\/05\/Foro-Romana-de-Tarragona-17-215x215.jpg\" class=\"ggImg\" alt=\"Foro Romano de Tarragona\" title=\"foro-romana-de-tarragona-17\" data-description=\"foro-romana-de-tarragona-17\" data-caption=\"foro-romana-de-tarragona-17\" data-title=\"foro-romana-de-tarragona-17\" style=\" width:215px; height:215px; \" \/><\/div><FIGCAPTION class=\"\" data-alpha=\"5\" style=\"color:#ffffff; background-color:#eeee22; font-size:140; text-align:left; font-family:Default;\" ><div class=\"grid-gallery-figcaption-wrap\" style=\" \"><\/div><\/FIGCAPTION><\/FIGURE> <FIGURE class=\"grid-gallery-caption \" data-grid-gallery-type=\"quarter-slide-up\" data-index=\"5\" style=\"display:none;border-radius: 00; ; margin: 2.3px; width:2150;\" ><div class=\"crop \" style=\" width:2150; height:2150; overflow:hidden; \"><img decoding=\"async\" src=\"https:\/\/www.litoral.es\/guia-de-vacaciones\/wp-content\/uploads\/2017\/05\/Foro-Romana-de-Tarragona-12-215x215.jpg\" class=\"ggImg\" alt=\"Foro Romano de Tarragona\" title=\"foro-romana-de-tarragona-12\" data-description=\"foro-romana-de-tarragona-12\" data-caption=\"foro-romana-de-tarragona-12\" data-title=\"foro-romana-de-tarragona-12\" style=\" width:215px; height:215px; \" \/><\/div><FIGCAPTION class=\"\" data-alpha=\"5\" style=\"color:#ffffff; background-color:#eeee22; font-size:140; text-align:left; font-family:Default;\" ><div class=\"grid-gallery-figcaption-wrap\" style=\" \"><\/div><\/FIGCAPTION><\/FIGURE> <div class=\"grid-gallery-clearfix\"><\/div> <\/div> <div class=\"gallery-sharing-bottom\"><\/div> <div class=\"grid-gallery-clearfix\"><\/div> <\/div> <!-- Gallery by Supsystic plugin 1.15.21 --><a title=\"WordPress Image Gallery Plugin\" style=\"display:none;\" href=\"https:\/\/supsystic.com\/plugins\/photo-gallery\/?utm_medium=love_link\" target=\"_blank\">WordPress Image Gallery Plugin<\/a>\n<p>&nbsp;<\/p>\n<h2 style=\"text-align: left;\"><div class=\"su-service\"><div class=\"su-service-title\" style=\"padding-left:46px;min-height:32px;line-height:32px\"><i class=\"sui sui-university\" style=\"font-size:32px;color:#333\"><\/i> Pretorio de Tarragona<\/div><div class=\"su-service-content su-u-clearfix su-u-trim\" style=\"padding-left:46px\"><\/div><\/div><\/h2>\n<p>La Torre del Pretorio era uno de los principales accesos al Foro Provincial desde el circo romano. Durante la Edad Media pas\u00f3 a ser residencia real. En su interior podemos ver una maqueta de la Tarragona medieval, que junto con la que hab\u00edamos visto anteriormente de la Tarragona romana, nos ayudar\u00e1 a hacernos una idea de la evoluci\u00f3n hist\u00f3rica de la ciudad.<\/p>\n<p><strong><div class=\"su-quote su-quote-style-default\"><div class=\"su-quote-inner su-u-clearfix su-u-trim\">Desde la terraza de la Torre del Pretorio hay unas vistas preciosas de la parte antigua de la ciudad y del anfiteatro. \u00a1No te las pierdas!<\/div><\/div><\/strong><\/p>\n<div class=\"su-divider su-divider-style-default\" style=\"margin:5px 0;border-width:1px;border-color:#999999\"><\/div>\n<p>&nbsp;<\/p>\n<p style=\"text-align: center;\"><span style=\"font-size: 14pt;\"><strong>\u00bf Buscas un apartamento o casa vacacional cerca de Tarragona?<\/strong><\/span><\/p>\n<p style=\"text-align: center;\"><strong><span style=\"font-size: 14pt;\">Muy sencillo!!! Haz click aqu\u00ed y encuentra la casa de tus sue\u00f1os &#8230;<\/span><\/strong><\/p>\n<p style=\"text-align: center;\"><a id=\"200\" class=\"fasc-button fasc-size-large fasc-type-glossy fasc-rounded-medium ico-fa fasc-ico-before fa-home fasc-style-bold fasc-style-italic\" style=\"background-color:  #EE771A ; color: #ffffff;\" target=\"_blank\" href=\"https:\/\/www.litoral.es\/costa-dorada\" rel=\"noopener noreferrer\">Busca t\u00fa alojamiento<\/a><\/p>\n<h2 style=\"text-align: left;\"><div class=\"su-service\"><div class=\"su-service-title\" style=\"padding-left:46px;min-height:32px;line-height:32px\"><i class=\"sui sui-university\" style=\"font-size:32px;color:#333\"><\/i> Circo romano de Tarragona<\/div><div class=\"su-service-content su-u-clearfix su-u-trim\" style=\"padding-left:46px\"><\/div><\/div><\/h2>\n<p>El circo romano de Tarragona se construy\u00f3 a finales del s. I d.C. y es <strong>uno de los circos romanos mejor conservados de todo el mundo.<\/strong> Ten\u00eda capacidad para acoger alrededor de 30.000 espectadores. En \u00e9l se disputaban las carreras de carros que eran muy populares en la \u00e9poca. Normalmente los carros eran tirados por dos caballos (bigas) o por cuatro (cuadrigas).<\/p>\n<p>Hoy en d\u00eda, la mayor parte de la estructura del circo permanece oculta bajo edificios del s. XIX, pero tambi\u00e9n hay una parte visible que se puede visitar y que est\u00e1 incorporada al museo. As\u00ed que podr\u00e1s ver sin problemas una parte de las gradas desde las que los espectadores contemplaban las carreras y buena parte de la fachada monumental.<\/p>\n<p>Aunque <strong>uno de los aspectos m\u00e1s llamativos del circo<\/strong> romano de Tarragona, sigue estando en la<strong> zona subterr\u00e1nea y son las b\u00f3vedas que sostienen las gradas.<\/strong><\/p>\n<p>&nbsp;<\/p>\n<p><img loading=\"lazy\" decoding=\"async\" class=\"aligncenter size-full wp-image-6094\" src=\"https:\/\/www.litoral.es\/guia-de-vacaciones\/wp-content\/uploads\/2017\/05\/Circo-Romano-de-Tarragona-56.jpg\" alt=\"Circo romano de Tarragona\" width=\"900\" height=\"600\" srcset=\"https:\/\/www.litoral.es\/guia-de-vacaciones\/wp-content\/uploads\/2017\/05\/Circo-Romano-de-Tarragona-56.jpg 900w, https:\/\/www.litoral.es\/guia-de-vacaciones\/wp-content\/uploads\/2017\/05\/Circo-Romano-de-Tarragona-56-250x167.jpg 250w, https:\/\/www.litoral.es\/guia-de-vacaciones\/wp-content\/uploads\/2017\/05\/Circo-Romano-de-Tarragona-56-768x512.jpg 768w, https:\/\/www.litoral.es\/guia-de-vacaciones\/wp-content\/uploads\/2017\/05\/Circo-Romano-de-Tarragona-56-500x333.jpg 500w, https:\/\/www.litoral.es\/guia-de-vacaciones\/wp-content\/uploads\/2017\/05\/Circo-Romano-de-Tarragona-56-300x200.jpg 300w, https:\/\/www.litoral.es\/guia-de-vacaciones\/wp-content\/uploads\/2017\/05\/Circo-Romano-de-Tarragona-56-750x500.jpg 750w, https:\/\/www.litoral.es\/guia-de-vacaciones\/wp-content\/uploads\/2017\/05\/Circo-Romano-de-Tarragona-56-380x253.jpg 380w, https:\/\/www.litoral.es\/guia-de-vacaciones\/wp-content\/uploads\/2017\/05\/Circo-Romano-de-Tarragona-56-310x207.jpg 310w, https:\/\/www.litoral.es\/guia-de-vacaciones\/wp-content\/uploads\/2017\/05\/Circo-Romano-de-Tarragona-56-360x240.jpg 360w, https:\/\/www.litoral.es\/guia-de-vacaciones\/wp-content\/uploads\/2017\/05\/Circo-Romano-de-Tarragona-56-260x173.jpg 260w\" sizes=\"(max-width: 900px) 100vw, 900px\" \/><\/p>\n<p><img loading=\"lazy\" decoding=\"async\" class=\"aligncenter size-full wp-image-6095\" src=\"https:\/\/www.litoral.es\/guia-de-vacaciones\/wp-content\/uploads\/2017\/05\/Circo-Romano-de-Tarragona-36.jpg\" alt=\"Interior del Circo romano de Tarragona\" width=\"900\" height=\"600\" srcset=\"https:\/\/www.litoral.es\/guia-de-vacaciones\/wp-content\/uploads\/2017\/05\/Circo-Romano-de-Tarragona-36.jpg 900w, https:\/\/www.litoral.es\/guia-de-vacaciones\/wp-content\/uploads\/2017\/05\/Circo-Romano-de-Tarragona-36-250x167.jpg 250w, https:\/\/www.litoral.es\/guia-de-vacaciones\/wp-content\/uploads\/2017\/05\/Circo-Romano-de-Tarragona-36-768x512.jpg 768w, https:\/\/www.litoral.es\/guia-de-vacaciones\/wp-content\/uploads\/2017\/05\/Circo-Romano-de-Tarragona-36-500x333.jpg 500w, https:\/\/www.litoral.es\/guia-de-vacaciones\/wp-content\/uploads\/2017\/05\/Circo-Romano-de-Tarragona-36-300x200.jpg 300w, https:\/\/www.litoral.es\/guia-de-vacaciones\/wp-content\/uploads\/2017\/05\/Circo-Romano-de-Tarragona-36-750x500.jpg 750w, https:\/\/www.litoral.es\/guia-de-vacaciones\/wp-content\/uploads\/2017\/05\/Circo-Romano-de-Tarragona-36-380x253.jpg 380w, https:\/\/www.litoral.es\/guia-de-vacaciones\/wp-content\/uploads\/2017\/05\/Circo-Romano-de-Tarragona-36-310x207.jpg 310w, https:\/\/www.litoral.es\/guia-de-vacaciones\/wp-content\/uploads\/2017\/05\/Circo-Romano-de-Tarragona-36-360x240.jpg 360w, https:\/\/www.litoral.es\/guia-de-vacaciones\/wp-content\/uploads\/2017\/05\/Circo-Romano-de-Tarragona-36-260x173.jpg 260w\" sizes=\"(max-width: 900px) 100vw, 900px\" \/><\/p>\n<h3 style=\"text-align: left;\">Circo romano Tarragona horarios<\/h3>\n<p>El <strong>circo romano de Tarragona<\/strong> puede visitarse de martes a s\u00e1bado de<strong> 9:00 h. a 19:00 h. y los domingos y festivos de 9:00 h. a 15:00 h. Los lunes est\u00e1 cerrado.<\/strong> Se accede a \u00e9l desde la Torreo del Pretorio.<\/p>\n<h3 style=\"text-align: left;\">Fotos circo romano<\/h3>\n<p>De todos los<strong> edificios dedicados a los espect\u00e1culos<\/strong> que existieron en la Tarragona romana,<strong> el circo fue el m\u00e1s grande de ellos<\/strong>. Tanto en el interior de sus b\u00f3vedas como en el resto del recinto, podr\u00e1s tomar fotos que te ayudar\u00e1n a viajar a los tiempos de los c\u00e9sares.<\/p>\n<div id=\"grid-gallery-41-84552\" data-gg-id=\"41\" data-title=\"Circo Romano\" data-grid-type=\"0\" data-offset=\"2.3\" data-area-position=\"center\" data-icons=\"\" data-preloader=\"true\" data-width=\"215\" data-height=\"215\" data-padding=\"0\" data-quicksand=\"disabled\" data-quicksand-duration=\"none\" data-popup-theme=\"theme_6\" data-popup-type=\"pretty-photo\" data-popup-image-text=\"data-description\" data-popup-widthsize=\"auto\" data-popup-heightsize=\"auto\" data-popup-i18n-words=\"{&quot;close&quot;:&quot;cerrar&quot;,&quot;next&quot;:&quot;siguiente&quot;,&quot;previous&quot;:&quot;anterior&quot;,&quot;start_slideshow&quot;:&quot;comenzar reproducci\\u00f3n&quot;,&quot;stop_slideshow&quot;:&quot;detener reproducci\\u00f3n&quot;,&quot;image&quot;:&quot;imagen&quot;,&quot;of&quot;:&quot;de&quot;,&quot;prev&quot;:&quot;ant&quot;,&quot;cExpand&quot;:&quot;Ampliar&quot;,&quot;cPrevious&quot;:&quot;Anterior&quot;,&quot;cNext&quot;:&quot;Siguiente&quot;,&quot;cExpandStr&quot;:&quot;Expandir la imagen&quot;,&quot;cRotate&quot;:&quot;Gire&quot;,&quot;cDetails&quot;:&quot;Details&quot;}\" data-popup-slideshow=\"false\" data-popup-slideshow-speed=\"2500\" data-popup-hoverstop=\"false\" data-popup-slideshow-auto=\"false\" data-popup-background=\"\" data-popup-transparency=\"30\" data-popup-disable-history=\"\" data-popup-disable-changed-url=\"\" data-popup-border-type=\"\" data-popup-border-color=\"\" data-popup-border-width=\"\" data-popup-border-enable=\"\" data-fullscreen=\"false\" data-hide-tooltip=\"false\" data-caption-font-family=\"Default\" data-caption-text-size=\"140\" data-is-mobile=\"0\" data-caption-mobile=\"false\" data-hide-long-tltp-title=\"0\" data-caption-disabled-on-mobile=\"false\" data-popup-placement-type=\"0\" data-social-sharing=\"{&quot;enabled&quot;:&quot;&quot;,&quot;gallerySharing&quot;:{&quot;enabled&quot;:null,&quot;position&quot;:null},&quot;imageSharing&quot;:{&quot;enabled&quot;:null,&quot;wrapperClass&quot;:&quot; vertical \\n &quot;},&quot;popupSharing&quot;:{&quot;enabled&quot;:null,&quot;wrapperClass&quot;:&quot; vertical \\n &quot;}}\" class=\"grid-gallery grid-gallery-fixed \" style=\" width:100%; height:auto ; margin-left:auto; margin-right:auto; position:relative;\" > <div class=\"gallery-loading\"> <div class=\"blocks\"> <div class=\"block\"><\/div> <div class=\"block\"><\/div> <div class=\"block\"><\/div> <div class=\"block\"><\/div> <\/div> <\/div> <div class=\"gallery-sharing-top\"><\/div> <div id=\"photos-41\" class=\"grid-gallery-photos \" > <FIGURE class=\"grid-gallery-caption \" data-grid-gallery-type=\"quarter-slide-up\" data-index=\"0\" style=\"display:none;border-radius: 00; ; margin: 2.3px; width:2150;\" ><div class=\"crop \" style=\" width:2150; height:2150; overflow:hidden; \"><img decoding=\"async\" src=\"https:\/\/www.litoral.es\/guia-de-vacaciones\/wp-content\/uploads\/2017\/05\/Circo-Romano-de-Tarragona-18-215x215.jpg\" class=\"ggImg\" alt=\"circo-romano-de-tarragona-18\" title=\"Circo Romano Tarragona\" data-description=\"Circo Romano Tarragona\" data-caption=\"Circo Romano Tarragona\" data-title=\"circo-romano-de-tarragona-18\" style=\" width:215px; height:215px; \" \/><\/div><FIGCAPTION class=\"\" data-alpha=\"5\" style=\"color:#ffffff; background-color:#eeee22; font-size:140; text-align:left; font-family:Default;\" ><div class=\"grid-gallery-figcaption-wrap\" style=\" \"><\/div><\/FIGCAPTION><\/FIGURE> <FIGURE class=\"grid-gallery-caption \" data-grid-gallery-type=\"quarter-slide-up\" data-index=\"1\" style=\"display:none;border-radius: 00; ; margin: 2.3px; width:2150;\" ><div class=\"crop \" style=\" width:2150; height:2150; overflow:hidden; \"><img decoding=\"async\" src=\"https:\/\/www.litoral.es\/guia-de-vacaciones\/wp-content\/uploads\/2017\/05\/Circo-Romano-de-Tarragona-2-215x215.jpg\" class=\"ggImg\" alt=\"Circo romano de Tarragona\" title=\"circo-romano-de-tarragona-2\" data-description=\"circo-romano-de-tarragona-2\" data-caption=\"circo-romano-de-tarragona-2\" data-title=\"circo-romano-de-tarragona-2\" style=\" width:215px; height:215px; \" \/><\/div><FIGCAPTION class=\"\" data-alpha=\"5\" style=\"color:#ffffff; background-color:#eeee22; font-size:140; text-align:left; font-family:Default;\" ><div class=\"grid-gallery-figcaption-wrap\" style=\" \"><\/div><\/FIGCAPTION><\/FIGURE> <FIGURE class=\"grid-gallery-caption \" data-grid-gallery-type=\"quarter-slide-up\" data-index=\"2\" style=\"display:none;border-radius: 00; ; margin: 2.3px; width:2150;\" ><div class=\"crop \" style=\" width:2150; height:2150; overflow:hidden; \"><img decoding=\"async\" src=\"https:\/\/www.litoral.es\/guia-de-vacaciones\/wp-content\/uploads\/2017\/05\/Circo-Romano-de-Tarragona-17-215x215.jpg\" class=\"ggImg\" alt=\"circo-romano-de-tarragona-17\" title=\"circo-romano-de-tarragona-17\" data-description=\"circo-romano-de-tarragona-17\" data-caption=\"circo-romano-de-tarragona-17\" data-title=\"circo-romano-de-tarragona-17\" style=\" width:215px; height:215px; \" \/><\/div><FIGCAPTION class=\"\" data-alpha=\"5\" style=\"color:#ffffff; background-color:#eeee22; font-size:140; text-align:left; font-family:Default;\" ><div class=\"grid-gallery-figcaption-wrap\" style=\" \"><\/div><\/FIGCAPTION><\/FIGURE> <div class=\"grid-gallery-clearfix\"><\/div> <\/div> <div class=\"gallery-sharing-bottom\"><\/div> <div class=\"grid-gallery-clearfix\"><\/div> <\/div> <!-- Gallery by Supsystic plugin 1.15.21 --><a title=\"WordPress Image Gallery Plugin\" style=\"display:none;\" href=\"https:\/\/supsystic.com\/plugins\/photo-gallery\/?utm_medium=love_link\" target=\"_blank\">WordPress Image Gallery Plugin<\/a>\n<h3 style=\"text-align: left;\">Precio entrada circo romano<\/h3>\n<p>La entrada para visitar el <strong>circo romano de Tarragona y el Pretorio cuesta 3,30 \u20ac.<\/strong> Sin embargo, te recomendamos comprar alguna de las entradas combinadas que tambi\u00e9n permiten el acceso a otros monumentos, ya que al final te resultar\u00e1 mucho m\u00e1s barato.<\/p>\n<p>Hay una entrada conjunta que permite el acceso a todos los recintos de la Tarragona romana que forman parte del Museo de Historia de Tarragona (MHT) y que cuesta 7,40 \u20ac. Con ella, adem\u00e1s del Circo podr\u00e1s visitar el Paseo Arqueol\u00f3gico de las murallas, el Anfiteatro y el Foro Local.<\/p>\n<h3 style=\"text-align: left;\">Torre de les Monges<\/h3>\n<p>La <strong>torre de les Monges<\/strong> es una edificaci\u00f3n medieval de <strong>18 metros de altura<\/strong>. Fue construida durante la segunda mitad del s. XIV sobre un tramo nuevo de muralla y afect\u00f3 a una parte de las estructuras del circo romano. Recibe su nombre de un convento de monjas clarisas que hab\u00eda justo al otro lado de la calle.<\/p>\n<p>&nbsp;<\/p>\n<p><img loading=\"lazy\" decoding=\"async\" class=\"aligncenter size-full wp-image-6106\" src=\"https:\/\/www.litoral.es\/guia-de-vacaciones\/wp-content\/uploads\/2017\/05\/Vista-aerea-ciudad-de-Tarragona-y-Catedral-4.jpg\" alt=\"Torre de les monges en el circo Romano de Tarragona\" width=\"900\" height=\"600\" srcset=\"https:\/\/www.litoral.es\/guia-de-vacaciones\/wp-content\/uploads\/2017\/05\/Vista-aerea-ciudad-de-Tarragona-y-Catedral-4.jpg 900w, https:\/\/www.litoral.es\/guia-de-vacaciones\/wp-content\/uploads\/2017\/05\/Vista-aerea-ciudad-de-Tarragona-y-Catedral-4-250x167.jpg 250w, https:\/\/www.litoral.es\/guia-de-vacaciones\/wp-content\/uploads\/2017\/05\/Vista-aerea-ciudad-de-Tarragona-y-Catedral-4-768x512.jpg 768w, https:\/\/www.litoral.es\/guia-de-vacaciones\/wp-content\/uploads\/2017\/05\/Vista-aerea-ciudad-de-Tarragona-y-Catedral-4-500x333.jpg 500w, https:\/\/www.litoral.es\/guia-de-vacaciones\/wp-content\/uploads\/2017\/05\/Vista-aerea-ciudad-de-Tarragona-y-Catedral-4-300x200.jpg 300w, https:\/\/www.litoral.es\/guia-de-vacaciones\/wp-content\/uploads\/2017\/05\/Vista-aerea-ciudad-de-Tarragona-y-Catedral-4-750x500.jpg 750w, https:\/\/www.litoral.es\/guia-de-vacaciones\/wp-content\/uploads\/2017\/05\/Vista-aerea-ciudad-de-Tarragona-y-Catedral-4-380x253.jpg 380w, https:\/\/www.litoral.es\/guia-de-vacaciones\/wp-content\/uploads\/2017\/05\/Vista-aerea-ciudad-de-Tarragona-y-Catedral-4-310x207.jpg 310w, https:\/\/www.litoral.es\/guia-de-vacaciones\/wp-content\/uploads\/2017\/05\/Vista-aerea-ciudad-de-Tarragona-y-Catedral-4-360x240.jpg 360w, https:\/\/www.litoral.es\/guia-de-vacaciones\/wp-content\/uploads\/2017\/05\/Vista-aerea-ciudad-de-Tarragona-y-Catedral-4-260x173.jpg 260w\" sizes=\"(max-width: 900px) 100vw, 900px\" \/><\/p>\n<h2 style=\"text-align: left;\"><div class=\"su-service\"><div class=\"su-service-title\" style=\"padding-left:46px;min-height:32px;line-height:32px\"><i class=\"sui sui-university\" style=\"font-size:32px;color:#333\"><\/i> Anfiteatro Romano<\/div><div class=\"su-service-content su-u-clearfix su-u-trim\" style=\"padding-left:46px\"><\/div><\/div><\/h2>\n<p>No es ninguna sorpresa que el <strong>Anfiteatro Romano de Tarragona<\/strong> sea el monumento m\u00e1s visitado de la ciudad. Con el mar Mediterr\u00e1neo de fondo, ofrece unas vistas espectaculares tanto de la ciudad como del horizonte azul. Fue construido a inicios del s. II d.C. aprovechando la inclinaci\u00f3n natural del terreno, situ\u00e1ndolo fuera de las murallas porque no hab\u00eda espacio en el interior. Su ubicaci\u00f3n, cerca de la playa y de la V\u00eda Augusta era muy conveniente.<\/p>\n<p><a id=\"136\" href=\"https:\/\/www.litoral.es\/costa-dorada\/\"><\/p>\n<p><img loading=\"lazy\" decoding=\"async\" class=\"imgdesktop aligncenter wp-image-6978 size-full\" src=\"https:\/\/www.litoral.es\/guia-de-vacaciones\/wp-content\/uploads\/2017\/12\/Alquiler-casa-y-apartamentos-en-la-Costa-Dorada-3.jpg\" alt=\"alquiler de alojamientos vacacionales en la costa dorada\" width=\"848\" height=\"160\"><\/p>\n<p><a id=\"136\" href=\"https:\/\/www.litoral.es\/costa-dorada\/\"><\/p>\n<p><img loading=\"lazy\" decoding=\"async\" class=\"imgmobile aligncenter wp-image-6976 size-full\" src=\"https:\/\/www.litoral.es\/guia-de-vacaciones\/wp-content\/uploads\/2017\/12\/Alquiler-casa-y-apartamentos-en-la-Costa-Dorada-2.jpg\" alt=\"alojamientos la costa dorada\" width=\"260\" height=\"240\"><\/p>\n<p><\/a><\/p>\n<p><strong>El anfiteatro romano de Tarragona ten\u00eda capacidad para acoger a unos 15.000 espectadores<\/strong> y en \u00e9l se celebraban luchas de gladiadores, de fieras y ejecuciones p\u00fablicas como la del santo cristiano Fructuoso y sus di\u00e1conos.<\/p>\n<p>Actualmente conserva gran parte de la grada que est\u00e1 directamente tallada en la roca y una parte de la grada meridional, levantada sobre b\u00f3vedas de hormig\u00f3n. Es un monumento que se mantiene en muy buen estado. Durante las jornadas romanas de<strong> <em>\u2018Tarraco Viva\u2019<\/em>, en el anfiteatro se realizan espect\u00e1culos y recreaciones de luchas de gladiadores.<\/strong><\/p>\n<p>&nbsp;<\/p>\n<p><img loading=\"lazy\" decoding=\"async\" class=\"aligncenter size-full wp-image-6085\" src=\"https:\/\/www.litoral.es\/guia-de-vacaciones\/wp-content\/uploads\/2017\/05\/Anfiteatro-Romano-de-Tarragona-6.jpg\" alt=\"Anfiteatro Romano de Tarragona junto al mar\" width=\"900\" height=\"600\" srcset=\"https:\/\/www.litoral.es\/guia-de-vacaciones\/wp-content\/uploads\/2017\/05\/Anfiteatro-Romano-de-Tarragona-6.jpg 900w, https:\/\/www.litoral.es\/guia-de-vacaciones\/wp-content\/uploads\/2017\/05\/Anfiteatro-Romano-de-Tarragona-6-250x167.jpg 250w, https:\/\/www.litoral.es\/guia-de-vacaciones\/wp-content\/uploads\/2017\/05\/Anfiteatro-Romano-de-Tarragona-6-768x512.jpg 768w, https:\/\/www.litoral.es\/guia-de-vacaciones\/wp-content\/uploads\/2017\/05\/Anfiteatro-Romano-de-Tarragona-6-500x333.jpg 500w, https:\/\/www.litoral.es\/guia-de-vacaciones\/wp-content\/uploads\/2017\/05\/Anfiteatro-Romano-de-Tarragona-6-300x200.jpg 300w, https:\/\/www.litoral.es\/guia-de-vacaciones\/wp-content\/uploads\/2017\/05\/Anfiteatro-Romano-de-Tarragona-6-750x500.jpg 750w, https:\/\/www.litoral.es\/guia-de-vacaciones\/wp-content\/uploads\/2017\/05\/Anfiteatro-Romano-de-Tarragona-6-380x253.jpg 380w, https:\/\/www.litoral.es\/guia-de-vacaciones\/wp-content\/uploads\/2017\/05\/Anfiteatro-Romano-de-Tarragona-6-310x207.jpg 310w, https:\/\/www.litoral.es\/guia-de-vacaciones\/wp-content\/uploads\/2017\/05\/Anfiteatro-Romano-de-Tarragona-6-360x240.jpg 360w, https:\/\/www.litoral.es\/guia-de-vacaciones\/wp-content\/uploads\/2017\/05\/Anfiteatro-Romano-de-Tarragona-6-260x173.jpg 260w\" sizes=\"(max-width: 900px) 100vw, 900px\" \/><\/p>\n<h3 style=\"text-align: left;\">Anfiteatro Tarragona horarios y precios<\/h3>\n<p>El Anfiteatro de Tarragona <strong>puede visitarse de martes a s\u00e1bado<\/strong>. Al igual que sucede con otros monumentos de la ciudad, los horarios var\u00edan seg\u00fan la \u00e9poca del a\u00f1o. En horario de verano (de mayo a septiembre) est\u00e1 abierto de 9:00 h. a 21:00 h., mientras que en horario de invierno (de octubre a abril) cierra a las 19:00 h. Los domingos se puede visitar de 9:00 h. a 15 h.<\/p>\n<p>Por lo que respecta a los precios, la entrada al Anfiteatro de Tarragona cuesta 3,30 \u20ac, aunque existen descuentos para j\u00f3venes, pensionistas, estudiantes,\u2026 Los menores de 16 a\u00f1os pueden entrar de forma gratuita.<\/p>\n<div class=\"su-note\"  style=\"border-color:#c7c6c4;border-radius:3px;-moz-border-radius:3px;-webkit-border-radius:3px;\"><div class=\"su-note-inner su-u-clearfix su-u-trim\" style=\"background-color:#e1e0de;border-color:#ffffff;color:#333333;border-radius:3px;-moz-border-radius:3px;-webkit-border-radius:3px;\">Tambi\u00e9n se puede comprar la entrada combinada que permite acceder a todos los recintos que forman parte del Museo de Historia de Tarragona (MHT) y que cuesta 7,40 \u20ac. Con esta entrada conjunta se pueden visitar el anfiteatro, el circo, las murallas y el foro local, por lo que supone un ahorro importante si tienes intenci\u00f3n de visitar estos cuatro monumentos, ya que la entrada a cada uno de ellos por separado tiene un precio de 3,30\u20ac.<\/div><\/div>\n<p>&nbsp;<\/p>\n<div id=\"grid-gallery-39-23183\" data-gg-id=\"39\" data-title=\"Anfiteatro Romano de Tarragona\" data-grid-type=\"0\" data-offset=\"2.3\" data-area-position=\"center\" data-icons=\"\" data-preloader=\"true\" data-width=\"215\" data-height=\"215\" data-padding=\"0\" data-quicksand=\"disabled\" data-quicksand-duration=\"none\" data-popup-theme=\"theme_6\" data-popup-type=\"pretty-photo\" data-popup-image-text=\"data-description\" data-popup-widthsize=\"auto\" data-popup-heightsize=\"auto\" data-popup-i18n-words=\"{&quot;close&quot;:&quot;cerrar&quot;,&quot;next&quot;:&quot;siguiente&quot;,&quot;previous&quot;:&quot;anterior&quot;,&quot;start_slideshow&quot;:&quot;comenzar reproducci\\u00f3n&quot;,&quot;stop_slideshow&quot;:&quot;detener reproducci\\u00f3n&quot;,&quot;image&quot;:&quot;imagen&quot;,&quot;of&quot;:&quot;de&quot;,&quot;prev&quot;:&quot;ant&quot;,&quot;cExpand&quot;:&quot;Ampliar&quot;,&quot;cPrevious&quot;:&quot;Anterior&quot;,&quot;cNext&quot;:&quot;Siguiente&quot;,&quot;cExpandStr&quot;:&quot;Expandir la imagen&quot;,&quot;cRotate&quot;:&quot;Gire&quot;,&quot;cDetails&quot;:&quot;Details&quot;}\" data-popup-slideshow=\"false\" data-popup-slideshow-speed=\"2500\" data-popup-hoverstop=\"false\" data-popup-slideshow-auto=\"false\" data-popup-background=\"\" data-popup-transparency=\"30\" data-popup-disable-history=\"\" data-popup-disable-changed-url=\"\" data-popup-border-type=\"\" data-popup-border-color=\"\" data-popup-border-width=\"\" data-popup-border-enable=\"\" data-fullscreen=\"false\" data-hide-tooltip=\"false\" data-caption-font-family=\"Default\" data-caption-text-size=\"140\" data-is-mobile=\"0\" data-caption-mobile=\"false\" data-hide-long-tltp-title=\"0\" data-caption-disabled-on-mobile=\"false\" data-popup-placement-type=\"0\" data-social-sharing=\"{&quot;enabled&quot;:&quot;&quot;,&quot;gallerySharing&quot;:{&quot;enabled&quot;:null,&quot;position&quot;:null},&quot;imageSharing&quot;:{&quot;enabled&quot;:null,&quot;wrapperClass&quot;:&quot; vertical \\n &quot;},&quot;popupSharing&quot;:{&quot;enabled&quot;:null,&quot;wrapperClass&quot;:&quot; vertical \\n &quot;}}\" class=\"grid-gallery grid-gallery-fixed \" style=\" width:100%; height:auto ; margin-left:auto; margin-right:auto; position:relative;\" > <div class=\"gallery-loading\"> <div class=\"blocks\"> <div class=\"block\"><\/div> <div class=\"block\"><\/div> <div class=\"block\"><\/div> <div class=\"block\"><\/div> <\/div> <\/div> <div class=\"gallery-sharing-top\"><\/div> <div id=\"photos-39\" class=\"grid-gallery-photos \" > <FIGURE class=\"grid-gallery-caption \" data-grid-gallery-type=\"quarter-slide-up\" data-index=\"0\" style=\"display:none;border-radius: 00; ; margin: 2.3px; width:2150;\" ><div class=\"crop \" style=\" width:2150; height:2150; overflow:hidden; \"><img decoding=\"async\" src=\"https:\/\/www.litoral.es\/guia-de-vacaciones\/wp-content\/uploads\/2017\/05\/Anfiteatro-Romano-de-Tarragona-1-215x215.jpg\" class=\"ggImg\" alt=\"Vista panor\u00e1mica del Anfiteatro Romano de Tarragona\" title=\"anfiteatro-romano-de-tarragona-1\" data-description=\"anfiteatro-romano-de-tarragona-1\" data-caption=\"Vista panor\u00e1mica del Anfiteatro Romano\" data-title=\"anfiteatro-romano-de-tarragona-1\" style=\" width:215px; height:215px; \" \/><\/div><FIGCAPTION class=\"\" data-alpha=\"5\" style=\"color:#ffffff; background-color:#eeee22; font-size:140; text-align:left; font-family:Default;\" ><div class=\"grid-gallery-figcaption-wrap\" style=\" \"><\/div><\/FIGCAPTION><\/FIGURE> <FIGURE class=\"grid-gallery-caption \" data-grid-gallery-type=\"quarter-slide-up\" data-index=\"1\" style=\"display:none;border-radius: 00; ; margin: 2.3px; width:2150;\" ><div class=\"crop \" style=\" width:2150; height:2150; overflow:hidden; \"><img decoding=\"async\" src=\"https:\/\/www.litoral.es\/guia-de-vacaciones\/wp-content\/uploads\/2017\/05\/Anfiteatro-Romano-de-Tarragona-12-215x215.jpg\" class=\"ggImg\" alt=\"Interior del Anfiteatro Romano de Tarragona\" title=\"anfiteatro-romano-de-tarragona-12\" data-description=\"anfiteatro-romano-de-tarragona-12\" data-caption=\"Interior del Anfiteatro Romano\" data-title=\"anfiteatro-romano-de-tarragona-12\" style=\" width:215px; height:215px; \" \/><\/div><FIGCAPTION class=\"\" data-alpha=\"5\" style=\"color:#ffffff; background-color:#eeee22; font-size:140; text-align:left; font-family:Default;\" ><div class=\"grid-gallery-figcaption-wrap\" style=\" \"><\/div><\/FIGCAPTION><\/FIGURE> <FIGURE class=\"grid-gallery-caption \" data-grid-gallery-type=\"quarter-slide-up\" data-index=\"2\" style=\"display:none;border-radius: 00; ; margin: 2.3px; width:2150;\" ><div class=\"crop \" style=\" width:2150; height:2150; overflow:hidden; \"><img decoding=\"async\" src=\"https:\/\/www.litoral.es\/guia-de-vacaciones\/wp-content\/uploads\/2017\/05\/Anfiteatro-Romano-de-Tarragona-14-215x215.jpg\" class=\"ggImg\" alt=\"Paseo por el Anfiteatro Romano de Tarragona\" title=\"anfiteatro-romano-de-tarragona-14\" data-description=\"anfiteatro-romano-de-tarragona-14\" data-caption=\"Anfiteatro Romano\" data-title=\"anfiteatro-romano-de-tarragona-14\" style=\" width:215px; height:215px; \" \/><\/div><FIGCAPTION class=\"\" data-alpha=\"5\" style=\"color:#ffffff; background-color:#eeee22; font-size:140; text-align:left; font-family:Default;\" ><div class=\"grid-gallery-figcaption-wrap\" style=\" \"><\/div><\/FIGCAPTION><\/FIGURE> <FIGURE class=\"grid-gallery-caption \" data-grid-gallery-type=\"quarter-slide-up\" data-index=\"3\" style=\"display:none;border-radius: 00; ; margin: 2.3px; width:2150;\" ><div class=\"crop \" style=\" width:2150; height:2150; overflow:hidden; \"><img decoding=\"async\" src=\"https:\/\/www.litoral.es\/guia-de-vacaciones\/wp-content\/uploads\/2017\/05\/Anfiteatro-Romano-de-Tarragona-18-215x215.jpg\" class=\"ggImg\" alt=\"Recorrido por el interior del Anfiteatro Romano de Tarragona\" title=\"anfiteatro-romano-de-tarragona-18\" data-description=\"anfiteatro-romano-de-tarragona-18\" data-caption=\"Ruta por el interior del Anfiteatro Romano\" data-title=\"anfiteatro-romano-de-tarragona-18\" style=\" width:215px; height:215px; \" \/><\/div><FIGCAPTION class=\"\" data-alpha=\"5\" style=\"color:#ffffff; background-color:#eeee22; font-size:140; text-align:left; font-family:Default;\" ><div class=\"grid-gallery-figcaption-wrap\" style=\" \"><\/div><\/FIGCAPTION><\/FIGURE> <FIGURE class=\"grid-gallery-caption \" data-grid-gallery-type=\"quarter-slide-up\" data-index=\"4\" style=\"display:none;border-radius: 00; ; margin: 2.3px; width:2150;\" ><div class=\"crop \" style=\" width:2150; height:2150; overflow:hidden; \"><img decoding=\"async\" src=\"https:\/\/www.litoral.es\/guia-de-vacaciones\/wp-content\/uploads\/2017\/05\/Anfiteatro-Romano-de-Tarragona-22-215x215.jpg\" class=\"ggImg\" alt=\"Anfiteatro Romano de Tarragona\" title=\"anfiteatro-romano-de-tarragona-22\" data-description=\"anfiteatro-romano-de-tarragona-22\" data-caption=\"Anfiteatro Romano de Tarragona\" data-title=\"anfiteatro-romano-de-tarragona-22\" style=\" width:215px; height:215px; \" \/><\/div><FIGCAPTION class=\"\" data-alpha=\"5\" style=\"color:#ffffff; background-color:#eeee22; font-size:140; text-align:left; font-family:Default;\" ><div class=\"grid-gallery-figcaption-wrap\" style=\" \"><\/div><\/FIGCAPTION><\/FIGURE> <FIGURE class=\"grid-gallery-caption \" data-grid-gallery-type=\"quarter-slide-up\" data-index=\"5\" style=\"display:none;border-radius: 00; ; margin: 2.3px; width:2150;\" ><div class=\"crop \" style=\" width:2150; height:2150; overflow:hidden; \"><img decoding=\"async\" src=\"https:\/\/www.litoral.es\/guia-de-vacaciones\/wp-content\/uploads\/2017\/05\/Anfiteatro-Romano-de-Tarragona-33-215x215.jpg\" class=\"ggImg\" alt=\"Vista aereal del Anfiteatro Romano de Tarragona\" title=\"anfiteatro-romano-de-tarragona-33\" data-description=\"anfiteatro-romano-de-tarragona-33\" data-caption=\"Vista panor\u00e1mica del Anfiteatro Romano\" data-title=\"anfiteatro-romano-de-tarragona-33\" style=\" width:215px; height:215px; \" \/><\/div><FIGCAPTION class=\"\" data-alpha=\"5\" style=\"color:#ffffff; background-color:#eeee22; font-size:140; text-align:left; font-family:Default;\" ><div class=\"grid-gallery-figcaption-wrap\" style=\" \"><\/div><\/FIGCAPTION><\/FIGURE> <div class=\"grid-gallery-clearfix\"><\/div> <\/div> <div class=\"gallery-sharing-bottom\"><\/div> <div class=\"grid-gallery-clearfix\"><\/div> <\/div> <!-- Gallery by Supsystic plugin 1.15.21 --><a title=\"WordPress Image Gallery Plugin\" style=\"display:none;\" href=\"https:\/\/supsystic.com\/plugins\/photo-gallery\/?utm_medium=love_link\" target=\"_blank\">WordPress Image Gallery Plugin<\/a>\n<p>&nbsp;<\/p>\n<h2 style=\"text-align: left;\"><div class=\"su-service\"><div class=\"su-service-title\" style=\"padding-left:46px;min-height:32px;line-height:32px\"><i class=\"sui sui-university\" style=\"font-size:32px;color:#333\"><\/i> Necr\u00f3polis de Tarragona<\/div><div class=\"su-service-content su-u-clearfix su-u-trim\" style=\"padding-left:46px\"><\/div><\/div><\/h2>\n<p>La necr\u00f3polis paleocristiana de Tarragona<strong> se form\u00f3 a mediados del s. III d.C.<\/strong> y en ella hay sepulturas que alcanzan hasta el s. V d.C. La necr\u00f3polis creci\u00f3 de forma notable desde que fueron enterrados en ella los restos de San Fructuoso, ya que la comunidad cristiana de la \u00e9poca convirti\u00f3 su tumba en un santuario y edific\u00f3 una bas\u00edlica para honrar su memoria.<\/p>\n<p style=\"text-align: center;\"><span style=\"font-size: 14pt;\"><strong>\u00bfPensando en las vacaciones?<\/strong><\/span><\/p>\n<p style=\"text-align: center;\"><span style=\"font-size: 14pt;\"><strong>Busca la casa o apartamento ideal en la Costa Dorada&#8230;<\/strong><\/span><\/p>\n<p style=\"text-align: center;\"><a id=\"200\" class=\"fasc-button fasc-size-large fasc-type-glossy fasc-rounded-medium ico-fa fasc-ico-before fa-home fasc-style-bold fasc-style-italic\" style=\"background-color: #EE771A; color: #ffffff;\" target=\"_blank\" href=\"https:\/\/www.litoral.es\/costa-dorada\" rel=\"noopener noreferrer\">Busca t\u00fa alojamiento<\/a><\/p>\n<p><strong>La necr\u00f3polis de Tarragona es uno de los conjuntos funerarios de \u00e9poca tard\u00eda romana m\u00e1s importantes del Mediterr\u00e1neo.<\/strong> En ella se pueden ver sepulcros muy variados que van desde simples \u00e1nforas, hasta mausoleos monumentales, pasando por una gran variedad de sarc\u00f3fagos y ata\u00fades de madera.<\/p>\n<p>&nbsp;<\/p>\n<p><img loading=\"lazy\" decoding=\"async\" class=\"aligncenter size-full wp-image-6077\" src=\"https:\/\/www.litoral.es\/guia-de-vacaciones\/wp-content\/uploads\/2017\/05\/Necropolis-Romana-de-Tarragona-53.jpg\" alt=\"Necropolis de Tarragona Romana\" width=\"800\" height=\"350\" srcset=\"https:\/\/www.litoral.es\/guia-de-vacaciones\/wp-content\/uploads\/2017\/05\/Necropolis-Romana-de-Tarragona-53.jpg 800w, https:\/\/www.litoral.es\/guia-de-vacaciones\/wp-content\/uploads\/2017\/05\/Necropolis-Romana-de-Tarragona-53-250x109.jpg 250w, https:\/\/www.litoral.es\/guia-de-vacaciones\/wp-content\/uploads\/2017\/05\/Necropolis-Romana-de-Tarragona-53-768x336.jpg 768w, https:\/\/www.litoral.es\/guia-de-vacaciones\/wp-content\/uploads\/2017\/05\/Necropolis-Romana-de-Tarragona-53-500x219.jpg 500w, https:\/\/www.litoral.es\/guia-de-vacaciones\/wp-content\/uploads\/2017\/05\/Necropolis-Romana-de-Tarragona-53-300x131.jpg 300w, https:\/\/www.litoral.es\/guia-de-vacaciones\/wp-content\/uploads\/2017\/05\/Necropolis-Romana-de-Tarragona-53-750x328.jpg 750w, https:\/\/www.litoral.es\/guia-de-vacaciones\/wp-content\/uploads\/2017\/05\/Necropolis-Romana-de-Tarragona-53-380x166.jpg 380w, https:\/\/www.litoral.es\/guia-de-vacaciones\/wp-content\/uploads\/2017\/05\/Necropolis-Romana-de-Tarragona-53-310x136.jpg 310w, https:\/\/www.litoral.es\/guia-de-vacaciones\/wp-content\/uploads\/2017\/05\/Necropolis-Romana-de-Tarragona-53-360x158.jpg 360w, https:\/\/www.litoral.es\/guia-de-vacaciones\/wp-content\/uploads\/2017\/05\/Necropolis-Romana-de-Tarragona-53-260x114.jpg 260w\" sizes=\"(max-width: 800px) 100vw, 800px\" \/><\/p>\n<p>&nbsp;<\/p>\n<div id=\"grid-gallery-42-86932\" data-gg-id=\"42\" data-title=\"Necropolis paleocristiana\" data-grid-type=\"0\" data-offset=\"2.3\" data-area-position=\"center\" data-icons=\"\" data-preloader=\"true\" data-width=\"215\" data-height=\"215\" data-padding=\"0\" data-quicksand=\"disabled\" data-quicksand-duration=\"none\" data-popup-theme=\"theme_6\" data-popup-type=\"pretty-photo\" data-popup-image-text=\"data-description\" data-popup-widthsize=\"auto\" data-popup-heightsize=\"auto\" data-popup-i18n-words=\"{&quot;close&quot;:&quot;cerrar&quot;,&quot;next&quot;:&quot;siguiente&quot;,&quot;previous&quot;:&quot;anterior&quot;,&quot;start_slideshow&quot;:&quot;comenzar reproducci\\u00f3n&quot;,&quot;stop_slideshow&quot;:&quot;detener reproducci\\u00f3n&quot;,&quot;image&quot;:&quot;imagen&quot;,&quot;of&quot;:&quot;de&quot;,&quot;prev&quot;:&quot;ant&quot;,&quot;cExpand&quot;:&quot;Ampliar&quot;,&quot;cPrevious&quot;:&quot;Anterior&quot;,&quot;cNext&quot;:&quot;Siguiente&quot;,&quot;cExpandStr&quot;:&quot;Expandir la imagen&quot;,&quot;cRotate&quot;:&quot;Gire&quot;,&quot;cDetails&quot;:&quot;Details&quot;}\" data-popup-slideshow=\"false\" data-popup-slideshow-speed=\"2500\" data-popup-hoverstop=\"false\" data-popup-slideshow-auto=\"false\" data-popup-background=\"\" data-popup-transparency=\"30\" data-popup-disable-history=\"\" data-popup-disable-changed-url=\"\" data-popup-border-type=\"\" data-popup-border-color=\"\" data-popup-border-width=\"\" data-popup-border-enable=\"\" data-fullscreen=\"false\" data-hide-tooltip=\"false\" data-caption-font-family=\"Default\" data-caption-text-size=\"140\" data-is-mobile=\"0\" data-caption-mobile=\"false\" data-hide-long-tltp-title=\"0\" data-caption-disabled-on-mobile=\"false\" data-popup-placement-type=\"0\" data-social-sharing=\"{&quot;enabled&quot;:&quot;&quot;,&quot;gallerySharing&quot;:{&quot;enabled&quot;:null,&quot;position&quot;:null},&quot;imageSharing&quot;:{&quot;enabled&quot;:null,&quot;wrapperClass&quot;:&quot; vertical \\n &quot;},&quot;popupSharing&quot;:{&quot;enabled&quot;:null,&quot;wrapperClass&quot;:&quot; vertical \\n &quot;}}\" class=\"grid-gallery grid-gallery-fixed \" style=\" width:100%; height:auto ; margin-left:auto; margin-right:auto; position:relative;\" > <div class=\"gallery-loading\"> <div class=\"blocks\"> <div class=\"block\"><\/div> <div class=\"block\"><\/div> <div class=\"block\"><\/div> <div class=\"block\"><\/div> <\/div> <\/div> <div class=\"gallery-sharing-top\"><\/div> <div id=\"photos-42\" class=\"grid-gallery-photos \" > <FIGURE class=\"grid-gallery-caption \" data-grid-gallery-type=\"quarter-slide-up\" data-index=\"0\" style=\"display:none;border-radius: 00; ; margin: 2.3px; width:2150;\" ><div class=\"crop \" style=\" width:2150; height:2150; overflow:hidden; \"><img decoding=\"async\" src=\"https:\/\/www.litoral.es\/guia-de-vacaciones\/wp-content\/uploads\/2017\/05\/Necropolis-Romana-de-Tarragona-4-215x215.jpg\" class=\"ggImg\" alt=\"Necropolis paleocristiana de tarragona\" title=\"necropolis-romana-de-tarragona-4\" data-description=\"necropolis-romana-de-tarragona-4\" data-caption=\"Necropolis paleaocristiano de Tarragona\" data-title=\"necropolis-romana-de-tarragona-4\" style=\" width:215px; height:215px; \" \/><\/div><FIGCAPTION class=\"\" data-alpha=\"5\" style=\"color:#ffffff; background-color:#eeee22; font-size:140; text-align:left; font-family:Default;\" ><div class=\"grid-gallery-figcaption-wrap\" style=\" \"><\/div><\/FIGCAPTION><\/FIGURE> <FIGURE class=\"grid-gallery-caption \" data-grid-gallery-type=\"quarter-slide-up\" data-index=\"1\" style=\"display:none;border-radius: 00; ; margin: 2.3px; width:2150;\" ><div class=\"crop \" style=\" width:2150; height:2150; overflow:hidden; \"><img decoding=\"async\" src=\"https:\/\/www.litoral.es\/guia-de-vacaciones\/wp-content\/uploads\/2017\/05\/Necropolis-Romana-Tarragona-5-215x215.jpg\" class=\"ggImg\" alt=\"Necropolis paleocristiana de tarragona\" title=\"necropolis-romana-tarragona-5\" data-description=\"necropolis-romana-tarragona-5\" data-caption=\"necropolis-romana-tarragona-5\" data-title=\"necropolis-romana-tarragona-5\" style=\" width:215px; height:215px; \" \/><\/div><FIGCAPTION class=\"\" data-alpha=\"5\" style=\"color:#ffffff; background-color:#eeee22; font-size:140; text-align:left; font-family:Default;\" ><div class=\"grid-gallery-figcaption-wrap\" style=\" \"><\/div><\/FIGCAPTION><\/FIGURE> <FIGURE class=\"grid-gallery-caption \" data-grid-gallery-type=\"quarter-slide-up\" data-index=\"2\" style=\"display:none;border-radius: 00; ; margin: 2.3px; width:2150;\" ><div class=\"crop \" style=\" width:2150; height:2150; overflow:hidden; \"><img decoding=\"async\" src=\"https:\/\/www.litoral.es\/guia-de-vacaciones\/wp-content\/uploads\/2017\/05\/Necropolis-Romana-de-Tarragona-27-215x215.jpg\" class=\"ggImg\" alt=\"Necropolis paleocristiana de tarragona\" title=\"necropolis-romana-de-tarragona-27\" data-description=\"necropolis-romana-de-tarragona-27\" data-caption=\"necropolis-romana-de-tarragona-27\" data-title=\"necropolis-romana-de-tarragona-27\" style=\" width:215px; height:215px; \" \/><\/div><FIGCAPTION class=\"\" data-alpha=\"5\" style=\"color:#ffffff; background-color:#eeee22; font-size:140; text-align:left; font-family:Default;\" ><div class=\"grid-gallery-figcaption-wrap\" style=\" \"><\/div><\/FIGCAPTION><\/FIGURE> <FIGURE class=\"grid-gallery-caption \" data-grid-gallery-type=\"quarter-slide-up\" data-index=\"3\" style=\"display:none;border-radius: 00; ; margin: 2.3px; width:2150;\" ><div class=\"crop \" style=\" width:2150; height:2150; overflow:hidden; \"><img decoding=\"async\" src=\"https:\/\/www.litoral.es\/guia-de-vacaciones\/wp-content\/uploads\/2017\/05\/Necropolis-Romana-de-Tarragona-71-1-215x215.jpg\" class=\"ggImg\" alt=\"necropolis paleocrisitiana de tarragona\" title=\"necropolis-romana-de-tarragona-71\" data-description=\"necropolis-romana-de-tarragona-71\" data-caption=\"necropolis-romana-de-tarragona-71\" data-title=\"necropolis-romana-de-tarragona-71\" style=\" width:215px; height:215px; \" \/><\/div><FIGCAPTION class=\"\" data-alpha=\"5\" style=\"color:#ffffff; background-color:#eeee22; font-size:140; text-align:left; font-family:Default;\" ><div class=\"grid-gallery-figcaption-wrap\" style=\" \"><\/div><\/FIGCAPTION><\/FIGURE> <FIGURE class=\"grid-gallery-caption \" data-grid-gallery-type=\"quarter-slide-up\" data-index=\"4\" style=\"display:none;border-radius: 00; ; margin: 2.3px; width:2150;\" ><div class=\"crop \" style=\" width:2150; height:2150; overflow:hidden; \"><img decoding=\"async\" src=\"https:\/\/www.litoral.es\/guia-de-vacaciones\/wp-content\/uploads\/2017\/05\/Necropolis-Romana-Tarragona-3-215x215.jpg\" class=\"ggImg\" alt=\"Interior del museo de la necropolis paleocrisitiana de tarragona\" title=\"necropolis-romana-tarragona-3\" data-description=\"necropolis-romana-tarragona-3\" data-caption=\"necropolis-romana-tarragona-3\" data-title=\"necropolis-romana-tarragona-3\" style=\" width:215px; height:215px; \" \/><\/div><FIGCAPTION class=\"\" data-alpha=\"5\" style=\"color:#ffffff; background-color:#eeee22; font-size:140; text-align:left; font-family:Default;\" ><div class=\"grid-gallery-figcaption-wrap\" style=\" \"><\/div><\/FIGCAPTION><\/FIGURE> <FIGURE class=\"grid-gallery-caption \" data-grid-gallery-type=\"quarter-slide-up\" data-index=\"5\" style=\"display:none;border-radius: 00; ; margin: 2.3px; width:2150;\" ><div class=\"crop \" style=\" width:2150; height:2150; overflow:hidden; \"><img decoding=\"async\" src=\"https:\/\/www.litoral.es\/guia-de-vacaciones\/wp-content\/uploads\/2017\/05\/036C9102-215x215.jpg\" class=\"ggImg\" alt=\"036c9102\" title=\"036c9102\" data-description=\"036c9102\" data-caption=\"036c9102\" data-title=\"036c9102\" style=\" width:215px; height:215px; \" \/><\/div><FIGCAPTION class=\"\" data-alpha=\"5\" style=\"color:#ffffff; background-color:#eeee22; font-size:140; text-align:left; font-family:Default;\" ><div class=\"grid-gallery-figcaption-wrap\" style=\" \"><\/div><\/FIGCAPTION><\/FIGURE> <div class=\"grid-gallery-clearfix\"><\/div> <\/div> <div class=\"gallery-sharing-bottom\"><\/div> <div class=\"grid-gallery-clearfix\"><\/div> <\/div> <!-- Gallery by Supsystic plugin 1.15.21 --><a title=\"WordPress Image Gallery Plugin\" style=\"display:none;\" href=\"https:\/\/supsystic.com\/plugins\/photo-gallery\/?utm_medium=love_link\" target=\"_blank\">WordPress Image Gallery Plugin<\/a>\n<p>&nbsp;<\/p>\n<h2 style=\"text-align: left;\"><div class=\"su-service\"><div class=\"su-service-title\" style=\"padding-left:46px;min-height:32px;line-height:32px\"><i class=\"sui sui-university\" style=\"font-size:32px;color:#333\"><\/i> Acueducto Tarragona<\/div><div class=\"su-service-content su-u-clearfix su-u-trim\" style=\"padding-left:46px\"><\/div><\/div><\/h2>\n<p>Nuestra ruta por la Tarragona romana no estar\u00eda completa sin visitar el espectacular acueducto. Est\u00e1 fuera de la ciudad,<strong> a unos 4 kil\u00f3metros del centro hist\u00f3rico<\/strong>, pero merece la pena acercarse a visitarlo.<\/p>\n<p><strong>En el s. I d.C. se construyeron dos grandes acueductos que llevaban agua hasta la ciudad de Tarragona.<\/strong> El primero tra\u00eda el agua del r\u00edo Gai\u00e0 y med\u00eda 40 km. de longitud. El segundo tomaba el agua del r\u00edo Francol\u00ed y ten\u00eda una longitud de 15 km.<\/p>\n<p>El tramo m\u00e1s importante que se conserva pertenece al segundo acueducto y est\u00e1 situado sobre un barranco. Mide unos 217 m. de largo y tiene unos 26 m. de altura. Popularmente es tambi\u00e9n conocido como el Puente del Diablo y entorno a \u00e9l existen varias leyendas.<\/p>\n<p>&nbsp;<\/p>\n<p><img loading=\"lazy\" decoding=\"async\" class=\"aligncenter size-full wp-image-6070\" src=\"https:\/\/www.litoral.es\/guia-de-vacaciones\/wp-content\/uploads\/2017\/05\/Acueducto-de-Tarragona.jpg\" alt=\"Acueducto Romano de Tarragona\" width=\"1000\" height=\"667\" srcset=\"https:\/\/www.litoral.es\/guia-de-vacaciones\/wp-content\/uploads\/2017\/05\/Acueducto-de-Tarragona.jpg 1000w, https:\/\/www.litoral.es\/guia-de-vacaciones\/wp-content\/uploads\/2017\/05\/Acueducto-de-Tarragona-250x167.jpg 250w, https:\/\/www.litoral.es\/guia-de-vacaciones\/wp-content\/uploads\/2017\/05\/Acueducto-de-Tarragona-768x512.jpg 768w, https:\/\/www.litoral.es\/guia-de-vacaciones\/wp-content\/uploads\/2017\/05\/Acueducto-de-Tarragona-500x334.jpg 500w, https:\/\/www.litoral.es\/guia-de-vacaciones\/wp-content\/uploads\/2017\/05\/Acueducto-de-Tarragona-300x200.jpg 300w, https:\/\/www.litoral.es\/guia-de-vacaciones\/wp-content\/uploads\/2017\/05\/Acueducto-de-Tarragona-750x500.jpg 750w, https:\/\/www.litoral.es\/guia-de-vacaciones\/wp-content\/uploads\/2017\/05\/Acueducto-de-Tarragona-380x253.jpg 380w, https:\/\/www.litoral.es\/guia-de-vacaciones\/wp-content\/uploads\/2017\/05\/Acueducto-de-Tarragona-310x207.jpg 310w, https:\/\/www.litoral.es\/guia-de-vacaciones\/wp-content\/uploads\/2017\/05\/Acueducto-de-Tarragona-360x240.jpg 360w, https:\/\/www.litoral.es\/guia-de-vacaciones\/wp-content\/uploads\/2017\/05\/Acueducto-de-Tarragona-260x173.jpg 260w\" sizes=\"(max-width: 1000px) 100vw, 1000px\" \/><\/p>\n<h2 style=\"text-align: left;\">&nbsp;<\/h2>\n<h2 style=\"text-align: left;\"><div class=\"su-service\"><div class=\"su-service-title\" style=\"padding-left:46px;min-height:32px;line-height:32px\"><i class=\"sui sui-camera\" style=\"font-size:32px;color:#333\"><\/i> Fotos de Tarragona ciudad<\/div><div class=\"su-service-content su-u-clearfix su-u-trim\" style=\"padding-left:46px\"><\/div><\/div><\/h2>\n<div id=\"grid-gallery-43-14988\" data-gg-id=\"43\" data-title=\"Fotos Tarragona\" data-grid-type=\"0\" data-offset=\"1.3\" data-area-position=\"center\" data-icons=\"\" data-preloader=\"true\" data-width=\"215\" data-height=\"215\" data-padding=\"0\" data-quicksand=\"disabled\" data-quicksand-duration=\"none\" data-popup-theme=\"theme_6\" data-popup-type=\"pretty-photo\" data-popup-image-text=\"data-description\" data-popup-widthsize=\"auto\" data-popup-heightsize=\"auto\" data-popup-i18n-words=\"{&quot;close&quot;:&quot;cerrar&quot;,&quot;next&quot;:&quot;siguiente&quot;,&quot;previous&quot;:&quot;anterior&quot;,&quot;start_slideshow&quot;:&quot;comenzar reproducci\\u00f3n&quot;,&quot;stop_slideshow&quot;:&quot;detener reproducci\\u00f3n&quot;,&quot;image&quot;:&quot;imagen&quot;,&quot;of&quot;:&quot;de&quot;,&quot;prev&quot;:&quot;ant&quot;,&quot;cExpand&quot;:&quot;Ampliar&quot;,&quot;cPrevious&quot;:&quot;Anterior&quot;,&quot;cNext&quot;:&quot;Siguiente&quot;,&quot;cExpandStr&quot;:&quot;Expandir la imagen&quot;,&quot;cRotate&quot;:&quot;Gire&quot;,&quot;cDetails&quot;:&quot;Details&quot;}\" data-popup-slideshow=\"false\" data-popup-slideshow-speed=\"2500\" data-popup-hoverstop=\"false\" data-popup-slideshow-auto=\"false\" data-popup-background=\"\" data-popup-transparency=\"30\" data-popup-disable-history=\"\" data-popup-disable-changed-url=\"\" data-popup-border-type=\"\" data-popup-border-color=\"\" data-popup-border-width=\"\" data-popup-border-enable=\"\" data-fullscreen=\"false\" data-hide-tooltip=\"false\" data-caption-font-family=\"Default\" data-caption-text-size=\"140\" data-is-mobile=\"0\" data-caption-mobile=\"false\" data-hide-long-tltp-title=\"0\" data-caption-disabled-on-mobile=\"false\" data-popup-placement-type=\"0\" data-social-sharing=\"{&quot;enabled&quot;:&quot;&quot;,&quot;gallerySharing&quot;:{&quot;enabled&quot;:null,&quot;position&quot;:null},&quot;imageSharing&quot;:{&quot;enabled&quot;:null,&quot;wrapperClass&quot;:&quot; vertical \\n &quot;},&quot;popupSharing&quot;:{&quot;enabled&quot;:null,&quot;wrapperClass&quot;:&quot; vertical \\n &quot;}}\" class=\"grid-gallery grid-gallery-fixed \" style=\" width:100%; height:auto ; margin-left:auto; margin-right:auto; position:relative;\" > <div class=\"gallery-loading\"> <div class=\"blocks\"> <div class=\"block\"><\/div> <div class=\"block\"><\/div> <div class=\"block\"><\/div> <div class=\"block\"><\/div> <\/div> <\/div> <div class=\"gallery-sharing-top\"><\/div> <div id=\"photos-43\" class=\"grid-gallery-photos \" > <FIGURE class=\"grid-gallery-caption \" data-grid-gallery-type=\"quarter-slide-up\" data-index=\"0\" style=\"display:none;border-radius: 00; ; margin: 1.3px; width:2150;\" ><div class=\"crop \" style=\" width:2150; height:2150; overflow:hidden; \"><img decoding=\"async\" src=\"https:\/\/www.litoral.es\/guia-de-vacaciones\/wp-content\/uploads\/2017\/05\/Anfiteatro-Romano-Tarragona-2-215x215.jpg\" class=\"ggImg\" alt=\"Jardines de la Granota y Anfiteatro Romano\" title=\"anfiteatro-romano-tarragona-2\" data-description=\"anfiteatro-romano-tarragona-2\" data-caption=\"Jardines de la granota junto al Anfiteatro\" data-title=\"anfiteatro-romano-tarragona-2\" style=\" width:215px; height:215px; \" \/><\/div><FIGCAPTION class=\"\" data-alpha=\"5\" style=\"color:#ffffff; background-color:#eeee22; font-size:140; text-align:left; font-family:Default;\" ><div class=\"grid-gallery-figcaption-wrap\" style=\" \"><\/div><\/FIGCAPTION><\/FIGURE> <FIGURE class=\"grid-gallery-caption \" data-grid-gallery-type=\"quarter-slide-up\" data-index=\"1\" style=\"display:none;border-radius: 00; ; margin: 1.3px; width:2150;\" ><div class=\"crop \" style=\" width:2150; height:2150; overflow:hidden; \"><img decoding=\"async\" src=\"https:\/\/www.litoral.es\/guia-de-vacaciones\/wp-content\/uploads\/2017\/05\/Balcon-del-Mediterraneo-de-Tarragona-5-215x215.jpg\" class=\"ggImg\" alt=\"Balc\u00f3n del Mediterr\u00e1neo en Tarragona\" title=\"balcon-del-mediterraneo-de-tarragona-5\" data-description=\"balcon-del-mediterraneo-de-tarragona-5\" data-caption=\"Balc\u00f3n del Mediterrani\" data-title=\"balcon-del-mediterraneo-de-tarragona-5\" style=\" width:215px; height:215px; \" \/><\/div><FIGCAPTION class=\"\" data-alpha=\"5\" style=\"color:#ffffff; background-color:#eeee22; font-size:140; text-align:left; font-family:Default;\" ><div class=\"grid-gallery-figcaption-wrap\" style=\" \"><\/div><\/FIGCAPTION><\/FIGURE> <FIGURE class=\"grid-gallery-caption \" data-grid-gallery-type=\"quarter-slide-up\" data-index=\"2\" style=\"display:none;border-radius: 00; ; margin: 1.3px; width:2150;\" ><div class=\"crop \" style=\" width:2150; height:2150; overflow:hidden; \"><img decoding=\"async\" src=\"https:\/\/www.litoral.es\/guia-de-vacaciones\/wp-content\/uploads\/2017\/05\/Barrio-del-Serrallo-en-Tarragona-88-215x215.jpg\" class=\"ggImg\" alt=\"Barrio del Serrallo\" title=\"barrio-del-serrallo-en-tarragona-88\" data-description=\"barrio-del-serrallo-en-tarragona-88\" data-caption=\"Barrio del Serrallo\" data-title=\"barrio-del-serrallo-en-tarragona-88\" style=\" width:215px; height:215px; \" \/><\/div><FIGCAPTION class=\"\" data-alpha=\"5\" style=\"color:#ffffff; background-color:#eeee22; font-size:140; text-align:left; font-family:Default;\" ><div class=\"grid-gallery-figcaption-wrap\" style=\" \"><\/div><\/FIGCAPTION><\/FIGURE> <FIGURE class=\"grid-gallery-caption \" data-grid-gallery-type=\"quarter-slide-up\" data-index=\"3\" style=\"display:none;border-radius: 00; ; margin: 1.3px; width:2150;\" ><div class=\"crop \" style=\" width:2150; height:2150; overflow:hidden; \"><img decoding=\"async\" src=\"https:\/\/www.litoral.es\/guia-de-vacaciones\/wp-content\/uploads\/2017\/05\/Calles-Tarragona-10-215x215.jpg\" class=\"ggImg\" alt=\"Calles de Tarragona casco antiguo\" title=\"calles-tarragona-10\" data-description=\"calles-tarragona-10\" data-caption=\"Casco antiguo de Tarragona\" data-title=\"calles-tarragona-10\" style=\" width:215px; height:215px; \" \/><\/div><FIGCAPTION class=\"\" data-alpha=\"5\" style=\"color:#ffffff; background-color:#eeee22; font-size:140; text-align:left; font-family:Default;\" ><div class=\"grid-gallery-figcaption-wrap\" style=\" \"><\/div><\/FIGCAPTION><\/FIGURE> <FIGURE class=\"grid-gallery-caption \" data-grid-gallery-type=\"quarter-slide-up\" data-index=\"4\" style=\"display:none;border-radius: 00; ; margin: 1.3px; width:2150;\" ><div class=\"crop \" style=\" width:2150; height:2150; overflow:hidden; \"><img decoding=\"async\" src=\"https:\/\/www.litoral.es\/guia-de-vacaciones\/wp-content\/uploads\/2017\/05\/Catedral-de-Tarragona-3-215x215.jpg\" class=\"ggImg\" alt=\"Vista panor\u00e1mica de Tarragona\" title=\"catedral-de-tarragona-3\" data-description=\"catedral-de-tarragona-3\" data-caption=\"Vista aerea de la ciudad de Tarragona y la Catedral\" data-title=\"catedral-de-tarragona-3\" style=\" width:215px; height:215px; \" \/><\/div><FIGCAPTION class=\"\" data-alpha=\"5\" style=\"color:#ffffff; background-color:#eeee22; font-size:140; text-align:left; font-family:Default;\" ><div class=\"grid-gallery-figcaption-wrap\" style=\" \"><\/div><\/FIGCAPTION><\/FIGURE> <FIGURE class=\"grid-gallery-caption \" data-grid-gallery-type=\"quarter-slide-up\" data-index=\"5\" style=\"display:none;border-radius: 00; ; margin: 1.3px; width:2150;\" ><div class=\"crop \" style=\" width:2150; height:2150; overflow:hidden; \"><img decoding=\"async\" src=\"https:\/\/www.litoral.es\/guia-de-vacaciones\/wp-content\/uploads\/2017\/05\/Catedral-de-Tarragona-11-215x215.jpg\" class=\"ggImg\" alt=\"Catedral de Tarragona\" title=\"catedral-de-tarragona-11\" data-description=\"catedral-de-tarragona-11\" data-caption=\"Catedral de Tarragona\" data-title=\"catedral-de-tarragona-11\" style=\" width:215px; height:215px; \" \/><\/div><FIGCAPTION class=\"\" data-alpha=\"5\" style=\"color:#ffffff; background-color:#eeee22; font-size:140; text-align:left; font-family:Default;\" ><div class=\"grid-gallery-figcaption-wrap\" style=\" \"><\/div><\/FIGCAPTION><\/FIGURE> <FIGURE class=\"grid-gallery-caption \" data-grid-gallery-type=\"quarter-slide-up\" data-index=\"6\" style=\"display:none;border-radius: 00; ; margin: 1.3px; width:2150;\" ><div class=\"crop \" style=\" width:2150; height:2150; overflow:hidden; \"><img decoding=\"async\" src=\"https:\/\/www.litoral.es\/guia-de-vacaciones\/wp-content\/uploads\/2017\/05\/Catedral-de-Tarragona-41-215x215.jpg\" class=\"ggImg\" alt=\"Catedral de Tarragona\" title=\"catedral-de-tarragona-41\" data-description=\"catedral-de-tarragona-41\" data-caption=\"Catedral de Tarragona\" data-title=\"catedral-de-tarragona-41\" style=\" width:215px; height:215px; \" \/><\/div><FIGCAPTION class=\"\" data-alpha=\"5\" style=\"color:#ffffff; background-color:#eeee22; font-size:140; text-align:left; font-family:Default;\" ><div class=\"grid-gallery-figcaption-wrap\" style=\" \"><\/div><\/FIGCAPTION><\/FIGURE> <FIGURE class=\"grid-gallery-caption \" data-grid-gallery-type=\"quarter-slide-up\" data-index=\"7\" style=\"display:none;border-radius: 00; ; margin: 1.3px; width:2150;\" ><div class=\"crop \" style=\" width:2150; height:2150; overflow:hidden; \"><img decoding=\"async\" src=\"https:\/\/www.litoral.es\/guia-de-vacaciones\/wp-content\/uploads\/2017\/05\/Plaza-Ayuntamiento-Tarragona-7-215x215.jpg\" class=\"ggImg\" alt=\"Plaza del Ayuntamiento de Tarragona\" title=\"plaza-ayuntamiento-tarragona-7\" data-description=\"plaza-ayuntamiento-tarragona-7\" data-caption=\"Plaza del Ayuntamiento de Tarragona\" data-title=\"plaza-ayuntamiento-tarragona-7\" style=\" width:215px; height:215px; \" \/><\/div><FIGCAPTION class=\"\" data-alpha=\"5\" style=\"color:#ffffff; background-color:#eeee22; font-size:140; text-align:left; font-family:Default;\" ><div class=\"grid-gallery-figcaption-wrap\" style=\" \"><\/div><\/FIGCAPTION><\/FIGURE> <FIGURE class=\"grid-gallery-caption \" data-grid-gallery-type=\"quarter-slide-up\" data-index=\"8\" style=\"display:none;border-radius: 00; ; margin: 1.3px; width:2150;\" ><div class=\"crop \" style=\" width:2150; height:2150; overflow:hidden; \"><img decoding=\"async\" src=\"https:\/\/www.litoral.es\/guia-de-vacaciones\/wp-content\/uploads\/2017\/05\/Ramblas-de-Tarragona-4-215x215.jpg\" class=\"ggImg\" alt=\"Rambla de Tarragona\" title=\"ramblas-de-tarragona-4\" data-description=\"ramblas-de-tarragona-4\" data-caption=\"Ramblas de Tarragona\" data-title=\"ramblas-de-tarragona-4\" style=\" width:215px; height:215px; \" \/><\/div><FIGCAPTION class=\"\" data-alpha=\"5\" style=\"color:#ffffff; background-color:#eeee22; font-size:140; text-align:left; font-family:Default;\" ><div class=\"grid-gallery-figcaption-wrap\" style=\" \"><\/div><\/FIGCAPTION><\/FIGURE> <FIGURE class=\"grid-gallery-caption \" data-grid-gallery-type=\"quarter-slide-up\" data-index=\"9\" style=\"display:none;border-radius: 00; ; margin: 1.3px; width:2150;\" ><div class=\"crop \" style=\" width:2150; height:2150; overflow:hidden; \"><img decoding=\"async\" src=\"https:\/\/www.litoral.es\/guia-de-vacaciones\/wp-content\/uploads\/2017\/05\/Antiguo-Hospital-Santa-Tecla-de-Tarragona-5-215x215.jpg\" class=\"ggImg\" alt=\"Antiguo Hospital de Santa Tecla en Tarragona\" title=\"antiguo-hospital-santa-tecla-de-tarragona-5\" data-description=\"antiguo-hospital-santa-tecla-de-tarragona-5\" data-caption=\"Antiguo hospital de Tarragona\" data-title=\"antiguo-hospital-santa-tecla-de-tarragona-5\" style=\" width:215px; height:215px; \" \/><\/div><FIGCAPTION class=\"\" data-alpha=\"5\" style=\"color:#ffffff; background-color:#eeee22; font-size:140; text-align:left; font-family:Default;\" ><div class=\"grid-gallery-figcaption-wrap\" style=\" \"><\/div><\/FIGCAPTION><\/FIGURE> <FIGURE class=\"grid-gallery-caption \" data-grid-gallery-type=\"quarter-slide-up\" data-index=\"10\" style=\"display:none;border-radius: 00; ; margin: 1.3px; width:2150;\" ><div class=\"crop \" style=\" width:2150; height:2150; overflow:hidden; \"><img decoding=\"async\" src=\"https:\/\/www.litoral.es\/guia-de-vacaciones\/wp-content\/uploads\/2017\/05\/Barrio-Judio-de-Tarragona-25-215x215.jpg\" class=\"ggImg\" alt=\"Barrio Judio de Tarragona\" title=\"barrio-judio-de-tarragona-25\" data-description=\"barrio-judio-de-tarragona-25\" data-caption=\"Barrio Judio de Tarragona\" data-title=\"barrio-judio-de-tarragona-25\" style=\" width:215px; height:215px; \" \/><\/div><FIGCAPTION class=\"\" data-alpha=\"5\" style=\"color:#ffffff; background-color:#eeee22; font-size:140; text-align:left; font-family:Default;\" ><div class=\"grid-gallery-figcaption-wrap\" style=\" \"><\/div><\/FIGCAPTION><\/FIGURE> <FIGURE class=\"grid-gallery-caption \" data-grid-gallery-type=\"quarter-slide-up\" data-index=\"11\" style=\"display:none;border-radius: 00; ; margin: 1.3px; width:2150;\" ><div class=\"crop \" style=\" width:2150; height:2150; overflow:hidden; \"><img decoding=\"async\" src=\"https:\/\/www.litoral.es\/guia-de-vacaciones\/wp-content\/uploads\/2017\/05\/Catedral-de-Tarragona-11-1-215x215.jpg\" class=\"ggImg\" alt=\"Catedral de Tarragona\" title=\"catedral-de-tarragona-11\" data-description=\"catedral-de-tarragona-11\" data-caption=\"Catedral de Tarragona\" data-title=\"catedral-de-tarragona-11\" style=\" width:215px; height:215px; \" \/><\/div><FIGCAPTION class=\"\" data-alpha=\"5\" style=\"color:#ffffff; background-color:#eeee22; font-size:140; text-align:left; font-family:Default;\" ><div class=\"grid-gallery-figcaption-wrap\" style=\" \"><\/div><\/FIGCAPTION><\/FIGURE> <div class=\"grid-gallery-clearfix\"><\/div> <\/div> <div class=\"gallery-sharing-bottom\"><\/div> <div class=\"grid-gallery-clearfix\"><\/div> <\/div> <!-- Gallery by Supsystic plugin 1.15.21 --><a title=\"WordPress Image Gallery Plugin\" style=\"display:none;\" href=\"https:\/\/supsystic.com\/plugins\/photo-gallery\/?utm_medium=love_link\" target=\"_blank\">WordPress Image Gallery Plugin<\/a>\n<p>&nbsp;<\/p>\n<p>&nbsp;<\/p>\n<h2 style=\"text-align: left;\"><div class=\"su-service\"><div class=\"su-service-title\" style=\"padding-left:46px;min-height:32px;line-height:32px\"><i class=\"sui sui-youtube-play\" style=\"font-size:32px;color:#333\"><\/i> Video T\u00e1rraco Romana<\/div><div class=\"su-service-content su-u-clearfix su-u-trim\" style=\"padding-left:46px\"><\/div><\/div><\/h2>\n<p><iframe loading=\"lazy\" title=\"Tarraco\" width=\"640\" height=\"480\" src=\"https:\/\/www.youtube.com\/embed\/AXjCvDbRElY?feature=oembed\" frameborder=\"0\" allow=\"accelerometer; autoplay; clipboard-write; encrypted-media; gyroscope; picture-in-picture; web-share\" referrerpolicy=\"strict-origin-when-cross-origin\" allowfullscreen><\/iframe><\/p>\n<p><span style=\"border-radius: 2px; text-indent: 20px; width: auto; padding: 0px 4px 0px 0px; text-align: center; font: bold 11px\/20px 'Helvetica Neue',Helvetica,sans-serif; color: #ffffff; background: #bd081c  no-repeat scroll 3px 50% \/ 14px 14px; position: absolute; opacity: 1; z-index: 8675309; display: none; cursor: pointer; top: 1637px; left: 20px;\">Guardar<\/span><\/p>\n<p><span style=\"border-radius: 2px; text-indent: 20px; width: auto; padding: 0px 4px 0px 0px; text-align: center; font: bold 11px\/20px 'Helvetica Neue',Helvetica,sans-serif; color: #ffffff; background: #bd081c  no-repeat scroll 3px 50% \/ 14px 14px; position: absolute; opacity: 1; z-index: 8675309; display: none; cursor: pointer; top: 1257px; left: 20px;\">Guardar<\/span><\/p>\n<p><span style=\"border-radius: 2px; text-indent: 20px; width: auto; padding: 0px 4px 0px 0px; text-align: center; font: bold 11px\/20px 'Helvetica Neue',Helvetica,sans-serif; color: #ffffff; background: #bd081c  no-repeat scroll 3px 50% \/ 14px 14px; position: absolute; opacity: 1; z-index: 8675309; display: none; cursor: pointer;\">Guardar<\/span><\/p>\n<p><span style=\"border-radius: 2px; text-indent: 20px; width: auto; padding: 0px 4px 0px 0px; text-align: center; font: bold 11px\/20px 'Helvetica Neue',Helvetica,sans-serif; color: #ffffff; background: #bd081c  no-repeat scroll 3px 50% \/ 14px 14px; position: absolute; opacity: 1; z-index: 8675309; display: none; cursor: pointer;\">Guardar<\/span><\/p>\n<p><span style=\"border-radius: 2px; text-indent: 20px; width: auto; padding: 0px 4px 0px 0px; text-align: center; font: bold 11px\/20px 'Helvetica Neue',Helvetica,sans-serif; color: #ffffff; background: #bd081c  no-repeat scroll 3px 50% \/ 14px 14px; position: absolute; opacity: 1; z-index: 8675309; display: none; cursor: pointer; top: 1257px; left: 20px;\">Guardar<\/span><\/p>\n<p><span style=\"border-radius: 2px; text-indent: 20px; width: auto; padding: 0px 4px 0px 0px; text-align: center; font: bold 11px\/20px 'Helvetica Neue',Helvetica,sans-serif; color: #ffffff; background: #bd081c  no-repeat scroll 3px 50% \/ 14px 14px; position: absolute; opacity: 1; z-index: 8675309; display: none; cursor: pointer; top: 2283px; left: 20px;\">Guardar<\/span><\/p>\n<p><span style=\"border-radius: 2px; text-indent: 20px; width: auto; padding: 0px 4px 0px 0px; text-align: center; font: bold 11px\/20px 'Helvetica Neue',Helvetica,sans-serif; color: #ffffff; background: #bd081c  no-repeat scroll 3px 50% \/ 14px 14px; position: absolute; opacity: 1; z-index: 8675309; display: none; cursor: pointer; top: 2283px; left: 20px;\">Guardar<\/span><\/p>\n<p><span style=\"border-radius: 2px; text-indent: 20px; width: auto; padding: 0px 4px 0px 0px; text-align: center; font: bold 11px\/20px 'Helvetica Neue',Helvetica,sans-serif; color: #ffffff; background: #bd081c  no-repeat scroll 3px 50% \/ 14px 14px; position: absolute; opacity: 1; z-index: 8675309; display: none; cursor: pointer; top: 2283px; left: 20px;\">Guardar<\/span><\/p>\n<p><span style=\"border-radius: 2px; text-indent: 20px; width: auto; padding: 0px 4px 0px 0px; text-align: center; font: bold 11px\/20px 'Helvetica Neue',Helvetica,sans-serif; color: #ffffff; background: #bd081c  no-repeat scroll 3px 50% \/ 14px 14px; position: absolute; opacity: 1; z-index: 8675309; display: none; cursor: pointer;\">Guardar<\/span><\/p>\n<p><span style=\"border-radius: 2px; text-indent: 20px; width: auto; padding: 0px 4px 0px 0px; text-align: center; font: bold 11px\/20px 'Helvetica Neue',Helvetica,sans-serif; color: #ffffff; background: #bd081c  no-repeat scroll 3px 50% \/ 14px 14px; position: absolute; opacity: 1; z-index: 8675309; display: none; cursor: pointer; top: 2283px; left: 20px;\">Guardar<\/span><\/p>\n<p><span style=\"border-radius: 2px; text-indent: 20px; width: auto; padding: 0px 4px 0px 0px; text-align: center; font: bold 11px\/20px 'Helvetica Neue',Helvetica,sans-serif; color: #ffffff; background: #bd081c  no-repeat scroll 3px 50% \/ 14px 14px; position: absolute; opacity: 1; z-index: 8675309; display: none; cursor: pointer;\">Guardar<\/span><\/p>\n<p><span style=\"border-radius: 2px; text-indent: 20px; width: auto; padding: 0px 4px 0px 0px; text-align: center; font: bold 11px\/20px 'Helvetica Neue',Helvetica,sans-serif; color: #ffffff; background: #bd081c  no-repeat scroll 3px 50% \/ 14px 14px; position: absolute; opacity: 1; z-index: 8675309; display: none; cursor: pointer;\">Guardar<\/span><\/p>\n<p><span style=\"border-radius: 2px; text-indent: 20px; width: auto; padding: 0px 4px 0px 0px; text-align: center; font: bold 11px\/20px 'Helvetica Neue',Helvetica,sans-serif; color: #ffffff; background: #bd081c  no-repeat scroll 3px 50% \/ 14px 14px; position: absolute; opacity: 1; z-index: 8675309; display: none; cursor: pointer;\">Guardar<\/span><\/p>\n<p><span style=\"border-radius: 2px; text-indent: 20px; width: auto; padding: 0px 4px 0px 0px; text-align: center; font: bold 11px\/20px 'Helvetica Neue',Helvetica,sans-serif; color: #ffffff; background: #bd081c  no-repeat scroll 3px 50% \/ 14px 14px; position: absolute; opacity: 1; z-index: 8675309; display: none; cursor: pointer;\">Guardar<\/span><\/p>\n<p><span style=\"border-radius: 2px; text-indent: 20px; width: auto; padding: 0px 4px 0px 0px; text-align: center; font: bold 11px\/20px 'Helvetica Neue',Helvetica,sans-serif; color: #ffffff; background: #bd081c  no-repeat scroll 3px 50% \/ 14px 14px; position: absolute; opacity: 1; z-index: 8675309; display: none; cursor: pointer; top: 3868px; left: 20px;\">Guardar<\/span><\/p>\n<p><span style=\"border-radius: 2px; text-indent: 20px; width: auto; padding: 0px 4px 0px 0px; text-align: center; font: bold 11px\/20px 'Helvetica Neue',Helvetica,sans-serif; color: #ffffff; background: #bd081c  no-repeat scroll 3px 50% \/ 14px 14px; position: absolute; opacity: 1; z-index: 8675309; display: none; cursor: pointer;\">Guardar<\/span><\/p>\n<p><span style=\"border-radius: 2px; text-indent: 20px; width: auto; padding: 0px 4px 0px 0px; text-align: center; font: bold 11px\/20px 'Helvetica Neue',Helvetica,sans-serif; color: #ffffff; background: #bd081c  no-repeat scroll 3px 50% \/ 14px 14px; position: absolute; opacity: 1; z-index: 8675309; display: none; cursor: pointer;\">Guardar<\/span><\/p>\n<p><span style=\"border-radius: 2px; text-indent: 20px; width: auto; padding: 0px 4px 0px 0px; text-align: center; font: bold 11px\/20px 'Helvetica Neue',Helvetica,sans-serif; color: #ffffff; background: #bd081c  no-repeat scroll 3px 50% \/ 14px 14px; position: absolute; opacity: 1; z-index: 8675309; display: none; cursor: pointer; top: 1257px; left: 20px;\">Guardar<\/span><\/p>\n<p><span style=\"border-radius: 2px; text-indent: 20px; width: auto; padding: 0px 4px 0px 0px; text-align: center; font: bold 11px\/20px 'Helvetica Neue',Helvetica,sans-serif; color: #ffffff; background: #bd081c  no-repeat scroll 3px 50% \/ 14px 14px; position: absolute; opacity: 1; z-index: 8675309; display: none; cursor: pointer;\">Guardar<\/span><\/p>\n<p><span style=\"border-radius: 2px; text-indent: 20px; width: auto; padding: 0px 4px 0px 0px; text-align: center; font: bold 11px\/20px 'Helvetica Neue',Helvetica,sans-serif; color: #ffffff; background: #bd081c  no-repeat scroll 3px 50% \/ 14px 14px; position: absolute; opacity: 1; z-index: 8675309; display: none; cursor: pointer; top: 6829px; left: 33px;\">Guardar<\/span><\/p>\n<p><span style=\"border-radius: 2px; text-indent: 20px; width: auto; padding: 0px 4px 0px 0px; text-align: center; font: bold 11px\/20px 'Helvetica Neue',Helvetica,sans-serif; color: #ffffff; background: #bd081c  no-repeat scroll 3px 50% \/ 14px 14px; position: absolute; opacity: 1; z-index: 8675309; display: none; cursor: pointer; top: 6231px; left: 20px;\">Guardar<\/span><\/p>\n<p><span style=\"border-radius: 2px; text-indent: 20px; width: auto; padding: 0px 4px 0px 0px; text-align: center; font: bold 11px\/20px 'Helvetica Neue',Helvetica,sans-serif; color: #ffffff; background: #bd081c  no-repeat scroll 3px 50% \/ 14px 14px; position: absolute; opacity: 1; z-index: 8675309; display: none; cursor: pointer; top: 3868px; left: 20px;\">Guardar<\/span><\/p>\n<p><span style=\"border-radius: 2px; text-indent: 20px; width: auto; padding: 0px 4px 0px 0px; text-align: center; font: bold 11px\/20px 'Helvetica Neue',Helvetica,sans-serif; color: #ffffff; background: #bd081c  no-repeat scroll 3px 50% \/ 14px 14px; position: absolute; opacity: 1; z-index: 8675309; display: none; cursor: pointer;\">Guardar<\/span><\/p>\n<p><span style=\"border-radius: 2px; text-indent: 20px; width: auto; padding: 0px 4px 0px 0px; text-align: center; font: bold 11px\/20px 'Helvetica Neue',Helvetica,sans-serif; color: #ffffff; background: #bd081c  no-repeat scroll 3px 50% \/ 14px 14px; position: absolute; opacity: 1; z-index: 8675309; display: none; cursor: pointer; top: 1257px; left: 20px;\">Guardar<\/span><\/p>\n<p><span style=\"border-radius: 2px; text-indent: 20px; width: auto; padding: 0px 4px 0px 0px; text-align: center; font: bold 11px\/20px 'Helvetica Neue',Helvetica,sans-serif; color: #ffffff; background: #bd081c  no-repeat scroll 3px 50% \/ 14px 14px; position: absolute; opacity: 1; z-index: 8675309; display: none; cursor: pointer; top: 7245px; left: 20px;\">Guardar<\/span><\/p>\n<p><span style=\"border-radius: 2px; text-indent: 20px; width: auto; padding: 0px 4px 0px 0px; text-align: center; font: bold 11px\/20px 'Helvetica Neue',Helvetica,sans-serif; color: #ffffff; background: #bd081c  no-repeat scroll 3px 50% \/ 14px 14px; position: absolute; opacity: 1; z-index: 8675309; display: none; cursor: pointer; top: 10783px; left: 33px;\">Guardar<\/span><\/p>\n<p><span style=\"border-radius: 2px; text-indent: 20px; width: auto; padding: 0px 4px 0px 0px; text-align: center; font: bold 11px\/20px 'Helvetica Neue',Helvetica,sans-serif; color: #ffffff; background: #bd081c  no-repeat scroll 3px 50% \/ 14px 14px; position: absolute; opacity: 1; z-index: 8675309; display: none; cursor: pointer;\">Guardar<\/span><\/p>\n<p><span style=\"border-radius: 2px; text-indent: 20px; width: auto; padding: 0px 4px 0px 0px; text-align: center; font: bold 11px\/20px 'Helvetica Neue',Helvetica,sans-serif; color: #ffffff; background: #bd081c  no-repeat scroll 3px 50% \/ 14px 14px; position: absolute; opacity: 1; z-index: 8675309; display: none; cursor: pointer; top: 12032px; left: 20px;\">Guardar<\/span><\/p>\n<p><span style=\"border-radius: 2px; text-indent: 20px; width: auto; padding: 0px 4px 0px 0px; text-align: center; font: bold 11px\/20px 'Helvetica Neue',Helvetica,sans-serif; color: #ffffff; background: #bd081c  no-repeat scroll 3px 50% \/ 14px 14px; position: absolute; opacity: 1; z-index: 8675309; display: none; cursor: pointer; top: 2984px; left: 20px;\">Guardar<\/span><\/p>\n<p><span style=\"border-radius: 2px; text-indent: 20px; width: auto; padding: 0px 4px 0px 0px; text-align: center; font: bold 11px\/20px 'Helvetica Neue',Helvetica,sans-serif; color: #ffffff; background: #bd081c  no-repeat scroll 3px 50% \/ 14px 14px; position: absolute; opacity: 1; z-index: 8675309; display: none; cursor: pointer;\">Guardar<\/span><\/p>\n<p><span style=\"border-radius: 2px; text-indent: 20px; width: auto; padding: 0px 4px 0px 0px; text-align: center; font: bold 11px\/20px 'Helvetica Neue',Helvetica,sans-serif; color: #ffffff; background: #bd081c  no-repeat scroll 3px 50% \/ 14px 14px; position: absolute; opacity: 1; z-index: 8675309; display: none; cursor: pointer; top: 12080px; left: 20px;\">Guardar<\/span><\/p>\n<p><span style=\"border-radius: 2px; text-indent: 20px; width: auto; padding: 0px 4px 0px 0px; text-align: center; font: bold 11px\/20px 'Helvetica Neue',Helvetica,sans-serif; color: #ffffff; background: #bd081c  no-repeat scroll 3px 50% \/ 14px 14px; position: absolute; opacity: 1; z-index: 8675309; display: none; cursor: pointer;\">Guardar<\/span><\/p>\n<p><span style=\"border-radius: 2px; text-indent: 20px; width: auto; padding: 0px 4px 0px 0px; text-align: center; font: bold 11px\/20px 'Helvetica Neue',Helvetica,sans-serif; color: #ffffff; background: #bd081c  no-repeat scroll 3px 50% \/ 14px 14px; position: absolute; opacity: 1; z-index: 8675309; display: none; cursor: pointer; top: 12080px; left: 20px;\">Guardar<\/span><\/p>\n<p><span style=\"border-radius: 2px; text-indent: 20px; width: auto; padding: 0px 4px 0px 0px; text-align: center; font: bold 11px\/20px 'Helvetica Neue',Helvetica,sans-serif; color: #ffffff; background: #bd081c  no-repeat scroll 3px 50% \/ 14px 14px; position: absolute; opacity: 1; z-index: 8675309; display: none; cursor: pointer; top: 12080px; left: 20px;\">Guardar<\/span><\/p>\n<p><span style=\"border-radius: 2px; text-indent: 20px; width: auto; padding: 0px 4px 0px 0px; text-align: center; font: bold 11px\/20px 'Helvetica Neue',Helvetica,sans-serif; color: #ffffff; background: #bd081c  no-repeat scroll 3px 50% \/ 14px 14px; position: absolute; opacity: 1; z-index: 8675309; display: none; cursor: pointer;\">Guardar<\/span><\/p>\n<p><span style=\"border-radius: 2px; text-indent: 20px; width: auto; padding: 0px 4px 0px 0px; text-align: center; font: bold 11px\/20px 'Helvetica Neue',Helvetica,sans-serif; color: #ffffff; background: #bd081c  no-repeat scroll 3px 50% \/ 14px 14px; position: absolute; opacity: 1; z-index: 8675309; display: none; cursor: pointer;\">Guardar<\/span><\/p>\n<p><span style=\"border-radius: 2px; text-indent: 20px; width: auto; padding: 0px 4px 0px 0px; text-align: center; font: bold 11px\/20px 'Helvetica Neue',Helvetica,sans-serif; color: #ffffff; background: #bd081c  no-repeat scroll 3px 50% \/ 14px 14px; position: absolute; opacity: 1; z-index: 8675309; display: none; cursor: pointer; top: 11318px; left: 33px;\">Guardar<\/span><\/p>\n<p><span style=\"border-radius: 2px; text-indent: 20px; width: auto; padding: 0px 4px 0px 0px; text-align: center; font: bold 11px\/20px 'Helvetica Neue',Helvetica,sans-serif; color: #ffffff; background: #bd081c  no-repeat scroll 3px 50% \/ 14px 14px; position: absolute; opacity: 1; z-index: 8675309; display: none; cursor: pointer;\">Guardar<\/span><\/p>\n<p><span style=\"border-radius: 2px; text-indent: 20px; width: auto; padding: 0px 4px 0px 0px; text-align: center; font: bold 11px\/20px 'Helvetica Neue',Helvetica,sans-serif; color: #ffffff; background: #bd081c  no-repeat scroll 3px 50% \/ 14px 14px; position: absolute; opacity: 1; z-index: 8675309; display: none; cursor: pointer;\">Guardar<\/span><\/p>\n<p><span style=\"border-radius: 2px; text-indent: 20px; width: auto; padding: 0px 4px 0px 0px; text-align: center; font: bold 11px\/20px 'Helvetica Neue',Helvetica,sans-serif; color: #ffffff; background: #bd081c  no-repeat scroll 3px 50% \/ 14px 14px; position: absolute; opacity: 1; z-index: 8675309; display: none; cursor: pointer;\">Guardar<\/span><\/p>\n<p><span style=\"border-radius: 2px; text-indent: 20px; width: auto; padding: 0px 4px 0px 0px; text-align: center; font: bold 11px\/20px 'Helvetica Neue',Helvetica,sans-serif; color: #ffffff; background: #bd081c  no-repeat scroll 3px 50% \/ 14px 14px; position: absolute; opacity: 1; z-index: 8675309; display: none; cursor: pointer;\">Guardar<\/span><\/p>\n<p><span style=\"border-radius: 2px; text-indent: 20px; width: auto; padding: 0px 4px 0px 0px; text-align: center; font: bold 11px\/20px 'Helvetica Neue',Helvetica,sans-serif; color: #ffffff; background: #bd081c  no-repeat scroll 3px 50% \/ 14px 14px; position: absolute; opacity: 1; z-index: 8675309; display: none; cursor: pointer;\">Guardar<\/span><\/p>\n<p><span style=\"border-radius: 2px; text-indent: 20px; width: auto; padding: 0px 4px 0px 0px; text-align: center; font: bold 11px\/20px 'Helvetica Neue',Helvetica,sans-serif; color: #ffffff; background: #bd081c  no-repeat scroll 3px 50% \/ 14px 14px; position: absolute; opacity: 1; z-index: 8675309; display: none; cursor: pointer;\">Guardar<\/span><\/p>\n<p><span style=\"border-radius: 2px; text-indent: 20px; width: auto; padding: 0px 4px 0px 0px; text-align: center; font: bold 11px\/20px 'Helvetica Neue',Helvetica,sans-serif; color: #ffffff; background: #bd081c  no-repeat scroll 3px 50% \/ 14px 14px; position: absolute; opacity: 1; z-index: 8675309; display: none; cursor: pointer; top: 12802px; left: 20px;\">Guardar<\/span><\/p>\n<p><span style=\"border-radius: 2px; text-indent: 20px; width: auto; padding: 0px 4px 0px 0px; text-align: center; font: bold 11px\/20px 'Helvetica Neue',Helvetica,sans-serif; color: #ffffff; background: #bd081c  no-repeat scroll 3px 50% \/ 14px 14px; position: absolute; opacity: 1; z-index: 8675309; display: none; cursor: pointer;\">Guardar<\/span><\/p>\n","protected":false},"excerpt":{"rendered":"<p>Visita la ciudad de Tarragona y descubre paso a paso la Ruta Romana Tarragona Fuera de Italia, Tarragona es una de las ciudades del mundo en las que mejor se puede apreciar la grandeza de la civilizaci\u00f3n romana, motivo por el que desde el a\u00f1o 2000 forma parte del Patrimonio Mundial de la UNESCO y [&#8230;]<\/p>\n<p><a class=\"understrap-read-more-link btn btn-outline-dark btn-sm\" href=\"https:\/\/www.litoral.es\/guia-de-vacaciones\/ruta-romana-tarragona\/\">Continue Reading&#8230;<\/a><\/p>\n","protected":false},"author":5,"featured_media":6065,"comment_status":"closed","ping_status":"closed","sticky":true,"template":"","format":"image","meta":{"footnotes":""},"categories":[205,353],"tags":[],"yoast_head":"<!-- This site is optimized with the Yoast SEO plugin v20.2.1 - https:\/\/yoast.com\/wordpress\/plugins\/seo\/ -->\n<title>24h en T\u00e1rraco: Ruta Romana Tarragona 2017 - Litoral Costa Dorada<\/title>\n<meta name=\"description\" content=\"Descubre el legado que el Imperio Romano en Tarragona . Sus monumentos, museos, plazas y rincones m\u00e1s importantes. Video y fotos de la Ruta Romana Tarragona\" \/>\n<meta name=\"robots\" content=\"index, follow, max-snippet:-1, max-image-preview:large, max-video-preview:-1\" \/>\n<link rel=\"canonical\" href=\"https:\/\/www.litoral.es\/guia-de-vacaciones\/ruta-romana-tarragona\/\" \/>\n<meta property=\"og:locale\" content=\"es_ES\" \/>\n<meta property=\"og:type\" content=\"article\" \/>\n<meta property=\"og:title\" content=\"24h en T\u00e1rraco: Ruta Romana Tarragona 2017 - Litoral Costa Dorada\" \/>\n<meta property=\"og:description\" content=\"Descubre el legado que el Imperio Romano en Tarragona . Sus monumentos, museos, plazas y rincones m\u00e1s importantes. Video y fotos de la Ruta Romana Tarragona\" \/>\n<meta property=\"og:url\" content=\"https:\/\/www.litoral.es\/guia-de-vacaciones\/ruta-romana-tarragona\/\" \/>\n<meta property=\"og:site_name\" content=\"Litoral Costa Dorada Blog\" \/>\n<meta property=\"article:publisher\" content=\"https:\/\/www.facebook.com\/pages\/Litoral-Costa-Dorada\/461561627270721\" \/>\n<meta property=\"article:author\" content=\"https:\/\/www.facebook.com\/pages\/Litoral-Costa-Dorada\/461561627270721\" \/>\n<meta property=\"article:published_time\" content=\"2019-05-21T06:34:53+00:00\" \/>\n<meta property=\"article:modified_time\" content=\"2020-03-12T11:59:23+00:00\" \/>\n<meta property=\"og:image\" content=\"https:\/\/www.litoral.es\/guia-de-vacaciones\/wp-content\/uploads\/2017\/05\/Circo-romana-en-Tarragona.jpg\" \/>\n\t<meta property=\"og:image:width\" content=\"1900\" \/>\n\t<meta property=\"og:image:height\" content=\"713\" \/>\n\t<meta property=\"og:image:type\" content=\"image\/jpeg\" \/>\n<meta name=\"author\" content=\"Litoral Costa Dorada\" \/>\n<meta name=\"twitter:label1\" content=\"Written by\" \/>\n\t<meta name=\"twitter:data1\" content=\"Litoral Costa Dorada\" \/>\n\t<meta name=\"twitter:label2\" content=\"Est. reading time\" \/>\n\t<meta name=\"twitter:data2\" content=\"14 minutos\" \/>\n<script type=\"application\/ld+json\" class=\"yoast-schema-graph\">{\"@context\":\"https:\/\/schema.org\",\"@graph\":[{\"@type\":\"Article\",\"@id\":\"https:\/\/www.litoral.es\/guia-de-vacaciones\/ruta-romana-tarragona\/#article\",\"isPartOf\":{\"@id\":\"https:\/\/www.litoral.es\/guia-de-vacaciones\/ruta-romana-tarragona\/\"},\"author\":{\"name\":\"Litoral Costa Dorada\",\"@id\":\"https:\/\/www.litoral.es\/guia-de-vacaciones\/#\/schema\/person\/a34ce6348076c66da08f7311cac0ee52\"},\"headline\":\"24h en T\u00e1rraco: Descubre la ruta de la Tarragona Romana\",\"datePublished\":\"2019-05-21T06:34:53+00:00\",\"dateModified\":\"2020-03-12T11:59:23+00:00\",\"mainEntityOfPage\":{\"@id\":\"https:\/\/www.litoral.es\/guia-de-vacaciones\/ruta-romana-tarragona\/\"},\"wordCount\":2767,\"publisher\":{\"@id\":\"https:\/\/www.litoral.es\/guia-de-vacaciones\/#organization\"},\"articleSection\":[\"Con ni\u00f1os\",\"Tarragona\"],\"inLanguage\":\"es\"},{\"@type\":\"WebPage\",\"@id\":\"https:\/\/www.litoral.es\/guia-de-vacaciones\/ruta-romana-tarragona\/\",\"url\":\"https:\/\/www.litoral.es\/guia-de-vacaciones\/ruta-romana-tarragona\/\",\"name\":\"24h en T\u00e1rraco: Ruta Romana Tarragona 2017 - Litoral Costa Dorada\",\"isPartOf\":{\"@id\":\"https:\/\/www.litoral.es\/guia-de-vacaciones\/#website\"},\"datePublished\":\"2019-05-21T06:34:53+00:00\",\"dateModified\":\"2020-03-12T11:59:23+00:00\",\"description\":\"Descubre el legado que el Imperio Romano en Tarragona . Sus monumentos, museos, plazas y rincones m\u00e1s importantes. Video y fotos de la Ruta Romana Tarragona\",\"breadcrumb\":{\"@id\":\"https:\/\/www.litoral.es\/guia-de-vacaciones\/ruta-romana-tarragona\/#breadcrumb\"},\"inLanguage\":\"es\",\"potentialAction\":[{\"@type\":\"ReadAction\",\"target\":[\"https:\/\/www.litoral.es\/guia-de-vacaciones\/ruta-romana-tarragona\/\"]}]},{\"@type\":\"BreadcrumbList\",\"@id\":\"https:\/\/www.litoral.es\/guia-de-vacaciones\/ruta-romana-tarragona\/#breadcrumb\",\"itemListElement\":[{\"@type\":\"ListItem\",\"position\":1,\"name\":\"Home\",\"item\":\"https:\/\/www.litoral.es\/guia-de-vacaciones\/\"},{\"@type\":\"ListItem\",\"position\":2,\"name\":\"24h en T\u00e1rraco: Descubre la ruta de la Tarragona Romana\"}]},{\"@type\":\"WebSite\",\"@id\":\"https:\/\/www.litoral.es\/guia-de-vacaciones\/#website\",\"url\":\"https:\/\/www.litoral.es\/guia-de-vacaciones\/\",\"name\":\"Litoral Costa Dorada Blog\",\"description\":\"Alquiler y venta de alojamientos tur\u00edsticos en la Costa Dorada\",\"publisher\":{\"@id\":\"https:\/\/www.litoral.es\/guia-de-vacaciones\/#organization\"},\"potentialAction\":[{\"@type\":\"SearchAction\",\"target\":{\"@type\":\"EntryPoint\",\"urlTemplate\":\"https:\/\/www.litoral.es\/guia-de-vacaciones\/?s={search_term_string}\"},\"query-input\":\"required name=search_term_string\"}],\"inLanguage\":\"es\"},{\"@type\":\"Organization\",\"@id\":\"https:\/\/www.litoral.es\/guia-de-vacaciones\/#organization\",\"name\":\"Litoral Costa Dorada Blog\",\"url\":\"https:\/\/www.litoral.es\/guia-de-vacaciones\/\",\"logo\":{\"@type\":\"ImageObject\",\"inLanguage\":\"es\",\"@id\":\"https:\/\/www.litoral.es\/guia-de-vacaciones\/#\/schema\/logo\/image\/\",\"url\":\"https:\/\/www.litoral.es\/guia-de-vacaciones\/wp-content\/uploads\/2023\/11\/litoral_blog.png\",\"contentUrl\":\"https:\/\/www.litoral.es\/guia-de-vacaciones\/wp-content\/uploads\/2023\/11\/litoral_blog.png\",\"width\":1254,\"height\":221,\"caption\":\"Litoral Costa Dorada Blog\"},\"image\":{\"@id\":\"https:\/\/www.litoral.es\/guia-de-vacaciones\/#\/schema\/logo\/image\/\"},\"sameAs\":[\"https:\/\/www.facebook.com\/pages\/Litoral-Costa-Dorada\/461561627270721\"]},{\"@type\":\"Person\",\"@id\":\"https:\/\/www.litoral.es\/guia-de-vacaciones\/#\/schema\/person\/a34ce6348076c66da08f7311cac0ee52\",\"name\":\"Litoral Costa Dorada\",\"image\":{\"@type\":\"ImageObject\",\"inLanguage\":\"es\",\"@id\":\"https:\/\/www.litoral.es\/guia-de-vacaciones\/#\/schema\/person\/image\/\",\"url\":\"https:\/\/secure.gravatar.com\/avatar\/16db451a066fe3cd2c6b5c6328d149ef?s=96&d=mm&r=g\",\"contentUrl\":\"https:\/\/secure.gravatar.com\/avatar\/16db451a066fe3cd2c6b5c6328d149ef?s=96&d=mm&r=g\",\"caption\":\"Litoral Costa Dorada\"},\"description\":\"Litoral Costa Dorada es agencia especializada en el alquiler de casas y apartamentos para sus vacaciones. Disponemos del mayor portal de alojamientos tur\u00edsticos de la Costa Dorada con m\u00e1s de 350 propiedades de uso tur\u00edstico.\",\"sameAs\":[\"https:\/\/www.litoral.es\",\"https:\/\/www.facebook.com\/pages\/Litoral-Costa-Dorada\/461561627270721\",\"https:\/\/www.pinterest.com\/LitoralCD\/\",\"https:\/\/twitter.com\/https:\/\/twitter.com\/litoralcd\",\"https:\/\/www.youtube.com\/channel\/UCyCn2tx7stC0RuKHaY2QZTg\"]}]}<\/script>\n<!-- \/ Yoast SEO plugin. -->","yoast_head_json":{"title":"24h en T\u00e1rraco: Ruta Romana Tarragona 2017 - Litoral Costa Dorada","description":"Descubre el legado que el Imperio Romano en Tarragona . Sus monumentos, museos, plazas y rincones m\u00e1s importantes. Video y fotos de la Ruta Romana Tarragona","robots":{"index":"index","follow":"follow","max-snippet":"max-snippet:-1","max-image-preview":"max-image-preview:large","max-video-preview":"max-video-preview:-1"},"canonical":"https:\/\/www.litoral.es\/guia-de-vacaciones\/ruta-romana-tarragona\/","og_locale":"es_ES","og_type":"article","og_title":"24h en T\u00e1rraco: Ruta Romana Tarragona 2017 - Litoral Costa Dorada","og_description":"Descubre el legado que el Imperio Romano en Tarragona . Sus monumentos, museos, plazas y rincones m\u00e1s importantes. Video y fotos de la Ruta Romana Tarragona","og_url":"https:\/\/www.litoral.es\/guia-de-vacaciones\/ruta-romana-tarragona\/","og_site_name":"Litoral Costa Dorada Blog","article_publisher":"https:\/\/www.facebook.com\/pages\/Litoral-Costa-Dorada\/461561627270721","article_author":"https:\/\/www.facebook.com\/pages\/Litoral-Costa-Dorada\/461561627270721","article_published_time":"2019-05-21T06:34:53+00:00","article_modified_time":"2020-03-12T11:59:23+00:00","og_image":[{"width":1900,"height":713,"url":"https:\/\/www.litoral.es\/guia-de-vacaciones\/wp-content\/uploads\/2017\/05\/Circo-romana-en-Tarragona.jpg","type":"image\/jpeg"}],"author":"Litoral Costa Dorada","twitter_misc":{"Written by":"Litoral Costa Dorada","Est. reading time":"14 minutos"},"schema":{"@context":"https:\/\/schema.org","@graph":[{"@type":"Article","@id":"https:\/\/www.litoral.es\/guia-de-vacaciones\/ruta-romana-tarragona\/#article","isPartOf":{"@id":"https:\/\/www.litoral.es\/guia-de-vacaciones\/ruta-romana-tarragona\/"},"author":{"name":"Litoral Costa Dorada","@id":"https:\/\/www.litoral.es\/guia-de-vacaciones\/#\/schema\/person\/a34ce6348076c66da08f7311cac0ee52"},"headline":"24h en T\u00e1rraco: Descubre la ruta de la Tarragona Romana","datePublished":"2019-05-21T06:34:53+00:00","dateModified":"2020-03-12T11:59:23+00:00","mainEntityOfPage":{"@id":"https:\/\/www.litoral.es\/guia-de-vacaciones\/ruta-romana-tarragona\/"},"wordCount":2767,"publisher":{"@id":"https:\/\/www.litoral.es\/guia-de-vacaciones\/#organization"},"articleSection":["Con ni\u00f1os","Tarragona"],"inLanguage":"es"},{"@type":"WebPage","@id":"https:\/\/www.litoral.es\/guia-de-vacaciones\/ruta-romana-tarragona\/","url":"https:\/\/www.litoral.es\/guia-de-vacaciones\/ruta-romana-tarragona\/","name":"24h en T\u00e1rraco: Ruta Romana Tarragona 2017 - Litoral Costa Dorada","isPartOf":{"@id":"https:\/\/www.litoral.es\/guia-de-vacaciones\/#website"},"datePublished":"2019-05-21T06:34:53+00:00","dateModified":"2020-03-12T11:59:23+00:00","description":"Descubre el legado que el Imperio Romano en Tarragona . Sus monumentos, museos, plazas y rincones m\u00e1s importantes. Video y fotos de la Ruta Romana Tarragona","breadcrumb":{"@id":"https:\/\/www.litoral.es\/guia-de-vacaciones\/ruta-romana-tarragona\/#breadcrumb"},"inLanguage":"es","potentialAction":[{"@type":"ReadAction","target":["https:\/\/www.litoral.es\/guia-de-vacaciones\/ruta-romana-tarragona\/"]}]},{"@type":"BreadcrumbList","@id":"https:\/\/www.litoral.es\/guia-de-vacaciones\/ruta-romana-tarragona\/#breadcrumb","itemListElement":[{"@type":"ListItem","position":1,"name":"Home","item":"https:\/\/www.litoral.es\/guia-de-vacaciones\/"},{"@type":"ListItem","position":2,"name":"24h en T\u00e1rraco: Descubre la ruta de la Tarragona Romana"}]},{"@type":"WebSite","@id":"https:\/\/www.litoral.es\/guia-de-vacaciones\/#website","url":"https:\/\/www.litoral.es\/guia-de-vacaciones\/","name":"Litoral Costa Dorada Blog","description":"Alquiler y venta de alojamientos tur\u00edsticos en la Costa Dorada","publisher":{"@id":"https:\/\/www.litoral.es\/guia-de-vacaciones\/#organization"},"potentialAction":[{"@type":"SearchAction","target":{"@type":"EntryPoint","urlTemplate":"https:\/\/www.litoral.es\/guia-de-vacaciones\/?s={search_term_string}"},"query-input":"required name=search_term_string"}],"inLanguage":"es"},{"@type":"Organization","@id":"https:\/\/www.litoral.es\/guia-de-vacaciones\/#organization","name":"Litoral Costa Dorada Blog","url":"https:\/\/www.litoral.es\/guia-de-vacaciones\/","logo":{"@type":"ImageObject","inLanguage":"es","@id":"https:\/\/www.litoral.es\/guia-de-vacaciones\/#\/schema\/logo\/image\/","url":"https:\/\/www.litoral.es\/guia-de-vacaciones\/wp-content\/uploads\/2023\/11\/litoral_blog.png","contentUrl":"https:\/\/www.litoral.es\/guia-de-vacaciones\/wp-content\/uploads\/2023\/11\/litoral_blog.png","width":1254,"height":221,"caption":"Litoral Costa Dorada Blog"},"image":{"@id":"https:\/\/www.litoral.es\/guia-de-vacaciones\/#\/schema\/logo\/image\/"},"sameAs":["https:\/\/www.facebook.com\/pages\/Litoral-Costa-Dorada\/461561627270721"]},{"@type":"Person","@id":"https:\/\/www.litoral.es\/guia-de-vacaciones\/#\/schema\/person\/a34ce6348076c66da08f7311cac0ee52","name":"Litoral Costa Dorada","image":{"@type":"ImageObject","inLanguage":"es","@id":"https:\/\/www.litoral.es\/guia-de-vacaciones\/#\/schema\/person\/image\/","url":"https:\/\/secure.gravatar.com\/avatar\/16db451a066fe3cd2c6b5c6328d149ef?s=96&d=mm&r=g","contentUrl":"https:\/\/secure.gravatar.com\/avatar\/16db451a066fe3cd2c6b5c6328d149ef?s=96&d=mm&r=g","caption":"Litoral Costa Dorada"},"description":"Litoral Costa Dorada es agencia especializada en el alquiler de casas y apartamentos para sus vacaciones. Disponemos del mayor portal de alojamientos tur\u00edsticos de la Costa Dorada con m\u00e1s de 350 propiedades de uso tur\u00edstico.","sameAs":["https:\/\/www.litoral.es","https:\/\/www.facebook.com\/pages\/Litoral-Costa-Dorada\/461561627270721","https:\/\/www.pinterest.com\/LitoralCD\/","https:\/\/twitter.com\/https:\/\/twitter.com\/litoralcd","https:\/\/www.youtube.com\/channel\/UCyCn2tx7stC0RuKHaY2QZTg"]}]}},"_links":{"self":[{"href":"https:\/\/www.litoral.es\/guia-de-vacaciones\/wp-json\/wp\/v2\/posts\/5995"}],"collection":[{"href":"https:\/\/www.litoral.es\/guia-de-vacaciones\/wp-json\/wp\/v2\/posts"}],"about":[{"href":"https:\/\/www.litoral.es\/guia-de-vacaciones\/wp-json\/wp\/v2\/types\/post"}],"author":[{"embeddable":true,"href":"https:\/\/www.litoral.es\/guia-de-vacaciones\/wp-json\/wp\/v2\/users\/5"}],"replies":[{"embeddable":true,"href":"https:\/\/www.litoral.es\/guia-de-vacaciones\/wp-json\/wp\/v2\/comments?post=5995"}],"version-history":[{"count":69,"href":"https:\/\/www.litoral.es\/guia-de-vacaciones\/wp-json\/wp\/v2\/posts\/5995\/revisions"}],"predecessor-version":[{"id":7278,"href":"https:\/\/www.litoral.es\/guia-de-vacaciones\/wp-json\/wp\/v2\/posts\/5995\/revisions\/7278"}],"wp:featuredmedia":[{"embeddable":true,"href":"https:\/\/www.litoral.es\/guia-de-vacaciones\/wp-json\/wp\/v2\/media\/6065"}],"wp:attachment":[{"href":"https:\/\/www.litoral.es\/guia-de-vacaciones\/wp-json\/wp\/v2\/media?parent=5995"}],"wp:term":[{"taxonomy":"category","embeddable":true,"href":"https:\/\/www.litoral.es\/guia-de-vacaciones\/wp-json\/wp\/v2\/categories?post=5995"},{"taxonomy":"post_tag","embeddable":true,"href":"https:\/\/www.litoral.es\/guia-de-vacaciones\/wp-json\/wp\/v2\/tags?post=5995"}],"curies":[{"name":"wp","href":"https:\/\/api.w.org\/{rel}","templated":true}]}}