{"id":6147,"date":"2017-05-24T09:41:47","date_gmt":"2017-05-24T07:41:47","guid":{"rendered":"https:\/\/www.litoral.es\/guia-de-vacaciones\/?p=6147"},"modified":"2017-10-15T18:03:51","modified_gmt":"2017-10-15T16:03:51","slug":"barranquismo-la-costa-dorada","status":"publish","type":"post","link":"https:\/\/www.litoral.es\/guia-de-vacaciones\/barranquismo-la-costa-dorada\/","title":{"rendered":"Barranquismo en la Costa Dorada"},"content":{"rendered":"<p>Antes de hablar sobre el barranquismo en la costa dorada, vamos a ver <strong>qu\u00e9 es este deporte de aventura<\/strong>, qu\u00e9 materiales necesitas para desarrollarlo y cuales son las mejores rutas en la costa dorada.<\/p>\n<h2 style=\"text-align: left;\"><strong>\u00bfQu\u00e9 es el barranquismo?<\/strong><\/h2>\n<p><span style=\"font-weight: 400;\">El barranquismo es <em><strong>uno de los deportes que m\u00e1s entran en contacto con la naturaleza<\/strong>.<\/em> Consiste en recorrer una ruta donde la principal actividad es el descenso de barrancos y ca\u00f1ones. Dependiendo del grado de dificultad que tenga la ruta que hayamos elegido, los obst\u00e1culos ser\u00e1n m\u00e1s o menos dif\u00edciles. <\/span><\/p>\n<p><span style=\"font-weight: 400;\">Para practicar barranquismo no hace falta experiencia previa, pero s\u00ed mucha motivaci\u00f3n y un buen estado f\u00edsico. Incluso los ni\u00f1os pueden hacerlo. Es de primordial importancia que el barranquismo se realice con un gu\u00eda especializado. Es importante puesto que hay que superar los obst\u00e1culos de la manera m\u00e1s \u00f3ptima y segura. <\/span><\/p>\n<p><span style=\"font-weight: 400;\">Estamos en la mejor \u00e9poca para practicar este deporte. Sus <strong>mejores meses van desde marzo hasta octubre.<\/strong> Esto se debe a que en muchas rutas es probable que tengamos que saltar al agua y nadar, ya que incluyen cuevas, estanques, r\u00edos, etc. Y aunque no fuera necesario nadar, puede que mojarse s\u00ed sea probable. <\/span><\/p>\n<p><span style=\"font-weight: 400;\">Durante el recorrido de la ruta del barranquismo, <strong>podremos caminar, trepar, descender, practicar r\u00e1pel (descenso con cuerda), usar una tirolina, nadar, saltar, etc.<\/strong> <\/span><\/p>\n<p><span style=\"font-weight: 400;\">Se trata de un deporte en equipo, puesto que muchos de los retos es necesario llevarlos a cabo en grupo. Es una gran experiencia que ayuda a superarse a s\u00ed mismo, mejorar nuestra condici\u00f3n f\u00edsica, <strong>aprender a trabajar en equipo<\/strong> y conocer lugares preciosos. Sin duda el barranquismo est\u00e1 dedicado a aquellos amantes de la naturaleza, de los retos y de los deportes sin necesidad de un ganador. <\/span><\/p>\n<p>&nbsp;<\/p>\n<p><img loading=\"lazy\" decoding=\"async\" class=\"aligncenter size-full wp-image-6161\" src=\"https:\/\/www.litoral.es\/guia-de-vacaciones\/wp-content\/uploads\/2017\/05\/Barranquismo-en-Costa-Dorada.jpg\" alt=\"Barranquismo en la Costa Dorada\" width=\"1600\" height=\"1068\" srcset=\"https:\/\/www.litoral.es\/guia-de-vacaciones\/wp-content\/uploads\/2017\/05\/Barranquismo-en-Costa-Dorada.jpg 1600w, https:\/\/www.litoral.es\/guia-de-vacaciones\/wp-content\/uploads\/2017\/05\/Barranquismo-en-Costa-Dorada-250x167.jpg 250w, https:\/\/www.litoral.es\/guia-de-vacaciones\/wp-content\/uploads\/2017\/05\/Barranquismo-en-Costa-Dorada-768x513.jpg 768w, https:\/\/www.litoral.es\/guia-de-vacaciones\/wp-content\/uploads\/2017\/05\/Barranquismo-en-Costa-Dorada-1200x801.jpg 1200w, https:\/\/www.litoral.es\/guia-de-vacaciones\/wp-content\/uploads\/2017\/05\/Barranquismo-en-Costa-Dorada-500x334.jpg 500w, https:\/\/www.litoral.es\/guia-de-vacaciones\/wp-content\/uploads\/2017\/05\/Barranquismo-en-Costa-Dorada-300x200.jpg 300w, https:\/\/www.litoral.es\/guia-de-vacaciones\/wp-content\/uploads\/2017\/05\/Barranquismo-en-Costa-Dorada-750x501.jpg 750w, https:\/\/www.litoral.es\/guia-de-vacaciones\/wp-content\/uploads\/2017\/05\/Barranquismo-en-Costa-Dorada-380x254.jpg 380w, https:\/\/www.litoral.es\/guia-de-vacaciones\/wp-content\/uploads\/2017\/05\/Barranquismo-en-Costa-Dorada-310x207.jpg 310w, https:\/\/www.litoral.es\/guia-de-vacaciones\/wp-content\/uploads\/2017\/05\/Barranquismo-en-Costa-Dorada-360x240.jpg 360w, https:\/\/www.litoral.es\/guia-de-vacaciones\/wp-content\/uploads\/2017\/05\/Barranquismo-en-Costa-Dorada-260x174.jpg 260w\" sizes=\"(max-width: 1600px) 100vw, 1600px\" \/><\/p>\n<h2 style=\"text-align: left;\"><strong>Material del barranquismo<\/strong><\/h2>\n<p><span style=\"font-weight: 400;\">Debido a los descensos, saltos y dem\u00e1s accidentes geogr\u00e1ficos que debemos superar, ser\u00e1 necesario un material de protecci\u00f3n. Dependiendo de la ruta y de los retos que tengamos que superar, ser\u00e1n necesarios unos u otros materiales. <\/span><\/p>\n<p><span style=\"font-weight: 400;\">En cualquiera de los casos, <strong><em>el casco, el traje de neopreno y el calzado adecuado ser\u00e1 necesario siempre<\/em><\/strong>. Adem\u00e1s claro de un silbato de emergencia y una mochila con suficiente agua para no deshidratarnos y comida por si sufrimos una bajada de tensi\u00f3n.<\/span><\/p>\n<p><span style=\"font-weight: 400;\">En aquellas rutas m\u00e1s avanzadas necesitaremos cabos o bagas de<strong> anclaje, un descensor, bloqueadores mec\u00e1nicos, pedal, mosquetones HMS o de pera, cinta express y navaja por si fuera necesario cortar algo.<\/strong><\/span><\/p>\n<p>&nbsp;<\/p>\n<h2 style=\"text-align: left;\"><strong>Rutas de barranquismo en Catalu\u00f1a<\/strong><\/h2>\n<p><span style=\"font-weight: 400;\">En Catalu\u00f1a encontramos rutas muy interesantes, y muchas de ellas muy dif\u00edciles tambi\u00e9n. Sin embargo, hay alguna que otra m\u00e1s f\u00e1cil que podemos realizar si no estamos preparados para una ruta m\u00e1s avanzada. <\/span><\/p>\n<p>&nbsp;<\/p>\n<ul>\n<li>\n<h3 style=\"text-align: left;\"><strong>Barranc de la Font de la Bordonera (f\u00e1cil)<\/strong><\/h3>\n<\/li>\n<\/ul>\n<p><span style=\"font-weight: 400;\">Para comenzar la ruta tenemos que ir a la<strong> poblaci\u00f3n de Organy\u00e0<\/strong>. Durante la ruta encontraremos descensos muy f\u00e1ciles, r\u00e1peles de unos 15m, algunos que otros toboganes, estanques, etc. Se trata de una<strong> ruta light de unos 8,69 km.<\/strong> <\/span><\/p>\n<ul>\n<li style=\"font-weight: 400;\">\n<h3 style=\"text-align: left;\"><strong>Barranco Rasa de Tentellatge (moderado)<\/strong><\/h3>\n<\/li>\n<\/ul>\n<p><span style=\"font-weight: 400;\">Es un <strong>recorrido de 5,56 km.<\/strong> Aunque sea m\u00e1s corto que la ruta anterior, los obst\u00e1culos son m\u00e1s dif\u00edciles de superar. El r\u00e1pe<strong>l m\u00e1s largo es de unos 17 km. Comienza cerca de Cambrils.<\/strong><\/span><\/p>\n<p>&nbsp;<\/p>\n<ul>\n<li style=\"font-weight: 400;\">\n<h3 style=\"text-align: left;\"><strong>Torrent de la Corva (dif\u00edcil)<\/strong><\/h3>\n<\/li>\n<\/ul>\n<p><span style=\"font-weight: 400;\">Para hacer esta ruta <strong>debemos ir hasta Bruguera.<\/strong> Es un recorrido de unos <strong>4,47 km.<\/strong> Una ruta bastante dif\u00edcil, con<strong> r\u00e1peles de hasta 28 metros<\/strong>. Es necesario ir con un experto para no correr peligro durante los descensos. <\/span><\/p>\n<p><span style=\"font-weight: 400;\">Que, aunque sea m\u00e1s corto que los otros tramos, es necesario m\u00e1s tiempo para descender debido a la altura y dificultad del r\u00e1pel. <\/span><\/p>\n<p><span style=\"font-weight: 400;\"><strong>Estas son alguna de las rutas que te puedes encontrar en Catalu\u00f1a<\/strong>. Se recomienda no forzarse a hacer un recorrido si creemos que no estamos preparados para ello. Si es nuestra primera vez con este deporte, es mejor comenzar por un barranquismo f\u00e1cil y comprobar hasta d\u00f3nde podr\u00edamos llegar.<\/span><\/p>\n<p>&nbsp;<\/p>\n<p><img loading=\"lazy\" decoding=\"async\" class=\"aligncenter size-full wp-image-6162\" src=\"https:\/\/www.litoral.es\/guia-de-vacaciones\/wp-content\/uploads\/2017\/05\/Barrancos-en-la-costa-dorada.jpg\" alt=\"barrancos-en-la-costa-dorada\" width=\"1600\" height=\"1068\" srcset=\"https:\/\/www.litoral.es\/guia-de-vacaciones\/wp-content\/uploads\/2017\/05\/Barrancos-en-la-costa-dorada.jpg 1600w, https:\/\/www.litoral.es\/guia-de-vacaciones\/wp-content\/uploads\/2017\/05\/Barrancos-en-la-costa-dorada-250x167.jpg 250w, https:\/\/www.litoral.es\/guia-de-vacaciones\/wp-content\/uploads\/2017\/05\/Barrancos-en-la-costa-dorada-768x513.jpg 768w, https:\/\/www.litoral.es\/guia-de-vacaciones\/wp-content\/uploads\/2017\/05\/Barrancos-en-la-costa-dorada-1200x801.jpg 1200w, https:\/\/www.litoral.es\/guia-de-vacaciones\/wp-content\/uploads\/2017\/05\/Barrancos-en-la-costa-dorada-500x334.jpg 500w, https:\/\/www.litoral.es\/guia-de-vacaciones\/wp-content\/uploads\/2017\/05\/Barrancos-en-la-costa-dorada-300x200.jpg 300w, https:\/\/www.litoral.es\/guia-de-vacaciones\/wp-content\/uploads\/2017\/05\/Barrancos-en-la-costa-dorada-750x501.jpg 750w, https:\/\/www.litoral.es\/guia-de-vacaciones\/wp-content\/uploads\/2017\/05\/Barrancos-en-la-costa-dorada-380x254.jpg 380w, https:\/\/www.litoral.es\/guia-de-vacaciones\/wp-content\/uploads\/2017\/05\/Barrancos-en-la-costa-dorada-310x207.jpg 310w, https:\/\/www.litoral.es\/guia-de-vacaciones\/wp-content\/uploads\/2017\/05\/Barrancos-en-la-costa-dorada-360x240.jpg 360w, https:\/\/www.litoral.es\/guia-de-vacaciones\/wp-content\/uploads\/2017\/05\/Barrancos-en-la-costa-dorada-260x174.jpg 260w\" sizes=\"(max-width: 1600px) 100vw, 1600px\" \/><\/p>\n<p>&nbsp;<\/p>\n<h2><strong>Barranquismo en toda Espa\u00f1a<\/strong><\/h2>\n<p><span style=\"font-weight: 400;\">No es complicado encontrar <strong>rutas de barranquismo en cualquier comunidad aut\u00f3noma de Espa\u00f1a<\/strong>. Gracias a los accidentes geogr\u00e1ficos de los que disponemos, los recorridos son muy variados y numerosos..<\/span><\/p>\n<p>En Andaluc\u00eda encontramos una de las rutas de barranquismo m\u00e1s famosas y favoritas por los paisajes que ofrece. El <a title=\"barranquismo rio verde\" href=\"https:\/\/nevadactiva.com\/barranquismo-rio-verde\/\" target=\"_blank\" rel=\"noopener noreferrer\">barranquismo en R\u00edo Verde<\/a>, situado en la provincia de Granada, es uno de los favoritos por los practicantes de este deporte. Las modalidades de hacerla son muy f\u00e1ciles, y es una gran experiencia que muchos grupos de amigos disfrutan.<\/p>\n<p>Si deseas tener un listado de lugares en Espa\u00f1a para realizar barranquismo puedes verlo pinchando en el <a href=\"https:\/\/es.wikipedia.org\/wiki\/Barranquismo\" target=\"_blank\" rel=\"noopener noreferrer\">art\u00edculo sobre barranquismo de la wikipedia.<\/a><\/p>\n<p>&nbsp;<\/p>\n<p><img loading=\"lazy\" decoding=\"async\" class=\"aligncenter size-full wp-image-6148\" src=\"https:\/\/www.litoral.es\/guia-de-vacaciones\/wp-content\/uploads\/2017\/05\/barranquismo-2.jpg\" alt=\"barranquismo-2\" width=\"750\" height=\"574\" srcset=\"https:\/\/www.litoral.es\/guia-de-vacaciones\/wp-content\/uploads\/2017\/05\/barranquismo-2.jpg 750w, https:\/\/www.litoral.es\/guia-de-vacaciones\/wp-content\/uploads\/2017\/05\/barranquismo-2-250x191.jpg 250w, https:\/\/www.litoral.es\/guia-de-vacaciones\/wp-content\/uploads\/2017\/05\/barranquismo-2-500x383.jpg 500w, https:\/\/www.litoral.es\/guia-de-vacaciones\/wp-content\/uploads\/2017\/05\/barranquismo-2-300x230.jpg 300w, https:\/\/www.litoral.es\/guia-de-vacaciones\/wp-content\/uploads\/2017\/05\/barranquismo-2-380x291.jpg 380w, https:\/\/www.litoral.es\/guia-de-vacaciones\/wp-content\/uploads\/2017\/05\/barranquismo-2-310x237.jpg 310w, https:\/\/www.litoral.es\/guia-de-vacaciones\/wp-content\/uploads\/2017\/05\/barranquismo-2-360x276.jpg 360w, https:\/\/www.litoral.es\/guia-de-vacaciones\/wp-content\/uploads\/2017\/05\/barranquismo-2-90x70.jpg 90w, https:\/\/www.litoral.es\/guia-de-vacaciones\/wp-content\/uploads\/2017\/05\/barranquismo-2-260x199.jpg 260w\" sizes=\"(max-width: 750px) 100vw, 750px\" \/><\/p>\n<p><span style=\"border-radius: 2px; text-indent: 20px; width: auto; padding: 0px 4px 0px 0px; text-align: center; font: bold 11px\/20px 'Helvetica Neue',Helvetica,sans-serif; color: #ffffff; background: #bd081c  no-repeat scroll 3px 50% \/ 14px 14px; position: absolute; opacity: 1; z-index: 8675309; display: none; cursor: pointer;\">Guardar<\/span><\/p>\n<p><span style=\"border-radius: 2px; text-indent: 20px; width: auto; padding: 0px 4px 0px 0px; text-align: center; font: bold 11px\/20px 'Helvetica Neue',Helvetica,sans-serif; color: #ffffff; background: #bd081c  no-repeat scroll 3px 50% \/ 14px 14px; position: absolute; opacity: 1; z-index: 8675309; display: none; cursor: pointer; top: 2206px; left: 58px;\">Guardar<\/span><\/p>\n<p><span style=\"border-radius: 2px; text-indent: 20px; width: auto; padding: 0px 4px 0px 0px; text-align: center; font: bold 11px\/20px 'Helvetica Neue',Helvetica,sans-serif; color: #ffffff; background: #bd081c  no-repeat scroll 3px 50% \/ 14px 14px; position: absolute; opacity: 1; z-index: 8675309; display: none; cursor: pointer;\">Guardar<\/span><\/p>\n<p><span style=\"border-radius: 2px; text-indent: 20px; width: auto; padding: 0px 4px 0px 0px; text-align: center; font: bold 11px\/20px 'Helvetica Neue',Helvetica,sans-serif; color: #ffffff; background: #bd081c  no-repeat scroll 3px 50% \/ 14px 14px; position: absolute; opacity: 1; z-index: 8675309; display: none; cursor: pointer; top: 2206px; left: 58px;\">Guardar<\/span><\/p>\n<p><span style=\"border-radius: 2px; text-indent: 20px; width: auto; padding: 0px 4px 0px 0px; text-align: center; font: bold 11px\/20px 'Helvetica Neue',Helvetica,sans-serif; color: #ffffff; background: #bd081c  no-repeat scroll 3px 50% \/ 14px 14px; position: absolute; opacity: 1; z-index: 8675309; display: none; cursor: pointer; top: 668px; left: 49px;\">Guardar<\/span><\/p>\n<p><span style=\"border-radius: 2px; text-indent: 20px; width: auto; padding: 0px 4px 0px 0px; text-align: center; font: bold 11px\/20px 'Helvetica Neue',Helvetica,sans-serif; color: #ffffff; background: #bd081c  no-repeat scroll 3px 50% \/ 14px 14px; position: absolute; opacity: 1; z-index: 8675309; display: none; cursor: pointer; top: 668px; left: 133px;\">Guardar<\/span><\/p>\n<p><span style=\"border-radius: 2px; text-indent: 20px; width: auto; padding: 0px 4px 0px 0px; text-align: center; font: bold 11px\/20px 'Helvetica Neue',Helvetica,sans-serif; color: #ffffff; background: #bd081c  no-repeat scroll 3px 50% \/ 14px 14px; position: absolute; opacity: 1; z-index: 8675309; display: none; cursor: pointer; top: 3228px; left: 58px;\">Guardar<\/span><\/p>\n<p><span style=\"border-radius: 2px; text-indent: 20px; width: auto; padding: 0px 4px 0px 0px; text-align: center; font: bold 11px\/20px 'Helvetica Neue',Helvetica,sans-serif; color: #ffffff; background: #bd081c  no-repeat scroll 3px 50% \/ 14px 14px; position: absolute; opacity: 1; z-index: 8675309; display: none; cursor: pointer; top: 640px; left: 20px;\">Guardar<\/span><\/p>\n","protected":false},"excerpt":{"rendered":"<p>Antes de hablar sobre el barranquismo en la costa dorada, vamos a ver qu\u00e9 es este deporte de aventura, qu\u00e9 materiales necesitas para desarrollarlo y cuales son las mejores rutas en la costa dorada. \u00bfQu\u00e9 es el barranquismo? El barranquismo es uno de los deportes que m\u00e1s entran en contacto con la naturaleza. Consiste en [&#8230;]<\/p>\n<p><a class=\"understrap-read-more-link btn btn-outline-dark btn-sm\" href=\"https:\/\/www.litoral.es\/guia-de-vacaciones\/barranquismo-la-costa-dorada\/\">Continue Reading&#8230;<\/a><\/p>\n","protected":false},"author":3,"featured_media":6156,"comment_status":"open","ping_status":"open","sticky":false,"template":"","format":"image","meta":{"footnotes":""},"categories":[204,205],"tags":[],"yoast_head":"<!-- This site is optimized with the Yoast SEO plugin v20.2.1 - https:\/\/yoast.com\/wordpress\/plugins\/seo\/ -->\n<title>Barranquismo en la Costa Dorada | Litoral Costa Dorada Blog<\/title>\n<meta name=\"description\" content=\"Barranquismo en la Costa Dorada. Informaci\u00f3n de inter\u00e9s para su viaje o vacaciones a la Costa Dorada\" \/>\n<meta name=\"robots\" content=\"index, follow, max-snippet:-1, max-image-preview:large, max-video-preview:-1\" \/>\n<link rel=\"canonical\" href=\"https:\/\/www.litoral.es\/guia-de-vacaciones\/barranquismo-la-costa-dorada\/\" \/>\n<meta property=\"og:locale\" content=\"es_ES\" \/>\n<meta property=\"og:type\" content=\"article\" \/>\n<meta property=\"og:title\" content=\"Barranquismo en la Costa Dorada | Litoral Costa Dorada Blog\" \/>\n<meta property=\"og:description\" content=\"Barranquismo en la Costa Dorada. Informaci\u00f3n de inter\u00e9s para su viaje o vacaciones a la Costa Dorada\" \/>\n<meta property=\"og:url\" content=\"https:\/\/www.litoral.es\/guia-de-vacaciones\/barranquismo-la-costa-dorada\/\" \/>\n<meta property=\"og:site_name\" content=\"Litoral Costa Dorada Blog\" \/>\n<meta property=\"article:publisher\" content=\"https:\/\/www.facebook.com\/pages\/Litoral-Costa-Dorada\/461561627270721\" \/>\n<meta property=\"article:published_time\" content=\"2017-05-24T07:41:47+00:00\" \/>\n<meta property=\"article:modified_time\" content=\"2017-10-15T16:03:51+00:00\" \/>\n<meta property=\"og:image\" content=\"https:\/\/www.litoral.es\/guia-de-vacaciones\/wp-content\/uploads\/2017\/05\/Barranquismo-costa-dorada.jpg\" \/>\n\t<meta property=\"og:image:width\" content=\"1600\" \/>\n\t<meta property=\"og:image:height\" content=\"600\" \/>\n\t<meta property=\"og:image:type\" content=\"image\/jpeg\" \/>\n<meta name=\"author\" content=\"Sonia Gonzalez\" \/>\n<meta name=\"twitter:label1\" content=\"Written by\" \/>\n\t<meta name=\"twitter:data1\" content=\"Sonia Gonzalez\" \/>\n\t<meta name=\"twitter:label2\" content=\"Est. reading time\" \/>\n\t<meta name=\"twitter:data2\" content=\"4 minutos\" \/>\n<script type=\"application\/ld+json\" class=\"yoast-schema-graph\">{\"@context\":\"https:\/\/schema.org\",\"@graph\":[{\"@type\":\"Article\",\"@id\":\"https:\/\/www.litoral.es\/guia-de-vacaciones\/barranquismo-la-costa-dorada\/#article\",\"isPartOf\":{\"@id\":\"https:\/\/www.litoral.es\/guia-de-vacaciones\/barranquismo-la-costa-dorada\/\"},\"author\":{\"name\":\"Sonia Gonzalez\",\"@id\":\"https:\/\/www.litoral.es\/guia-de-vacaciones\/#\/schema\/person\/d0afa04756ae3fa5e7a2d6a91003cd38\"},\"headline\":\"Barranquismo en la Costa Dorada\",\"datePublished\":\"2017-05-24T07:41:47+00:00\",\"dateModified\":\"2017-10-15T16:03:51+00:00\",\"mainEntityOfPage\":{\"@id\":\"https:\/\/www.litoral.es\/guia-de-vacaciones\/barranquismo-la-costa-dorada\/\"},\"wordCount\":826,\"commentCount\":0,\"publisher\":{\"@id\":\"https:\/\/www.litoral.es\/guia-de-vacaciones\/#organization\"},\"articleSection\":[\"Aventura\",\"Con ni\u00f1os\"],\"inLanguage\":\"es\"},{\"@type\":\"WebPage\",\"@id\":\"https:\/\/www.litoral.es\/guia-de-vacaciones\/barranquismo-la-costa-dorada\/\",\"url\":\"https:\/\/www.litoral.es\/guia-de-vacaciones\/barranquismo-la-costa-dorada\/\",\"name\":\"Barranquismo en la Costa Dorada | Litoral Costa Dorada Blog\",\"isPartOf\":{\"@id\":\"https:\/\/www.litoral.es\/guia-de-vacaciones\/#website\"},\"datePublished\":\"2017-05-24T07:41:47+00:00\",\"dateModified\":\"2017-10-15T16:03:51+00:00\",\"description\":\"Barranquismo en la Costa Dorada. Informaci\u00f3n de inter\u00e9s para su viaje o vacaciones a la Costa Dorada\",\"breadcrumb\":{\"@id\":\"https:\/\/www.litoral.es\/guia-de-vacaciones\/barranquismo-la-costa-dorada\/#breadcrumb\"},\"inLanguage\":\"es\",\"potentialAction\":[{\"@type\":\"ReadAction\",\"target\":[\"https:\/\/www.litoral.es\/guia-de-vacaciones\/barranquismo-la-costa-dorada\/\"]}]},{\"@type\":\"BreadcrumbList\",\"@id\":\"https:\/\/www.litoral.es\/guia-de-vacaciones\/barranquismo-la-costa-dorada\/#breadcrumb\",\"itemListElement\":[{\"@type\":\"ListItem\",\"position\":1,\"name\":\"Home\",\"item\":\"https:\/\/www.litoral.es\/guia-de-vacaciones\/\"},{\"@type\":\"ListItem\",\"position\":2,\"name\":\"Barranquismo en la Costa Dorada\"}]},{\"@type\":\"WebSite\",\"@id\":\"https:\/\/www.litoral.es\/guia-de-vacaciones\/#website\",\"url\":\"https:\/\/www.litoral.es\/guia-de-vacaciones\/\",\"name\":\"Litoral Costa Dorada Blog\",\"description\":\"Alquiler y venta de alojamientos tur\u00edsticos en la Costa Dorada\",\"publisher\":{\"@id\":\"https:\/\/www.litoral.es\/guia-de-vacaciones\/#organization\"},\"potentialAction\":[{\"@type\":\"SearchAction\",\"target\":{\"@type\":\"EntryPoint\",\"urlTemplate\":\"https:\/\/www.litoral.es\/guia-de-vacaciones\/?s={search_term_string}\"},\"query-input\":\"required name=search_term_string\"}],\"inLanguage\":\"es\"},{\"@type\":\"Organization\",\"@id\":\"https:\/\/www.litoral.es\/guia-de-vacaciones\/#organization\",\"name\":\"Litoral Costa Dorada Blog\",\"url\":\"https:\/\/www.litoral.es\/guia-de-vacaciones\/\",\"logo\":{\"@type\":\"ImageObject\",\"inLanguage\":\"es\",\"@id\":\"https:\/\/www.litoral.es\/guia-de-vacaciones\/#\/schema\/logo\/image\/\",\"url\":\"https:\/\/www.litoral.es\/guia-de-vacaciones\/wp-content\/uploads\/2023\/11\/litoral_blog.png\",\"contentUrl\":\"https:\/\/www.litoral.es\/guia-de-vacaciones\/wp-content\/uploads\/2023\/11\/litoral_blog.png\",\"width\":1254,\"height\":221,\"caption\":\"Litoral Costa Dorada Blog\"},\"image\":{\"@id\":\"https:\/\/www.litoral.es\/guia-de-vacaciones\/#\/schema\/logo\/image\/\"},\"sameAs\":[\"https:\/\/www.facebook.com\/pages\/Litoral-Costa-Dorada\/461561627270721\"]},{\"@type\":\"Person\",\"@id\":\"https:\/\/www.litoral.es\/guia-de-vacaciones\/#\/schema\/person\/d0afa04756ae3fa5e7a2d6a91003cd38\",\"name\":\"Sonia Gonzalez\",\"image\":{\"@type\":\"ImageObject\",\"inLanguage\":\"es\",\"@id\":\"https:\/\/www.litoral.es\/guia-de-vacaciones\/#\/schema\/person\/image\/\",\"url\":\"https:\/\/secure.gravatar.com\/avatar\/8783ab6255cf09e64ea7ac21e046fe55?s=96&d=mm&r=g\",\"contentUrl\":\"https:\/\/secure.gravatar.com\/avatar\/8783ab6255cf09e64ea7ac21e046fe55?s=96&d=mm&r=g\",\"caption\":\"Sonia Gonzalez\"},\"description\":\"Mi nombre es Sonia Gonzalez, vivo en Cambrils y soy diplomada en turismo. Mis grandes pasiones son la lectura y los viajes alrededor del mundo, conociendo y aprendiendo de sus gentes, sus costumbres y tradiciones.\"}]}<\/script>\n<!-- \/ Yoast SEO plugin. -->","yoast_head_json":{"title":"Barranquismo en la Costa Dorada | Litoral Costa Dorada Blog","description":"Barranquismo en la Costa Dorada. Informaci\u00f3n de inter\u00e9s para su viaje o vacaciones a la Costa Dorada","robots":{"index":"index","follow":"follow","max-snippet":"max-snippet:-1","max-image-preview":"max-image-preview:large","max-video-preview":"max-video-preview:-1"},"canonical":"https:\/\/www.litoral.es\/guia-de-vacaciones\/barranquismo-la-costa-dorada\/","og_locale":"es_ES","og_type":"article","og_title":"Barranquismo en la Costa Dorada | Litoral Costa Dorada Blog","og_description":"Barranquismo en la Costa Dorada. Informaci\u00f3n de inter\u00e9s para su viaje o vacaciones a la Costa Dorada","og_url":"https:\/\/www.litoral.es\/guia-de-vacaciones\/barranquismo-la-costa-dorada\/","og_site_name":"Litoral Costa Dorada Blog","article_publisher":"https:\/\/www.facebook.com\/pages\/Litoral-Costa-Dorada\/461561627270721","article_published_time":"2017-05-24T07:41:47+00:00","article_modified_time":"2017-10-15T16:03:51+00:00","og_image":[{"width":1600,"height":600,"url":"https:\/\/www.litoral.es\/guia-de-vacaciones\/wp-content\/uploads\/2017\/05\/Barranquismo-costa-dorada.jpg","type":"image\/jpeg"}],"author":"Sonia Gonzalez","twitter_misc":{"Written by":"Sonia Gonzalez","Est. reading time":"4 minutos"},"schema":{"@context":"https:\/\/schema.org","@graph":[{"@type":"Article","@id":"https:\/\/www.litoral.es\/guia-de-vacaciones\/barranquismo-la-costa-dorada\/#article","isPartOf":{"@id":"https:\/\/www.litoral.es\/guia-de-vacaciones\/barranquismo-la-costa-dorada\/"},"author":{"name":"Sonia Gonzalez","@id":"https:\/\/www.litoral.es\/guia-de-vacaciones\/#\/schema\/person\/d0afa04756ae3fa5e7a2d6a91003cd38"},"headline":"Barranquismo en la Costa Dorada","datePublished":"2017-05-24T07:41:47+00:00","dateModified":"2017-10-15T16:03:51+00:00","mainEntityOfPage":{"@id":"https:\/\/www.litoral.es\/guia-de-vacaciones\/barranquismo-la-costa-dorada\/"},"wordCount":826,"commentCount":0,"publisher":{"@id":"https:\/\/www.litoral.es\/guia-de-vacaciones\/#organization"},"articleSection":["Aventura","Con ni\u00f1os"],"inLanguage":"es"},{"@type":"WebPage","@id":"https:\/\/www.litoral.es\/guia-de-vacaciones\/barranquismo-la-costa-dorada\/","url":"https:\/\/www.litoral.es\/guia-de-vacaciones\/barranquismo-la-costa-dorada\/","name":"Barranquismo en la Costa Dorada | Litoral Costa Dorada Blog","isPartOf":{"@id":"https:\/\/www.litoral.es\/guia-de-vacaciones\/#website"},"datePublished":"2017-05-24T07:41:47+00:00","dateModified":"2017-10-15T16:03:51+00:00","description":"Barranquismo en la Costa Dorada. Informaci\u00f3n de inter\u00e9s para su viaje o vacaciones a la Costa Dorada","breadcrumb":{"@id":"https:\/\/www.litoral.es\/guia-de-vacaciones\/barranquismo-la-costa-dorada\/#breadcrumb"},"inLanguage":"es","potentialAction":[{"@type":"ReadAction","target":["https:\/\/www.litoral.es\/guia-de-vacaciones\/barranquismo-la-costa-dorada\/"]}]},{"@type":"BreadcrumbList","@id":"https:\/\/www.litoral.es\/guia-de-vacaciones\/barranquismo-la-costa-dorada\/#breadcrumb","itemListElement":[{"@type":"ListItem","position":1,"name":"Home","item":"https:\/\/www.litoral.es\/guia-de-vacaciones\/"},{"@type":"ListItem","position":2,"name":"Barranquismo en la Costa Dorada"}]},{"@type":"WebSite","@id":"https:\/\/www.litoral.es\/guia-de-vacaciones\/#website","url":"https:\/\/www.litoral.es\/guia-de-vacaciones\/","name":"Litoral Costa Dorada Blog","description":"Alquiler y venta de alojamientos tur\u00edsticos en la Costa Dorada","publisher":{"@id":"https:\/\/www.litoral.es\/guia-de-vacaciones\/#organization"},"potentialAction":[{"@type":"SearchAction","target":{"@type":"EntryPoint","urlTemplate":"https:\/\/www.litoral.es\/guia-de-vacaciones\/?s={search_term_string}"},"query-input":"required name=search_term_string"}],"inLanguage":"es"},{"@type":"Organization","@id":"https:\/\/www.litoral.es\/guia-de-vacaciones\/#organization","name":"Litoral Costa Dorada Blog","url":"https:\/\/www.litoral.es\/guia-de-vacaciones\/","logo":{"@type":"ImageObject","inLanguage":"es","@id":"https:\/\/www.litoral.es\/guia-de-vacaciones\/#\/schema\/logo\/image\/","url":"https:\/\/www.litoral.es\/guia-de-vacaciones\/wp-content\/uploads\/2023\/11\/litoral_blog.png","contentUrl":"https:\/\/www.litoral.es\/guia-de-vacaciones\/wp-content\/uploads\/2023\/11\/litoral_blog.png","width":1254,"height":221,"caption":"Litoral Costa Dorada Blog"},"image":{"@id":"https:\/\/www.litoral.es\/guia-de-vacaciones\/#\/schema\/logo\/image\/"},"sameAs":["https:\/\/www.facebook.com\/pages\/Litoral-Costa-Dorada\/461561627270721"]},{"@type":"Person","@id":"https:\/\/www.litoral.es\/guia-de-vacaciones\/#\/schema\/person\/d0afa04756ae3fa5e7a2d6a91003cd38","name":"Sonia Gonzalez","image":{"@type":"ImageObject","inLanguage":"es","@id":"https:\/\/www.litoral.es\/guia-de-vacaciones\/#\/schema\/person\/image\/","url":"https:\/\/secure.gravatar.com\/avatar\/8783ab6255cf09e64ea7ac21e046fe55?s=96&d=mm&r=g","contentUrl":"https:\/\/secure.gravatar.com\/avatar\/8783ab6255cf09e64ea7ac21e046fe55?s=96&d=mm&r=g","caption":"Sonia Gonzalez"},"description":"Mi nombre es Sonia Gonzalez, vivo en Cambrils y soy diplomada en turismo. Mis grandes pasiones son la lectura y los viajes alrededor del mundo, conociendo y aprendiendo de sus gentes, sus costumbres y tradiciones."}]}},"_links":{"self":[{"href":"https:\/\/www.litoral.es\/guia-de-vacaciones\/wp-json\/wp\/v2\/posts\/6147"}],"collection":[{"href":"https:\/\/www.litoral.es\/guia-de-vacaciones\/wp-json\/wp\/v2\/posts"}],"about":[{"href":"https:\/\/www.litoral.es\/guia-de-vacaciones\/wp-json\/wp\/v2\/types\/post"}],"author":[{"embeddable":true,"href":"https:\/\/www.litoral.es\/guia-de-vacaciones\/wp-json\/wp\/v2\/users\/3"}],"replies":[{"embeddable":true,"href":"https:\/\/www.litoral.es\/guia-de-vacaciones\/wp-json\/wp\/v2\/comments?post=6147"}],"version-history":[{"count":11,"href":"https:\/\/www.litoral.es\/guia-de-vacaciones\/wp-json\/wp\/v2\/posts\/6147\/revisions"}],"predecessor-version":[{"id":6460,"href":"https:\/\/www.litoral.es\/guia-de-vacaciones\/wp-json\/wp\/v2\/posts\/6147\/revisions\/6460"}],"wp:featuredmedia":[{"embeddable":true,"href":"https:\/\/www.litoral.es\/guia-de-vacaciones\/wp-json\/wp\/v2\/media\/6156"}],"wp:attachment":[{"href":"https:\/\/www.litoral.es\/guia-de-vacaciones\/wp-json\/wp\/v2\/media?parent=6147"}],"wp:term":[{"taxonomy":"category","embeddable":true,"href":"https:\/\/www.litoral.es\/guia-de-vacaciones\/wp-json\/wp\/v2\/categories?post=6147"},{"taxonomy":"post_tag","embeddable":true,"href":"https:\/\/www.litoral.es\/guia-de-vacaciones\/wp-json\/wp\/v2\/tags?post=6147"}],"curies":[{"name":"wp","href":"https:\/\/api.w.org\/{rel}","templated":true}]}}