{"id":6382,"date":"2020-03-05T16:02:19","date_gmt":"2020-03-05T15:02:19","guid":{"rendered":"https:\/\/www.litoral.es\/guia-de-vacaciones\/?p=6382"},"modified":"2020-12-18T11:11:01","modified_gmt":"2020-12-18T10:11:01","slug":"delta-del-ebro-que-ver-y-hacer","status":"publish","type":"post","link":"https:\/\/www.litoral.es\/guia-de-vacaciones\/delta-del-ebro-que-ver-y-hacer\/","title":{"rendered":"Qu\u00e9 ver y hacer en el Delta del Ebro"},"content":{"rendered":"<h2 style=\"text-align: left;\">Qu\u00e9 ver en el Delta del Ebro<\/h2>\n<div class=\"su-divider su-divider-style-default\" style=\"margin:10px 0;border-width:1px;border-color:#999999\"><\/div>\n<p><img loading=\"lazy\" decoding=\"async\" class=\"aligncenter size-full wp-image-6514\" src=\"https:\/\/www.litoral.es\/guia-de-vacaciones\/wp-content\/uploads\/2017\/10\/Vista-aerea-en-el-Delta-del-Ebro-y-punta-del-fangar.jpg\" alt=\"Vista aerea del Delta del Ebro y desembocadura del Delta del Ebro\" width=\"850\" height=\"567\" srcset=\"https:\/\/www.litoral.es\/guia-de-vacaciones\/wp-content\/uploads\/2017\/10\/Vista-aerea-en-el-Delta-del-Ebro-y-punta-del-fangar.jpg 850w, https:\/\/www.litoral.es\/guia-de-vacaciones\/wp-content\/uploads\/2017\/10\/Vista-aerea-en-el-Delta-del-Ebro-y-punta-del-fangar-250x167.jpg 250w, https:\/\/www.litoral.es\/guia-de-vacaciones\/wp-content\/uploads\/2017\/10\/Vista-aerea-en-el-Delta-del-Ebro-y-punta-del-fangar-768x512.jpg 768w, https:\/\/www.litoral.es\/guia-de-vacaciones\/wp-content\/uploads\/2017\/10\/Vista-aerea-en-el-Delta-del-Ebro-y-punta-del-fangar-500x334.jpg 500w, https:\/\/www.litoral.es\/guia-de-vacaciones\/wp-content\/uploads\/2017\/10\/Vista-aerea-en-el-Delta-del-Ebro-y-punta-del-fangar-300x200.jpg 300w, https:\/\/www.litoral.es\/guia-de-vacaciones\/wp-content\/uploads\/2017\/10\/Vista-aerea-en-el-Delta-del-Ebro-y-punta-del-fangar-750x500.jpg 750w, https:\/\/www.litoral.es\/guia-de-vacaciones\/wp-content\/uploads\/2017\/10\/Vista-aerea-en-el-Delta-del-Ebro-y-punta-del-fangar-380x253.jpg 380w, https:\/\/www.litoral.es\/guia-de-vacaciones\/wp-content\/uploads\/2017\/10\/Vista-aerea-en-el-Delta-del-Ebro-y-punta-del-fangar-310x207.jpg 310w, https:\/\/www.litoral.es\/guia-de-vacaciones\/wp-content\/uploads\/2017\/10\/Vista-aerea-en-el-Delta-del-Ebro-y-punta-del-fangar-360x240.jpg 360w, https:\/\/www.litoral.es\/guia-de-vacaciones\/wp-content\/uploads\/2017\/10\/Vista-aerea-en-el-Delta-del-Ebro-y-punta-del-fangar-260x173.jpg 260w\" sizes=\"(max-width: 850px) 100vw, 850px\" \/><\/p>\n<p>El <strong>Parque Natural del Delta del Ebro<\/strong> se encuentra en el <em><strong>l\u00edmite sur de Catalu\u00f1a<\/strong><\/em>, en la provincia de <strong>Tarragona<\/strong>. Fue declarado parque Nacional en 1983 y actualemente <strong>cuenta con m\u00e1s de 7.000 hectareas<\/strong> que forman la Reserva de la Biosfera de las Tierras del Ebro.<\/p>\n<div class=\"su-quote su-quote-style-default\"><div class=\"su-quote-inner su-u-clearfix su-u-trim\"><em>Se trata sin duda de uno de los parajes m\u00e1s especiales, m\u00e1gicos y espectaculares de la geograf\u00eda catalana.<\/em><\/div><\/div>\n<div id=\"72503-1\"><script src=\"\/\/ads.themoneytizer.com\/s\/gen.js?type=1\"><\/script><script src=\"\/\/ads.themoneytizer.com\/s\/requestform.js?siteId=72503&#038;formatId=1\"><\/script><\/div>\n<p>Lo es <strong>por sus playas salvajes y kilom\u00e9tricas<\/strong>, sus <strong>extensos arrozales<\/strong> que cambian de color con cada estaci\u00f3n del a\u00f1o, <strong>sus pueblos con encanto<\/strong>, como PobleNou del Delta, ElsMuntells, Deltebre o Sant Jaume d\u2019Enveja, entre otros. Y sobre todo por su gran biodiversidad y su amplia fauna terrestre y marina. El Delta del Ebro <strong>forma la zona h\u00fameda m\u00e1s importante de Espa\u00f1a, despu\u00e9s del Parque de Do\u00f1ana.<\/strong><\/p>\n<div class=\"su-quote su-quote-style-default\"><div class=\"su-quote-inner su-u-clearfix su-u-trim\"><em>Y, c\u00f3mo no, tambi\u00e9n por el majestuoso r\u00edo y la desembocadura del Ebro, un espect\u00e1culo para los sentidos, que recrea un paisaje distinto a del resto de parajes del pa\u00eds.<\/em><\/div><\/div>\n<p>Es por ello que <strong>te recomendamos entusiastamente que hagas una visita al Delta con la familia<\/strong>. Es el lugar ideal para visitar<strong> con ni\u00f1os y viajar en familia<\/strong>. Como expertos que somos en la Costa Dorada y las Terres de l\u2019Ebre, conocemos bien este id\u00edlico lugar, que adem\u00e1s nos encanta.<\/p>\n<p style=\"text-align: center;\"><span style=\"font-size: 14pt;\"><strong>\u00bfPreparando las vacaciones?<\/strong><\/span><\/p>\n<p style=\"text-align: center;\"><span style=\"font-size: 14pt;\"><strong>Busca la casa o apartamento ideal en la Costa Dorada&#8230;<\/strong><\/span><\/p>\n<p style=\"text-align: center;\"><a id=\"200\" class=\"fasc-button fasc-size-large fasc-type-glossy fasc-rounded-medium ico-fa fasc-ico-before fa-home fasc-style-bold fasc-style-italic\" style=\"background-color: #ee771a; color: #ffffff;\" target=\"_blank\" href=\"https:\/\/www.litoral.es\/costa-dorada\" rel=\"noopener noreferrer\"><\/a>Busca t\u00fa alojamiento<\/p>\n<p style=\"text-align: center;\">&nbsp;<\/p>\n<p><iframe loading=\"lazy\" src=\"https:\/\/www.google.com\/maps\/d\/embed?mid=1f_Xc50ao6TjuKmbaqjmBK8LWRJc&amp;hl=es\" width=\"640\" height=\"480\"><\/iframe><\/p>\n<p>As\u00ed que te vamos a desvelar ahora mismo todo lo que necesitas saber para pasar un unos d\u00edas inolvidables en el Delta del Ebro.<\/p>\n<p>&nbsp;<\/p>\n<h3 style=\"text-align: left;\">Desembocadura del Ebro<\/h3>\n<p><img loading=\"lazy\" decoding=\"async\" class=\"aligncenter size-full wp-image-6645\" src=\"https:\/\/www.litoral.es\/guia-de-vacaciones\/wp-content\/uploads\/2017\/10\/Parque-Natural-del-Delta-del-Ebro-desembocadura-del-rio-3.jpg\" alt=\"tiendas de souvenirs en la desembocadura del Rio Ebro\" width=\"800\" height=\"600\" srcset=\"https:\/\/www.litoral.es\/guia-de-vacaciones\/wp-content\/uploads\/2017\/10\/Parque-Natural-del-Delta-del-Ebro-desembocadura-del-rio-3.jpg 800w, https:\/\/www.litoral.es\/guia-de-vacaciones\/wp-content\/uploads\/2017\/10\/Parque-Natural-del-Delta-del-Ebro-desembocadura-del-rio-3-250x188.jpg 250w, https:\/\/www.litoral.es\/guia-de-vacaciones\/wp-content\/uploads\/2017\/10\/Parque-Natural-del-Delta-del-Ebro-desembocadura-del-rio-3-768x576.jpg 768w, https:\/\/www.litoral.es\/guia-de-vacaciones\/wp-content\/uploads\/2017\/10\/Parque-Natural-del-Delta-del-Ebro-desembocadura-del-rio-3-500x375.jpg 500w, https:\/\/www.litoral.es\/guia-de-vacaciones\/wp-content\/uploads\/2017\/10\/Parque-Natural-del-Delta-del-Ebro-desembocadura-del-rio-3-300x225.jpg 300w, https:\/\/www.litoral.es\/guia-de-vacaciones\/wp-content\/uploads\/2017\/10\/Parque-Natural-del-Delta-del-Ebro-desembocadura-del-rio-3-750x563.jpg 750w, https:\/\/www.litoral.es\/guia-de-vacaciones\/wp-content\/uploads\/2017\/10\/Parque-Natural-del-Delta-del-Ebro-desembocadura-del-rio-3-380x285.jpg 380w, https:\/\/www.litoral.es\/guia-de-vacaciones\/wp-content\/uploads\/2017\/10\/Parque-Natural-del-Delta-del-Ebro-desembocadura-del-rio-3-310x233.jpg 310w, https:\/\/www.litoral.es\/guia-de-vacaciones\/wp-content\/uploads\/2017\/10\/Parque-Natural-del-Delta-del-Ebro-desembocadura-del-rio-3-360x270.jpg 360w, https:\/\/www.litoral.es\/guia-de-vacaciones\/wp-content\/uploads\/2017\/10\/Parque-Natural-del-Delta-del-Ebro-desembocadura-del-rio-3-260x195.jpg 260w\" sizes=\"(max-width: 800px) 100vw, 800px\" \/><\/p>\n<p><img loading=\"lazy\" decoding=\"async\" class=\"aligncenter size-full wp-image-6644\" src=\"https:\/\/www.litoral.es\/guia-de-vacaciones\/wp-content\/uploads\/2017\/10\/Parque-Natural-del-Delta-del-Ebro-desembocadura-del-rio-4.jpg\" alt=\"atracadero de barcos en la desembocadura del Ebro\" width=\"800\" height=\"600\" srcset=\"https:\/\/www.litoral.es\/guia-de-vacaciones\/wp-content\/uploads\/2017\/10\/Parque-Natural-del-Delta-del-Ebro-desembocadura-del-rio-4.jpg 800w, https:\/\/www.litoral.es\/guia-de-vacaciones\/wp-content\/uploads\/2017\/10\/Parque-Natural-del-Delta-del-Ebro-desembocadura-del-rio-4-250x188.jpg 250w, https:\/\/www.litoral.es\/guia-de-vacaciones\/wp-content\/uploads\/2017\/10\/Parque-Natural-del-Delta-del-Ebro-desembocadura-del-rio-4-768x576.jpg 768w, https:\/\/www.litoral.es\/guia-de-vacaciones\/wp-content\/uploads\/2017\/10\/Parque-Natural-del-Delta-del-Ebro-desembocadura-del-rio-4-500x375.jpg 500w, https:\/\/www.litoral.es\/guia-de-vacaciones\/wp-content\/uploads\/2017\/10\/Parque-Natural-del-Delta-del-Ebro-desembocadura-del-rio-4-300x225.jpg 300w, https:\/\/www.litoral.es\/guia-de-vacaciones\/wp-content\/uploads\/2017\/10\/Parque-Natural-del-Delta-del-Ebro-desembocadura-del-rio-4-750x563.jpg 750w, https:\/\/www.litoral.es\/guia-de-vacaciones\/wp-content\/uploads\/2017\/10\/Parque-Natural-del-Delta-del-Ebro-desembocadura-del-rio-4-380x285.jpg 380w, https:\/\/www.litoral.es\/guia-de-vacaciones\/wp-content\/uploads\/2017\/10\/Parque-Natural-del-Delta-del-Ebro-desembocadura-del-rio-4-310x233.jpg 310w, https:\/\/www.litoral.es\/guia-de-vacaciones\/wp-content\/uploads\/2017\/10\/Parque-Natural-del-Delta-del-Ebro-desembocadura-del-rio-4-360x270.jpg 360w, https:\/\/www.litoral.es\/guia-de-vacaciones\/wp-content\/uploads\/2017\/10\/Parque-Natural-del-Delta-del-Ebro-desembocadura-del-rio-4-260x195.jpg 260w\" sizes=\"(max-width: 800px) 100vw, 800px\" \/>&nbsp;<\/p>\n<p><img loading=\"lazy\" decoding=\"async\" class=\"aligncenter size-full wp-image-6554\" src=\"https:\/\/www.litoral.es\/guia-de-vacaciones\/wp-content\/uploads\/2017\/10\/Isla-de-Buda-en-el-Delta.jpg\" alt=\"Desembocadura del Riu Ebro Isla de Buda\" width=\"800\" height=\"600\" srcset=\"https:\/\/www.litoral.es\/guia-de-vacaciones\/wp-content\/uploads\/2017\/10\/Isla-de-Buda-en-el-Delta.jpg 800w, https:\/\/www.litoral.es\/guia-de-vacaciones\/wp-content\/uploads\/2017\/10\/Isla-de-Buda-en-el-Delta-250x188.jpg 250w, https:\/\/www.litoral.es\/guia-de-vacaciones\/wp-content\/uploads\/2017\/10\/Isla-de-Buda-en-el-Delta-768x576.jpg 768w, https:\/\/www.litoral.es\/guia-de-vacaciones\/wp-content\/uploads\/2017\/10\/Isla-de-Buda-en-el-Delta-500x375.jpg 500w, https:\/\/www.litoral.es\/guia-de-vacaciones\/wp-content\/uploads\/2017\/10\/Isla-de-Buda-en-el-Delta-300x225.jpg 300w, https:\/\/www.litoral.es\/guia-de-vacaciones\/wp-content\/uploads\/2017\/10\/Isla-de-Buda-en-el-Delta-750x563.jpg 750w, https:\/\/www.litoral.es\/guia-de-vacaciones\/wp-content\/uploads\/2017\/10\/Isla-de-Buda-en-el-Delta-380x285.jpg 380w, https:\/\/www.litoral.es\/guia-de-vacaciones\/wp-content\/uploads\/2017\/10\/Isla-de-Buda-en-el-Delta-310x233.jpg 310w, https:\/\/www.litoral.es\/guia-de-vacaciones\/wp-content\/uploads\/2017\/10\/Isla-de-Buda-en-el-Delta-360x270.jpg 360w, https:\/\/www.litoral.es\/guia-de-vacaciones\/wp-content\/uploads\/2017\/10\/Isla-de-Buda-en-el-Delta-260x195.jpg 260w\" sizes=\"(max-width: 800px) 100vw, 800px\" \/><\/p>\n<p>La desembocadura del r\u00edo es sin duda una <strong>excursi\u00f3n obligada<\/strong> si vienes a pasar unos d\u00edas en el Delta del Ebro (Delta de l\u2019Ebre, tal como lo dicen los lugare\u00f1os). <strong>Esta es una bonita manera de empezar vuestra visita al parque,<\/strong> para ello <strong>tienes que ir a Deltebre y seguir las indicaciones direcci\u00f3n \u201cdesembocadura\u201d<\/strong>. All\u00ed encontrar\u00e1s restaurantes, tiendas de souvenirs y <strong>toda una flota de embarcaciones que te llevar\u00e1n desde el tramo final del r\u00edo hasta la mar abierto a unos 5 km de distancia. <\/strong><\/p>\n<p><img loading=\"lazy\" decoding=\"async\" class=\"imgdesktop aligncenter wp-image-6978 size-full\" src=\"https:\/\/www.litoral.es\/guia-de-vacaciones\/wp-content\/uploads\/2017\/12\/Apartamentos-alquiler-costa-dorada-1.jpg\" alt=\"alquiler de alojamientos vacacionales en la costa dorada\" width=\"848\" height=\"160\"><\/p>\n<p><img loading=\"lazy\" decoding=\"async\" class=\"imgmobile aligncenter wp-image-6976 size-full\" src=\"https:\/\/www.litoral.es\/guia-de-vacaciones\/wp-content\/uploads\/2017\/12\/Banner-Costa-Dorada.jpg\" alt=\"alojamientos la costa dorada\" width=\"260\" height=\"240\"><\/p>\n<p><strong>Es una bonita manera de empezar a introducirte en el paisaje y la forma de vida del Delta, ya que a bordo de uno de estos cruceros, el capit\u00e1n va dando una charla explicando detalles de la historia del Delta y sus caracteristicas, realmente interesante.<br \/>\n <\/strong><\/p>\n<div class=\"su-quote su-quote-style-default\"><div class=\"su-quote-inner su-u-clearfix su-u-trim\"><em>Podr\u00e1s escoger entre embarcaciones tradicionales, o modernas con visi\u00f3n subacu\u00e1tica que recorren el r\u00edo hasta la desembocadura.<\/em> <\/div><\/div>\n<p>Y no solo eso, los ni\u00f1os lo pasar\u00e1n en grande entre los patos, gallinas y otros animalitos de granja con los pueden interactuar en el patio del restaurante \u201c<strong>Lo Mas de Nuri<\/strong>\u201d, mientras los pap\u00e1s y mam\u00e1s se deleitan con la <strong>riqu\u00edsima gastronom\u00eda del Delta<\/strong> (luego hablaremos de ella m\u00e1s a fondo).<\/p>\n<p>&nbsp;<\/p>\n<h3 style=\"text-align: left;\">Illa de Buda<\/h3>\n<p><img loading=\"lazy\" decoding=\"async\" class=\"aligncenter size-full wp-image-6568\" src=\"https:\/\/www.litoral.es\/guia-de-vacaciones\/wp-content\/uploads\/2017\/10\/shutterstock_247696855.jpg\" alt=\"Illa de Buda\" width=\"800\" height=\"600\" srcset=\"https:\/\/www.litoral.es\/guia-de-vacaciones\/wp-content\/uploads\/2017\/10\/shutterstock_247696855.jpg 800w, https:\/\/www.litoral.es\/guia-de-vacaciones\/wp-content\/uploads\/2017\/10\/shutterstock_247696855-250x188.jpg 250w, https:\/\/www.litoral.es\/guia-de-vacaciones\/wp-content\/uploads\/2017\/10\/shutterstock_247696855-768x576.jpg 768w, https:\/\/www.litoral.es\/guia-de-vacaciones\/wp-content\/uploads\/2017\/10\/shutterstock_247696855-500x375.jpg 500w, https:\/\/www.litoral.es\/guia-de-vacaciones\/wp-content\/uploads\/2017\/10\/shutterstock_247696855-300x225.jpg 300w, https:\/\/www.litoral.es\/guia-de-vacaciones\/wp-content\/uploads\/2017\/10\/shutterstock_247696855-750x563.jpg 750w, https:\/\/www.litoral.es\/guia-de-vacaciones\/wp-content\/uploads\/2017\/10\/shutterstock_247696855-380x285.jpg 380w, https:\/\/www.litoral.es\/guia-de-vacaciones\/wp-content\/uploads\/2017\/10\/shutterstock_247696855-310x233.jpg 310w, https:\/\/www.litoral.es\/guia-de-vacaciones\/wp-content\/uploads\/2017\/10\/shutterstock_247696855-360x270.jpg 360w, https:\/\/www.litoral.es\/guia-de-vacaciones\/wp-content\/uploads\/2017\/10\/shutterstock_247696855-260x195.jpg 260w\" sizes=\"(max-width: 800px) 100vw, 800px\" \/><\/p>\n<div id=\"grid-gallery-60-48173\" data-gg-id=\"60\" data-title=\"Desembocadura del Delta\" data-grid-type=\"0\" data-offset=\"2.3\" data-area-position=\"center\" data-icons=\"\" data-preloader=\"true\" data-width=\"215\" data-height=\"215\" data-padding=\"0\" data-quicksand=\"disabled\" data-quicksand-duration=\"none\" data-popup-theme=\"theme_6\" data-popup-type=\"pretty-photo\" data-popup-image-text=\"data-description\" data-popup-widthsize=\"auto\" data-popup-heightsize=\"auto\" data-popup-i18n-words=\"{&quot;close&quot;:&quot;cerrar&quot;,&quot;next&quot;:&quot;siguiente&quot;,&quot;previous&quot;:&quot;anterior&quot;,&quot;start_slideshow&quot;:&quot;comenzar reproducci\\u00f3n&quot;,&quot;stop_slideshow&quot;:&quot;detener reproducci\\u00f3n&quot;,&quot;image&quot;:&quot;imagen&quot;,&quot;of&quot;:&quot;de&quot;,&quot;prev&quot;:&quot;ant&quot;,&quot;cExpand&quot;:&quot;Ampliar&quot;,&quot;cPrevious&quot;:&quot;Anterior&quot;,&quot;cNext&quot;:&quot;Siguiente&quot;,&quot;cExpandStr&quot;:&quot;Expandir la imagen&quot;,&quot;cRotate&quot;:&quot;Gire&quot;,&quot;cDetails&quot;:&quot;Details&quot;}\" data-popup-slideshow=\"false\" data-popup-slideshow-speed=\"2500\" data-popup-hoverstop=\"false\" data-popup-slideshow-auto=\"false\" data-popup-background=\"\" data-popup-transparency=\"30\" data-popup-disable-history=\"\" data-popup-disable-changed-url=\"\" data-popup-border-type=\"\" data-popup-border-color=\"\" data-popup-border-width=\"\" data-popup-border-enable=\"\" data-fullscreen=\"false\" data-hide-tooltip=\"false\" data-caption-font-family=\"Default\" data-caption-text-size=\"140\" data-is-mobile=\"0\" data-caption-mobile=\"false\" data-hide-long-tltp-title=\"0\" data-caption-disabled-on-mobile=\"false\" data-popup-placement-type=\"0\" data-social-sharing=\"{&quot;enabled&quot;:&quot;&quot;,&quot;gallerySharing&quot;:{&quot;enabled&quot;:null,&quot;position&quot;:null},&quot;imageSharing&quot;:{&quot;enabled&quot;:null,&quot;wrapperClass&quot;:&quot; vertical \\n &quot;},&quot;popupSharing&quot;:{&quot;enabled&quot;:null,&quot;wrapperClass&quot;:&quot; vertical \\n &quot;}}\" class=\"grid-gallery grid-gallery-fixed \" style=\" width:100%; height:auto ; margin-left:auto; margin-right:auto; position:relative;\" > <div class=\"gallery-loading\"> <div class=\"blocks\"> <div class=\"block\"><\/div> <div class=\"block\"><\/div> <div class=\"block\"><\/div> <div class=\"block\"><\/div> <\/div> <\/div> <div class=\"gallery-sharing-top\"><\/div> <div id=\"photos-60\" class=\"grid-gallery-photos \" > <FIGURE class=\"grid-gallery-caption \" data-grid-gallery-type=\"quarter-slide-up\" data-index=\"0\" style=\"display:none;border-radius: 00; ; margin: 2.3px; width:2150;\" ><div class=\"crop \" style=\" width:2150; height:2150; overflow:hidden; \"><img decoding=\"async\" src=\"https:\/\/www.litoral.es\/guia-de-vacaciones\/wp-content\/uploads\/2017\/10\/Parque-Natural-del-Delta-del-Ebro-desembocadura-del-rio-52-215x215.jpg\" class=\"ggImg\" alt=\"Barco turistico en la desembocadura del rio ebro\" title=\"parque-natural-del-delta-del-ebro-desembocadura-del-rio-52\" data-description=\"parque-natural-del-delta-del-ebro-desembocadura-del-rio-52\" data-caption=\"Crucero turistico en la desembocadura del Rio Ebro\" data-title=\"parque-natural-del-delta-del-ebro-desembocadura-del-rio-52\" style=\" width:215px; height:215px; \" \/><\/div><FIGCAPTION class=\"\" data-alpha=\"5\" style=\"color:#ffffff; background-color:#81d742; font-size:140; text-align:left; font-family:Default;\" ><div class=\"grid-gallery-figcaption-wrap\" style=\" \"><\/div><\/FIGCAPTION><\/FIGURE> <FIGURE class=\"grid-gallery-caption \" data-grid-gallery-type=\"quarter-slide-up\" data-index=\"1\" style=\"display:none;border-radius: 00; ; margin: 2.3px; width:2150;\" ><div class=\"crop \" style=\" width:2150; height:2150; overflow:hidden; \"><img decoding=\"async\" src=\"https:\/\/www.litoral.es\/guia-de-vacaciones\/wp-content\/uploads\/2017\/10\/Parque-Natural-del-Delta-del-Ebro-desembocadura-del-rio-36-215x215.jpg\" class=\"ggImg\" alt=\"Capintan del barco en la desembocadura del rio ebro\" title=\"parque-natural-del-delta-del-ebro-desembocadura-del-rio-36\" data-description=\"parque-natural-del-delta-del-ebro-desembocadura-del-rio-36\" data-caption=\"Capita del barco turistico en la desemboncadura del rio Ebro\" data-title=\"parque-natural-del-delta-del-ebro-desembocadura-del-rio-36\" style=\" width:215px; height:215px; \" \/><\/div><FIGCAPTION class=\"\" data-alpha=\"5\" style=\"color:#ffffff; background-color:#81d742; font-size:140; text-align:left; font-family:Default;\" ><div class=\"grid-gallery-figcaption-wrap\" style=\" \"><\/div><\/FIGCAPTION><\/FIGURE> <FIGURE class=\"grid-gallery-caption \" data-grid-gallery-type=\"quarter-slide-up\" data-index=\"2\" style=\"display:none;border-radius: 00; ; margin: 2.3px; width:2150;\" ><div class=\"crop \" style=\" width:2150; height:2150; overflow:hidden; \"><img decoding=\"async\" src=\"https:\/\/www.litoral.es\/guia-de-vacaciones\/wp-content\/uploads\/2017\/10\/Parque-Natural-del-Delta-del-Ebro-desembocadura-del-rio-27-215x215.jpg\" class=\"ggImg\" alt=\"Desenbocadura del Rio Ebro\" title=\"parque-natural-del-delta-del-ebro-desembocadura-del-rio-27\" data-description=\"parque-natural-del-delta-del-ebro-desembocadura-del-rio-27\" data-caption=\"Orilla del rio Ebro\" data-title=\"parque-natural-del-delta-del-ebro-desembocadura-del-rio-27\" style=\" width:215px; height:215px; \" \/><\/div><FIGCAPTION class=\"\" data-alpha=\"5\" style=\"color:#ffffff; background-color:#81d742; font-size:140; text-align:left; font-family:Default;\" ><div class=\"grid-gallery-figcaption-wrap\" style=\" \"><\/div><\/FIGCAPTION><\/FIGURE> <FIGURE class=\"grid-gallery-caption \" data-grid-gallery-type=\"quarter-slide-up\" data-index=\"3\" style=\"display:none;border-radius: 00; ; margin: 2.3px; width:2150;\" ><div class=\"crop \" style=\" width:2150; height:2150; overflow:hidden; \"><img decoding=\"async\" src=\"https:\/\/www.litoral.es\/guia-de-vacaciones\/wp-content\/uploads\/2017\/10\/Parque-Natural-del-Delta-del-Ebro-desembocadura-del-rio-58-215x215.jpg\" class=\"ggImg\" alt=\"Cruceros turisticos en la desembocadura del Ebro\" title=\"parque-natural-del-delta-del-ebro-desembocadura-del-rio-58\" data-description=\"parque-natural-del-delta-del-ebro-desembocadura-del-rio-58\" data-caption=\"Barco tur\u00edstico en la desembocadura del Rio Ebro\" data-title=\"parque-natural-del-delta-del-ebro-desembocadura-del-rio-58\" style=\" width:215px; height:215px; \" \/><\/div><FIGCAPTION class=\"\" data-alpha=\"5\" style=\"color:#ffffff; background-color:#81d742; font-size:140; text-align:left; font-family:Default;\" ><div class=\"grid-gallery-figcaption-wrap\" style=\" \"><\/div><\/FIGCAPTION><\/FIGURE> <FIGURE class=\"grid-gallery-caption \" data-grid-gallery-type=\"quarter-slide-up\" data-index=\"4\" style=\"display:none;border-radius: 00; ; margin: 2.3px; width:2150;\" ><div class=\"crop \" style=\" width:2150; height:2150; overflow:hidden; \"><img decoding=\"async\" src=\"https:\/\/www.litoral.es\/guia-de-vacaciones\/wp-content\/uploads\/2017\/10\/Parque-Natural-del-Delta-del-Ebro-desembocadura-del-rio-68-215x215.jpg\" class=\"ggImg\" alt=\"Isla de Buda en la desembocadura del rio ebro\" title=\"parque-natural-del-delta-del-ebro-desembocadura-del-rio-68\" data-description=\"parque-natural-del-delta-del-ebro-desembocadura-del-rio-68\" data-caption=\"Paisaje rio Ebro desde el barco \" data-title=\"parque-natural-del-delta-del-ebro-desembocadura-del-rio-68\" style=\" width:215px; height:215px; \" \/><\/div><FIGCAPTION class=\"\" data-alpha=\"5\" style=\"color:#ffffff; background-color:#81d742; font-size:140; text-align:left; font-family:Default;\" ><div class=\"grid-gallery-figcaption-wrap\" style=\" \"><\/div><\/FIGCAPTION><\/FIGURE> <FIGURE class=\"grid-gallery-caption \" data-grid-gallery-type=\"quarter-slide-up\" data-index=\"5\" style=\"display:none;border-radius: 00; ; margin: 2.3px; width:2150;\" ><div class=\"crop \" style=\" width:2150; height:2150; overflow:hidden; \"><img decoding=\"async\" src=\"https:\/\/www.litoral.es\/guia-de-vacaciones\/wp-content\/uploads\/2017\/10\/Parque-Natural-del-Delta-del-Ebro-desembocadura-del-rio-77-215x215.jpg\" class=\"ggImg\" alt=\"barcos en la desembocadura del rio ebro\" title=\"parque-natural-del-delta-del-ebro-desembocadura-del-rio-77\" data-description=\"parque-natural-del-delta-del-ebro-desembocadura-del-rio-77\" data-caption=\"Barcos tur\u00edsticos en la desembocadura del rio ebro\" data-title=\"parque-natural-del-delta-del-ebro-desembocadura-del-rio-77\" style=\" width:215px; height:215px; \" \/><\/div><FIGCAPTION class=\"\" data-alpha=\"5\" style=\"color:#ffffff; background-color:#81d742; font-size:140; text-align:left; font-family:Default;\" ><div class=\"grid-gallery-figcaption-wrap\" style=\" \"><\/div><\/FIGCAPTION><\/FIGURE> <div class=\"grid-gallery-clearfix\"><\/div> <\/div> <div class=\"gallery-sharing-bottom\"><\/div> <div class=\"grid-gallery-clearfix\"><\/div> <\/div> <!-- Gallery by Supsystic plugin 1.15.21 --><a title=\"WordPress Image Gallery Plugin\" style=\"display:none;\" href=\"https:\/\/supsystic.com\/plugins\/photo-gallery\/?utm_medium=love_link\" target=\"_blank\">WordPress Image Gallery Plugin<\/a>\n<p><em><div class=\"su-quote su-quote-style-default\"><div class=\"su-quote-inner su-u-clearfix su-u-trim\">Esta especial isla en medio del r\u00edo Ebro es uno de los lugares v\u00edrgenes m\u00e1s emblem\u00e1ticos del Delta del Ebro y un gran secreto para muchos de sus visitantes. <\/div><\/div><\/em><\/p>\n<p>Cuando se contrata la excursi\u00f3n en barco, se pasa justo por al lado de la isla de buda y justo en el tramo final de la desembocadura del Ebro que se encuentra la Isla de Buda (lla de Buda en catal\u00e1n), y es que su <strong>entrada es restringida y se necesita una autorizaci\u00f3n para acceder<\/strong>, hecho que la ha preservado<em><strong> salvaje y la convierte en un lugar muy especial.<\/strong><\/em><\/p>\n<p>Est\u00e1 situada en el extremo oriental del Delta, tiene m\u00e1s de mil hect\u00e1reas de superficie y unos cinco kil\u00f3metros de longitud. <strong><em>Es la isla m\u00e1s grande de Catalu\u00f1a<\/em><\/strong>. Hay un d\u00eda al a\u00f1o en que su entrada est\u00e1 permitida, se trata del d\u00eda de San Pedro, el 29 de junio.<\/p>\n<blockquote>\n<p><em>Te sorprender\u00e1s al poder apreciar los preciosos caballos salvajes que all\u00ed se encuentran. \u00a1A los ni\u00f1os les encantar\u00e1!<\/em><\/p>\n<\/blockquote>\n<p>As\u00ed que toma nota para asegurarte que no te pierdes un paraje sin igual, donde entre toda la flora y la fauna caracter\u00edstica del Delta.<\/p>\n<h3 style=\"text-align: left;\">Parque natural del Delta del Ebro<\/h3>\n<p><img loading=\"lazy\" decoding=\"async\" class=\"aligncenter size-full wp-image-6571\" src=\"https:\/\/www.litoral.es\/guia-de-vacaciones\/wp-content\/uploads\/2017\/10\/shutterstock_229773274.jpg\" alt=\"Delta del Ebro\" width=\"800\" height=\"600\" srcset=\"https:\/\/www.litoral.es\/guia-de-vacaciones\/wp-content\/uploads\/2017\/10\/shutterstock_229773274.jpg 800w, https:\/\/www.litoral.es\/guia-de-vacaciones\/wp-content\/uploads\/2017\/10\/shutterstock_229773274-250x188.jpg 250w, https:\/\/www.litoral.es\/guia-de-vacaciones\/wp-content\/uploads\/2017\/10\/shutterstock_229773274-768x576.jpg 768w, https:\/\/www.litoral.es\/guia-de-vacaciones\/wp-content\/uploads\/2017\/10\/shutterstock_229773274-500x375.jpg 500w, https:\/\/www.litoral.es\/guia-de-vacaciones\/wp-content\/uploads\/2017\/10\/shutterstock_229773274-300x225.jpg 300w, https:\/\/www.litoral.es\/guia-de-vacaciones\/wp-content\/uploads\/2017\/10\/shutterstock_229773274-750x563.jpg 750w, https:\/\/www.litoral.es\/guia-de-vacaciones\/wp-content\/uploads\/2017\/10\/shutterstock_229773274-380x285.jpg 380w, https:\/\/www.litoral.es\/guia-de-vacaciones\/wp-content\/uploads\/2017\/10\/shutterstock_229773274-310x233.jpg 310w, https:\/\/www.litoral.es\/guia-de-vacaciones\/wp-content\/uploads\/2017\/10\/shutterstock_229773274-360x270.jpg 360w, https:\/\/www.litoral.es\/guia-de-vacaciones\/wp-content\/uploads\/2017\/10\/shutterstock_229773274-260x195.jpg 260w\" sizes=\"(max-width: 800px) 100vw, 800px\" \/><\/p>\n<p><img loading=\"lazy\" decoding=\"async\" class=\"aligncenter size-full wp-image-6573\" src=\"https:\/\/www.litoral.es\/guia-de-vacaciones\/wp-content\/uploads\/2017\/10\/shutterstock_102896126.jpg\" alt=\"Delta del Ebro \" width=\"800\" height=\"600\" srcset=\"https:\/\/www.litoral.es\/guia-de-vacaciones\/wp-content\/uploads\/2017\/10\/shutterstock_102896126.jpg 800w, https:\/\/www.litoral.es\/guia-de-vacaciones\/wp-content\/uploads\/2017\/10\/shutterstock_102896126-250x188.jpg 250w, https:\/\/www.litoral.es\/guia-de-vacaciones\/wp-content\/uploads\/2017\/10\/shutterstock_102896126-768x576.jpg 768w, https:\/\/www.litoral.es\/guia-de-vacaciones\/wp-content\/uploads\/2017\/10\/shutterstock_102896126-500x375.jpg 500w, https:\/\/www.litoral.es\/guia-de-vacaciones\/wp-content\/uploads\/2017\/10\/shutterstock_102896126-300x225.jpg 300w, https:\/\/www.litoral.es\/guia-de-vacaciones\/wp-content\/uploads\/2017\/10\/shutterstock_102896126-750x563.jpg 750w, https:\/\/www.litoral.es\/guia-de-vacaciones\/wp-content\/uploads\/2017\/10\/shutterstock_102896126-380x285.jpg 380w, https:\/\/www.litoral.es\/guia-de-vacaciones\/wp-content\/uploads\/2017\/10\/shutterstock_102896126-310x233.jpg 310w, https:\/\/www.litoral.es\/guia-de-vacaciones\/wp-content\/uploads\/2017\/10\/shutterstock_102896126-360x270.jpg 360w, https:\/\/www.litoral.es\/guia-de-vacaciones\/wp-content\/uploads\/2017\/10\/shutterstock_102896126-260x195.jpg 260w\" sizes=\"(max-width: 800px) 100vw, 800px\" \/><\/p>\n<p><img loading=\"lazy\" decoding=\"async\" class=\"aligncenter size-full wp-image-6572\" src=\"https:\/\/www.litoral.es\/guia-de-vacaciones\/wp-content\/uploads\/2017\/10\/shutterstock_361096889.jpg\" alt=\"Delta del Ebro\" width=\"800\" height=\"600\" srcset=\"https:\/\/www.litoral.es\/guia-de-vacaciones\/wp-content\/uploads\/2017\/10\/shutterstock_361096889.jpg 800w, https:\/\/www.litoral.es\/guia-de-vacaciones\/wp-content\/uploads\/2017\/10\/shutterstock_361096889-250x188.jpg 250w, https:\/\/www.litoral.es\/guia-de-vacaciones\/wp-content\/uploads\/2017\/10\/shutterstock_361096889-768x576.jpg 768w, https:\/\/www.litoral.es\/guia-de-vacaciones\/wp-content\/uploads\/2017\/10\/shutterstock_361096889-500x375.jpg 500w, https:\/\/www.litoral.es\/guia-de-vacaciones\/wp-content\/uploads\/2017\/10\/shutterstock_361096889-300x225.jpg 300w, https:\/\/www.litoral.es\/guia-de-vacaciones\/wp-content\/uploads\/2017\/10\/shutterstock_361096889-750x563.jpg 750w, https:\/\/www.litoral.es\/guia-de-vacaciones\/wp-content\/uploads\/2017\/10\/shutterstock_361096889-380x285.jpg 380w, https:\/\/www.litoral.es\/guia-de-vacaciones\/wp-content\/uploads\/2017\/10\/shutterstock_361096889-310x233.jpg 310w, https:\/\/www.litoral.es\/guia-de-vacaciones\/wp-content\/uploads\/2017\/10\/shutterstock_361096889-360x270.jpg 360w, https:\/\/www.litoral.es\/guia-de-vacaciones\/wp-content\/uploads\/2017\/10\/shutterstock_361096889-260x195.jpg 260w\" sizes=\"(max-width: 800px) 100vw, 800px\" \/><\/p>\n<p>Con una superficie de 320 km2, el parque natural del Delta del Ebro es la mayor zona h\u00fameda de Catalu\u00f1a, constituyendo uno de los h\u00e1bitats acu\u00e1ticos m\u00e1s importantes del Mediterr\u00e1neo.<\/p>\n<p><strong>Se considera Parque Natural desde que el 1983<\/strong> la Generalitat de Catalu\u00f1a impuls\u00f3 su creaci\u00f3n, para proteger as\u00ed su h\u00e1bitat \u00fanico y las miles de especies que aqu\u00ed coexisten. El parque se divide en hemidelta derecho y hemidelta izquierdo.<\/p>\n<p>En el hemidelta derecho,(por debajo del r\u00edo Ebro) encontrar\u00e9is la capital de la comarca del Montsi\u00e0, Amposta, as\u00ed como San Carlos de la R\u00e1pita, las Cases d\u2019Alcanar y el Poblenou del Delta, dos pueblos con encanto y toda el alma del Delta del Ebro, entro otros municipios.<\/p>\n<p>Asimismo, aqu\u00ed <strong>tambi\u00e9n encontrar\u00e1s el centro de interpretaci\u00f3n de las lagunas del Parque Natural del Delta del Ebro<\/strong>, que se encuentra en la laguna de la<strong> Encanyissada<\/strong>, y tambi\u00e9n su hermana peque\u00f1a,<strong> La Tancada.<\/strong> Ambas son un escenario perfecto para la observaci\u00f3n de aves, donde<strong> <span class=\"su-label su-label-type-success\">la reina de la corona es sin duda el flamenco.<\/span>\n <\/strong><\/p>\n<p>En el hemidelta izquierdo (la parte que queda arriba del r\u00edo Ebro) pod\u00e9is hacer una visita la capital de la comarca del BaixEbre, Tortosa, repleta de historia, pero no dej\u00e9is tampoco de visitar Deltebre, en pleno coraz\u00f3n del Delta y donde desemboca el r\u00edo, naturaleza en estado puro. <em><strong>Muchos dicen de Deltebre que es \u201cla esencia del Delta\u201d y as\u00ed te lo sabr\u00e1n defender sus habitantes.<\/strong><\/em><\/p>\n<p>Asimismo, las localidades marineras de L\u2019Ampolla y l\u2019Ametlla de Mar te robar\u00e1n el coraz\u00f3n por el gran encanto que contienen.<\/p>\n<blockquote>\n<p><strong>\u00bfQuieres m\u00e1s informaci\u00f3n sobre l&#8217;Ametlla de Mar?<\/strong> <a id=\"201\" href=\"https:\/\/www.litoral.es\/que-hacer-en-la-costa-dorada\/ametlla-de-mar\" target=\"_blank\" rel=\"noopener noreferrer\">Aqu\u00ed tienes nuestra gu\u00eda de viajes y turismo en l&#8217;Ametlla de Mar para no perderte nada durante tus vacaciones.<\/a><\/p>\n<\/blockquote>\n<h3 style=\"text-align: left;\">L\u2019Encanyissada y la Casa de Fusta<\/h3>\n<p><img loading=\"lazy\" decoding=\"async\" class=\"aligncenter size-full wp-image-6566\" src=\"https:\/\/www.litoral.es\/guia-de-vacaciones\/wp-content\/uploads\/2017\/10\/la-casa-de-Fuesta-en-el-Delta-del-Ebro.jpg\" alt=\"La casa de fusta en el Delta del Ebro\" width=\"800\" height=\"600\" srcset=\"https:\/\/www.litoral.es\/guia-de-vacaciones\/wp-content\/uploads\/2017\/10\/la-casa-de-Fuesta-en-el-Delta-del-Ebro.jpg 800w, https:\/\/www.litoral.es\/guia-de-vacaciones\/wp-content\/uploads\/2017\/10\/la-casa-de-Fuesta-en-el-Delta-del-Ebro-250x188.jpg 250w, https:\/\/www.litoral.es\/guia-de-vacaciones\/wp-content\/uploads\/2017\/10\/la-casa-de-Fuesta-en-el-Delta-del-Ebro-768x576.jpg 768w, https:\/\/www.litoral.es\/guia-de-vacaciones\/wp-content\/uploads\/2017\/10\/la-casa-de-Fuesta-en-el-Delta-del-Ebro-500x375.jpg 500w, https:\/\/www.litoral.es\/guia-de-vacaciones\/wp-content\/uploads\/2017\/10\/la-casa-de-Fuesta-en-el-Delta-del-Ebro-300x225.jpg 300w, https:\/\/www.litoral.es\/guia-de-vacaciones\/wp-content\/uploads\/2017\/10\/la-casa-de-Fuesta-en-el-Delta-del-Ebro-750x563.jpg 750w, https:\/\/www.litoral.es\/guia-de-vacaciones\/wp-content\/uploads\/2017\/10\/la-casa-de-Fuesta-en-el-Delta-del-Ebro-380x285.jpg 380w, https:\/\/www.litoral.es\/guia-de-vacaciones\/wp-content\/uploads\/2017\/10\/la-casa-de-Fuesta-en-el-Delta-del-Ebro-310x233.jpg 310w, https:\/\/www.litoral.es\/guia-de-vacaciones\/wp-content\/uploads\/2017\/10\/la-casa-de-Fuesta-en-el-Delta-del-Ebro-360x270.jpg 360w, https:\/\/www.litoral.es\/guia-de-vacaciones\/wp-content\/uploads\/2017\/10\/la-casa-de-Fuesta-en-el-Delta-del-Ebro-260x195.jpg 260w\" sizes=\"(max-width: 800px) 100vw, 800px\" \/><\/p>\n<p><img loading=\"lazy\" decoding=\"async\" class=\"aligncenter size-full wp-image-6657\" src=\"https:\/\/www.litoral.es\/guia-de-vacaciones\/wp-content\/uploads\/2017\/10\/La-casa-de-Fuesta-en-el-Parque-Natural-del-Delta-del-Ebro-162.jpg\" alt=\"La casa de Fusta en el Delta del Ebro\" width=\"800\" height=\"600\" srcset=\"https:\/\/www.litoral.es\/guia-de-vacaciones\/wp-content\/uploads\/2017\/10\/La-casa-de-Fuesta-en-el-Parque-Natural-del-Delta-del-Ebro-162.jpg 800w, https:\/\/www.litoral.es\/guia-de-vacaciones\/wp-content\/uploads\/2017\/10\/La-casa-de-Fuesta-en-el-Parque-Natural-del-Delta-del-Ebro-162-250x188.jpg 250w, https:\/\/www.litoral.es\/guia-de-vacaciones\/wp-content\/uploads\/2017\/10\/La-casa-de-Fuesta-en-el-Parque-Natural-del-Delta-del-Ebro-162-768x576.jpg 768w, https:\/\/www.litoral.es\/guia-de-vacaciones\/wp-content\/uploads\/2017\/10\/La-casa-de-Fuesta-en-el-Parque-Natural-del-Delta-del-Ebro-162-500x375.jpg 500w, https:\/\/www.litoral.es\/guia-de-vacaciones\/wp-content\/uploads\/2017\/10\/La-casa-de-Fuesta-en-el-Parque-Natural-del-Delta-del-Ebro-162-300x225.jpg 300w, https:\/\/www.litoral.es\/guia-de-vacaciones\/wp-content\/uploads\/2017\/10\/La-casa-de-Fuesta-en-el-Parque-Natural-del-Delta-del-Ebro-162-750x563.jpg 750w, https:\/\/www.litoral.es\/guia-de-vacaciones\/wp-content\/uploads\/2017\/10\/La-casa-de-Fuesta-en-el-Parque-Natural-del-Delta-del-Ebro-162-380x285.jpg 380w, https:\/\/www.litoral.es\/guia-de-vacaciones\/wp-content\/uploads\/2017\/10\/La-casa-de-Fuesta-en-el-Parque-Natural-del-Delta-del-Ebro-162-310x233.jpg 310w, https:\/\/www.litoral.es\/guia-de-vacaciones\/wp-content\/uploads\/2017\/10\/La-casa-de-Fuesta-en-el-Parque-Natural-del-Delta-del-Ebro-162-360x270.jpg 360w, https:\/\/www.litoral.es\/guia-de-vacaciones\/wp-content\/uploads\/2017\/10\/La-casa-de-Fuesta-en-el-Parque-Natural-del-Delta-del-Ebro-162-260x195.jpg 260w\" sizes=\"(max-width: 800px) 100vw, 800px\" \/>&nbsp;<\/p>\n<p><img loading=\"lazy\" decoding=\"async\" class=\"aligncenter size-full wp-image-6656\" src=\"https:\/\/www.litoral.es\/guia-de-vacaciones\/wp-content\/uploads\/2017\/10\/La-casa-de-Fuesta-en-el-Parque-Natural-del-Delta-del-Ebro-160.jpg\" alt=\"Museo de la casa de Fusta en el Delta del Ebro\" width=\"800\" height=\"600\" srcset=\"https:\/\/www.litoral.es\/guia-de-vacaciones\/wp-content\/uploads\/2017\/10\/La-casa-de-Fuesta-en-el-Parque-Natural-del-Delta-del-Ebro-160.jpg 800w, https:\/\/www.litoral.es\/guia-de-vacaciones\/wp-content\/uploads\/2017\/10\/La-casa-de-Fuesta-en-el-Parque-Natural-del-Delta-del-Ebro-160-250x188.jpg 250w, https:\/\/www.litoral.es\/guia-de-vacaciones\/wp-content\/uploads\/2017\/10\/La-casa-de-Fuesta-en-el-Parque-Natural-del-Delta-del-Ebro-160-768x576.jpg 768w, https:\/\/www.litoral.es\/guia-de-vacaciones\/wp-content\/uploads\/2017\/10\/La-casa-de-Fuesta-en-el-Parque-Natural-del-Delta-del-Ebro-160-500x375.jpg 500w, https:\/\/www.litoral.es\/guia-de-vacaciones\/wp-content\/uploads\/2017\/10\/La-casa-de-Fuesta-en-el-Parque-Natural-del-Delta-del-Ebro-160-300x225.jpg 300w, https:\/\/www.litoral.es\/guia-de-vacaciones\/wp-content\/uploads\/2017\/10\/La-casa-de-Fuesta-en-el-Parque-Natural-del-Delta-del-Ebro-160-750x563.jpg 750w, https:\/\/www.litoral.es\/guia-de-vacaciones\/wp-content\/uploads\/2017\/10\/La-casa-de-Fuesta-en-el-Parque-Natural-del-Delta-del-Ebro-160-380x285.jpg 380w, https:\/\/www.litoral.es\/guia-de-vacaciones\/wp-content\/uploads\/2017\/10\/La-casa-de-Fuesta-en-el-Parque-Natural-del-Delta-del-Ebro-160-310x233.jpg 310w, https:\/\/www.litoral.es\/guia-de-vacaciones\/wp-content\/uploads\/2017\/10\/La-casa-de-Fuesta-en-el-Parque-Natural-del-Delta-del-Ebro-160-360x270.jpg 360w, https:\/\/www.litoral.es\/guia-de-vacaciones\/wp-content\/uploads\/2017\/10\/La-casa-de-Fuesta-en-el-Parque-Natural-del-Delta-del-Ebro-160-260x195.jpg 260w\" sizes=\"(max-width: 800px) 100vw, 800px\" \/><\/p>\n<p><strong>La casa de Fusta<\/strong> una de las construcciones m\u00e1s emblem\u00e1tica del <strong>Delta y una visita obligada. <\/strong>Actualmente es una instalaci\u00f3n del <strong>Parque Natural<\/strong> que acoge un centro de informaci\u00f3n y un museo ornitol\u00f3gico donde se muestra una colecci\u00f3n muy completa de las especies m\u00e1s representativas de la fauna deltaica.<\/p>\n<p>La visita cultural a las instaciones y el museo est\u00e1n bien, pero es que adem\u00e1s aqu\u00ed tambi\u00e9n encontramos<strong> uno de los restaurantes m\u00e1s emblem\u00e1ticos del Delta del Ebro<\/strong>, llamado tambi\u00e9n por el mismo nombre \u00bb La Casa de Fusta\u00bb .&nbsp;<\/p>\n<p><em><div class=\"su-quote su-quote-style-default\"><div class=\"su-quote-inner su-u-clearfix su-u-trim\">Aqu\u00ed podr\u00e9is degustar fant\u00e1sticos platos t\u00edpicos del Delta y un mont\u00f3n de arroces diferentes.<\/div><\/div><\/em><\/p>\n<p><strong>Adem\u00e1s tambi\u00e9n cuentan con&nbsp; un fant\u00e1stico centro de actividades tur\u00edsticas para realizar con toda la familia. Aqu\u00ed podr\u00e9is disfrutar de animales, avistar p\u00e1jaros, montaros en barcas de perxa tradicionales , alquilar bicicletas, subir con cars a pedales, paseos en carro o divertid\u00edsimos cuatriciclos&#8230;. las posibilidades son infinitas para divertirse y recorrer durante unas horas los fant\u00e1sticos paisajes del Delta.<br \/>\n <\/strong><\/p>\n<p>&nbsp;<\/p>\n<p><img loading=\"lazy\" decoding=\"async\" class=\"aligncenter size-full wp-image-6665\" src=\"https:\/\/www.litoral.es\/guia-de-vacaciones\/wp-content\/uploads\/2017\/10\/La-casa-de-Fuesta-en-el-Parque-Natural-del-Delta-del-Ebro-207.jpg\" alt=\"Actividades en la Casa de Fusta del delta del Ebro\" width=\"800\" height=\"600\" srcset=\"https:\/\/www.litoral.es\/guia-de-vacaciones\/wp-content\/uploads\/2017\/10\/La-casa-de-Fuesta-en-el-Parque-Natural-del-Delta-del-Ebro-207.jpg 800w, https:\/\/www.litoral.es\/guia-de-vacaciones\/wp-content\/uploads\/2017\/10\/La-casa-de-Fuesta-en-el-Parque-Natural-del-Delta-del-Ebro-207-250x188.jpg 250w, https:\/\/www.litoral.es\/guia-de-vacaciones\/wp-content\/uploads\/2017\/10\/La-casa-de-Fuesta-en-el-Parque-Natural-del-Delta-del-Ebro-207-768x576.jpg 768w, https:\/\/www.litoral.es\/guia-de-vacaciones\/wp-content\/uploads\/2017\/10\/La-casa-de-Fuesta-en-el-Parque-Natural-del-Delta-del-Ebro-207-500x375.jpg 500w, https:\/\/www.litoral.es\/guia-de-vacaciones\/wp-content\/uploads\/2017\/10\/La-casa-de-Fuesta-en-el-Parque-Natural-del-Delta-del-Ebro-207-300x225.jpg 300w, https:\/\/www.litoral.es\/guia-de-vacaciones\/wp-content\/uploads\/2017\/10\/La-casa-de-Fuesta-en-el-Parque-Natural-del-Delta-del-Ebro-207-750x563.jpg 750w, https:\/\/www.litoral.es\/guia-de-vacaciones\/wp-content\/uploads\/2017\/10\/La-casa-de-Fuesta-en-el-Parque-Natural-del-Delta-del-Ebro-207-380x285.jpg 380w, https:\/\/www.litoral.es\/guia-de-vacaciones\/wp-content\/uploads\/2017\/10\/La-casa-de-Fuesta-en-el-Parque-Natural-del-Delta-del-Ebro-207-310x233.jpg 310w, https:\/\/www.litoral.es\/guia-de-vacaciones\/wp-content\/uploads\/2017\/10\/La-casa-de-Fuesta-en-el-Parque-Natural-del-Delta-del-Ebro-207-360x270.jpg 360w, https:\/\/www.litoral.es\/guia-de-vacaciones\/wp-content\/uploads\/2017\/10\/La-casa-de-Fuesta-en-el-Parque-Natural-del-Delta-del-Ebro-207-260x195.jpg 260w\" sizes=\"(max-width: 800px) 100vw, 800px\" \/><\/p>\n<div id=\"grid-gallery-61-26015\" data-gg-id=\"61\" data-title=\"La casa de Fusta \" data-grid-type=\"0\" data-offset=\"2.3\" data-area-position=\"center\" data-icons=\"\" data-preloader=\"true\" data-width=\"215\" data-height=\"215\" data-padding=\"0\" data-quicksand=\"disabled\" data-quicksand-duration=\"none\" data-popup-theme=\"theme_6\" data-popup-type=\"pretty-photo\" data-popup-image-text=\"data-description\" data-popup-widthsize=\"auto\" data-popup-heightsize=\"auto\" data-popup-i18n-words=\"{&quot;close&quot;:&quot;cerrar&quot;,&quot;next&quot;:&quot;siguiente&quot;,&quot;previous&quot;:&quot;anterior&quot;,&quot;start_slideshow&quot;:&quot;comenzar reproducci\\u00f3n&quot;,&quot;stop_slideshow&quot;:&quot;detener reproducci\\u00f3n&quot;,&quot;image&quot;:&quot;imagen&quot;,&quot;of&quot;:&quot;de&quot;,&quot;prev&quot;:&quot;ant&quot;,&quot;cExpand&quot;:&quot;Ampliar&quot;,&quot;cPrevious&quot;:&quot;Anterior&quot;,&quot;cNext&quot;:&quot;Siguiente&quot;,&quot;cExpandStr&quot;:&quot;Expandir la imagen&quot;,&quot;cRotate&quot;:&quot;Gire&quot;,&quot;cDetails&quot;:&quot;Details&quot;}\" data-popup-slideshow=\"false\" data-popup-slideshow-speed=\"2500\" data-popup-hoverstop=\"false\" data-popup-slideshow-auto=\"false\" data-popup-background=\"\" data-popup-transparency=\"30\" data-popup-disable-history=\"\" data-popup-disable-changed-url=\"\" data-popup-border-type=\"\" data-popup-border-color=\"\" data-popup-border-width=\"\" data-popup-border-enable=\"\" data-fullscreen=\"false\" data-hide-tooltip=\"false\" data-caption-font-family=\"Default\" data-caption-text-size=\"140\" data-is-mobile=\"0\" data-caption-mobile=\"false\" data-hide-long-tltp-title=\"0\" data-caption-disabled-on-mobile=\"false\" data-popup-placement-type=\"0\" data-social-sharing=\"{&quot;enabled&quot;:&quot;&quot;,&quot;gallerySharing&quot;:{&quot;enabled&quot;:null,&quot;position&quot;:null},&quot;imageSharing&quot;:{&quot;enabled&quot;:null,&quot;wrapperClass&quot;:&quot; vertical \\n &quot;},&quot;popupSharing&quot;:{&quot;enabled&quot;:null,&quot;wrapperClass&quot;:&quot; vertical \\n &quot;}}\" class=\"grid-gallery grid-gallery-fixed \" style=\" width:100%; height:auto ; margin-left:auto; margin-right:auto; position:relative;\" > <div class=\"gallery-loading\"> <div class=\"blocks\"> <div class=\"block\"><\/div> <div class=\"block\"><\/div> <div class=\"block\"><\/div> <div class=\"block\"><\/div> <\/div> <\/div> <div class=\"gallery-sharing-top\"><\/div> <div id=\"photos-61\" class=\"grid-gallery-photos \" > <FIGURE class=\"grid-gallery-caption \" data-grid-gallery-type=\"quarter-slide-up\" data-index=\"0\" style=\"display:none;border-radius: 00; ; margin: 2.3px; width:2150;\" ><div class=\"crop \" style=\" width:2150; height:2150; overflow:hidden; \"><img decoding=\"async\" src=\"https:\/\/www.litoral.es\/guia-de-vacaciones\/wp-content\/uploads\/2017\/10\/Parque-Natural-del-Delta-del-Ebro-217-215x215.jpg\" class=\"ggImg\" alt=\"La casa de fusta en el delta del ebro\" title=\"parque-natural-del-delta-del-ebro-217\" data-description=\"parque-natural-del-delta-del-ebro-217\" data-caption=\"Animales en la casa de fusta\" data-title=\"parque-natural-del-delta-del-ebro-217\" style=\" width:215px; height:215px; \" \/><\/div><FIGCAPTION class=\"\" data-alpha=\"5\" style=\"color:#ffffff; background-color:#81d742; font-size:140; text-align:left; font-family:Default;\" ><div class=\"grid-gallery-figcaption-wrap\" style=\" \"><\/div><\/FIGCAPTION><\/FIGURE> <FIGURE class=\"grid-gallery-caption \" data-grid-gallery-type=\"quarter-slide-up\" data-index=\"1\" style=\"display:none;border-radius: 00; ; margin: 2.3px; width:2150;\" ><div class=\"crop \" style=\" width:2150; height:2150; overflow:hidden; \"><img decoding=\"async\" src=\"https:\/\/www.litoral.es\/guia-de-vacaciones\/wp-content\/uploads\/2017\/10\/Parque-Natural-del-Delta-del-Ebro-214-215x215.jpg\" class=\"ggImg\" alt=\"barcas de percha tradicionale en el delta del ebro\" title=\"parque-natural-del-delta-del-ebro-214\" data-description=\"parque-natural-del-delta-del-ebro-214\" data-caption=\"Alquiler barcas de percha en la casa de Fusta \" data-title=\"parque-natural-del-delta-del-ebro-214\" style=\" width:215px; height:215px; \" \/><\/div><FIGCAPTION class=\"\" data-alpha=\"5\" style=\"color:#ffffff; background-color:#81d742; font-size:140; text-align:left; font-family:Default;\" ><div class=\"grid-gallery-figcaption-wrap\" style=\" \"><\/div><\/FIGCAPTION><\/FIGURE> <FIGURE class=\"grid-gallery-caption \" data-grid-gallery-type=\"quarter-slide-up\" data-index=\"2\" style=\"display:none;border-radius: 00; ; margin: 2.3px; width:2150;\" ><div class=\"crop \" style=\" width:2150; height:2150; overflow:hidden; \"><img decoding=\"async\" src=\"https:\/\/www.litoral.es\/guia-de-vacaciones\/wp-content\/uploads\/2017\/10\/Parque-Natural-del-Delta-del-Ebro-194-215x215.jpg\" class=\"ggImg\" alt=\"excursion en cuatriciclo en el delta del ebro\" title=\"parque-natural-del-delta-del-ebro-194\" data-description=\"parque-natural-del-delta-del-ebro-194\" data-caption=\"Alquiler de cuatriciclos en la Casa de Fusta \" data-title=\"parque-natural-del-delta-del-ebro-194\" style=\" width:215px; height:215px; \" \/><\/div><FIGCAPTION class=\"\" data-alpha=\"5\" style=\"color:#ffffff; background-color:#81d742; font-size:140; text-align:left; font-family:Default;\" ><div class=\"grid-gallery-figcaption-wrap\" style=\" \"><\/div><\/FIGCAPTION><\/FIGURE> <FIGURE class=\"grid-gallery-caption \" data-grid-gallery-type=\"quarter-slide-up\" data-index=\"3\" style=\"display:none;border-radius: 00; ; margin: 2.3px; width:2150;\" ><div class=\"crop \" style=\" width:2150; height:2150; overflow:hidden; \"><img decoding=\"async\" src=\"https:\/\/www.litoral.es\/guia-de-vacaciones\/wp-content\/uploads\/2017\/10\/La-casa-de-Fuesta-en-el-Parque-Natural-del-Delta-del-Ebro-206-215x215.jpg\" class=\"ggImg\" alt=\"La casa de fusta en el delta del ebro\" title=\"la-casa-de-fuesta-en-el-parque-natural-del-delta-del-ebro-206\" data-description=\"la-casa-de-fuesta-en-el-parque-natural-del-delta-del-ebro-206\" data-caption=\"La Casa de Fusta en el Delta del Ebro\" data-title=\"la-casa-de-fuesta-en-el-parque-natural-del-delta-del-ebro-206\" style=\" width:215px; height:215px; \" \/><\/div><FIGCAPTION class=\"\" data-alpha=\"5\" style=\"color:#ffffff; background-color:#81d742; font-size:140; text-align:left; font-family:Default;\" ><div class=\"grid-gallery-figcaption-wrap\" style=\" \"><\/div><\/FIGCAPTION><\/FIGURE> <FIGURE class=\"grid-gallery-caption \" data-grid-gallery-type=\"quarter-slide-up\" data-index=\"4\" style=\"display:none;border-radius: 00; ; margin: 2.3px; width:2150;\" ><div class=\"crop \" style=\" width:2150; height:2150; overflow:hidden; \"><img decoding=\"async\" src=\"https:\/\/www.litoral.es\/guia-de-vacaciones\/wp-content\/uploads\/2017\/10\/La-casa-de-Fuesta-en-el-Parque-Natural-del-Delta-del-Ebro-197-215x215.jpg\" class=\"ggImg\" alt=\"la casa del fusta en el delta del ebro\" title=\"la-casa-de-fuesta-en-el-parque-natural-del-delta-del-ebro-197\" data-description=\"la-casa-de-fuesta-en-el-parque-natural-del-delta-del-ebro-197\" data-caption=\"Restaurantes La Casa de Fusta en el Delta del Ebro\" data-title=\"la-casa-de-fuesta-en-el-parque-natural-del-delta-del-ebro-197\" style=\" width:215px; height:215px; \" \/><\/div><FIGCAPTION class=\"\" data-alpha=\"5\" style=\"color:#ffffff; background-color:#81d742; font-size:140; text-align:left; font-family:Default;\" ><div class=\"grid-gallery-figcaption-wrap\" style=\" \"><\/div><\/FIGCAPTION><\/FIGURE> <FIGURE class=\"grid-gallery-caption \" data-grid-gallery-type=\"quarter-slide-up\" data-index=\"5\" style=\"display:none;border-radius: 00; ; margin: 2.3px; width:2150;\" ><div class=\"crop \" style=\" width:2150; height:2150; overflow:hidden; \"><img decoding=\"async\" src=\"https:\/\/www.litoral.es\/guia-de-vacaciones\/wp-content\/uploads\/2017\/10\/La-casa-de-Fuesta-en-el-Parque-Natural-del-Delta-del-Ebro-195-215x215.jpg\" class=\"ggImg\" alt=\"la casa de fusta en el delta del ebro\" title=\"la-casa-de-fuesta-en-el-parque-natural-del-delta-del-ebro-195\" data-description=\"la-casa-de-fuesta-en-el-parque-natural-del-delta-del-ebro-195\" data-caption=\"La casa de Fusta en el Delta del Ebro\" data-title=\"la-casa-de-fuesta-en-el-parque-natural-del-delta-del-ebro-195\" style=\" width:215px; height:215px; \" \/><\/div><FIGCAPTION class=\"\" data-alpha=\"5\" style=\"color:#ffffff; background-color:#81d742; font-size:140; text-align:left; font-family:Default;\" ><div class=\"grid-gallery-figcaption-wrap\" style=\" \"><\/div><\/FIGCAPTION><\/FIGURE> <div class=\"grid-gallery-clearfix\"><\/div> <\/div> <div class=\"gallery-sharing-bottom\"><\/div> <div class=\"grid-gallery-clearfix\"><\/div> <\/div> <!-- Gallery by Supsystic plugin 1.15.21 --><a title=\"WordPress Image Gallery Plugin\" style=\"display:none;\" href=\"https:\/\/supsystic.com\/plugins\/photo-gallery\/?utm_medium=love_link\" target=\"_blank\">WordPress Image Gallery Plugin<\/a>\n<p><strong>La laguna de l\u2019Encanyissada es la m\u00e1s grande del Delta<\/strong>. Es una buena idea hacer <strong>una excursi\u00f3n en bicicleta desde el PobleNou del Delta hasta la Casa de Fusta<\/strong>, donde se encuentra el mirador de laguna de la Encanyissada.<\/p>\n<div class=\"su-note\"  style=\"border-color:#88d5a8;border-radius:3px;-moz-border-radius:3px;-webkit-border-radius:3px;\"><div class=\"su-note-inner su-u-clearfix su-u-trim\" style=\"background-color:#a2efc2;border-color:#ffffff;color:#020202;border-radius:3px;-moz-border-radius:3px;-webkit-border-radius:3px;\">Aqu\u00ed encontrar\u00e9is&nbsp; restaurantes con lo mejor de la gastronom\u00eda t\u00edpica del Delta y una barraca (construcci\u00f3n t\u00edpica del Delta) donde comprar productos y souvenirs de la tierra.<\/div><\/div>\n<p>Si prefer\u00eds continuar la excursi\u00f3n,<strong> <em>ten\u00e9is que saber que existe la posibilidad de dar la vuelta a la laguna<\/em><\/strong>, con tramos de carretera asfaltada y otros sin asfaltar. <strong>El recorrido es de unos 15 kil\u00f3metros.<\/strong><\/p>\n<p>Si llev\u00e1is con vosotros unos prism\u00e1ticos, <strong>ver\u00e9is toda clase de aves:<\/strong> garzas, martines pescadores, garcillas cangrejeras, avetorillos, cig\u00fce\u00f1uelas, canasteras, \u00e1nades reales, charranes, bigotudos, carriceros\u2026<\/p>\n<p>&nbsp;<\/p>\n<h3 style=\"text-align: left;\">La Punta del Fangar<\/h3>\n<p><img loading=\"lazy\" decoding=\"async\" class=\"aligncenter size-full wp-image-6542\" src=\"https:\/\/www.litoral.es\/guia-de-vacaciones\/wp-content\/uploads\/2017\/10\/Punta-del-Fangar-en-delta-del-Ebro.jpg\" alt=\"Faro de la punta del Fangar en el Delta del Ebro\" width=\"800\" height=\"600\" srcset=\"https:\/\/www.litoral.es\/guia-de-vacaciones\/wp-content\/uploads\/2017\/10\/Punta-del-Fangar-en-delta-del-Ebro.jpg 800w, https:\/\/www.litoral.es\/guia-de-vacaciones\/wp-content\/uploads\/2017\/10\/Punta-del-Fangar-en-delta-del-Ebro-250x188.jpg 250w, https:\/\/www.litoral.es\/guia-de-vacaciones\/wp-content\/uploads\/2017\/10\/Punta-del-Fangar-en-delta-del-Ebro-768x576.jpg 768w, https:\/\/www.litoral.es\/guia-de-vacaciones\/wp-content\/uploads\/2017\/10\/Punta-del-Fangar-en-delta-del-Ebro-500x375.jpg 500w, https:\/\/www.litoral.es\/guia-de-vacaciones\/wp-content\/uploads\/2017\/10\/Punta-del-Fangar-en-delta-del-Ebro-300x225.jpg 300w, https:\/\/www.litoral.es\/guia-de-vacaciones\/wp-content\/uploads\/2017\/10\/Punta-del-Fangar-en-delta-del-Ebro-750x563.jpg 750w, https:\/\/www.litoral.es\/guia-de-vacaciones\/wp-content\/uploads\/2017\/10\/Punta-del-Fangar-en-delta-del-Ebro-380x285.jpg 380w, https:\/\/www.litoral.es\/guia-de-vacaciones\/wp-content\/uploads\/2017\/10\/Punta-del-Fangar-en-delta-del-Ebro-310x233.jpg 310w, https:\/\/www.litoral.es\/guia-de-vacaciones\/wp-content\/uploads\/2017\/10\/Punta-del-Fangar-en-delta-del-Ebro-360x270.jpg 360w, https:\/\/www.litoral.es\/guia-de-vacaciones\/wp-content\/uploads\/2017\/10\/Punta-del-Fangar-en-delta-del-Ebro-260x195.jpg 260w\" sizes=\"(max-width: 800px) 100vw, 800px\" \/><\/p>\n<div id=\"grid-gallery-57-58706\" data-gg-id=\"57\" data-title=\"Punta del Fangar\" data-grid-type=\"0\" data-offset=\"2.3\" data-area-position=\"center\" data-icons=\"\" data-preloader=\"true\" data-width=\"215\" data-height=\"215\" data-padding=\"0\" data-quicksand=\"disabled\" data-quicksand-duration=\"none\" data-popup-theme=\"theme_6\" data-popup-type=\"pretty-photo\" data-popup-image-text=\"data-description\" data-popup-widthsize=\"auto\" data-popup-heightsize=\"auto\" data-popup-i18n-words=\"{&quot;close&quot;:&quot;cerrar&quot;,&quot;next&quot;:&quot;siguiente&quot;,&quot;previous&quot;:&quot;anterior&quot;,&quot;start_slideshow&quot;:&quot;comenzar reproducci\\u00f3n&quot;,&quot;stop_slideshow&quot;:&quot;detener reproducci\\u00f3n&quot;,&quot;image&quot;:&quot;imagen&quot;,&quot;of&quot;:&quot;de&quot;,&quot;prev&quot;:&quot;ant&quot;,&quot;cExpand&quot;:&quot;Ampliar&quot;,&quot;cPrevious&quot;:&quot;Anterior&quot;,&quot;cNext&quot;:&quot;Siguiente&quot;,&quot;cExpandStr&quot;:&quot;Expandir la imagen&quot;,&quot;cRotate&quot;:&quot;Gire&quot;,&quot;cDetails&quot;:&quot;Details&quot;}\" data-popup-slideshow=\"false\" data-popup-slideshow-speed=\"2500\" data-popup-hoverstop=\"false\" data-popup-slideshow-auto=\"false\" data-popup-background=\"\" data-popup-transparency=\"30\" data-popup-disable-history=\"\" data-popup-disable-changed-url=\"\" data-popup-border-type=\"\" data-popup-border-color=\"\" data-popup-border-width=\"\" data-popup-border-enable=\"\" data-fullscreen=\"false\" data-hide-tooltip=\"false\" data-caption-font-family=\"Default\" data-caption-text-size=\"140\" data-is-mobile=\"0\" data-caption-mobile=\"false\" data-hide-long-tltp-title=\"0\" data-caption-disabled-on-mobile=\"false\" data-popup-placement-type=\"0\" data-social-sharing=\"{&quot;enabled&quot;:&quot;&quot;,&quot;gallerySharing&quot;:{&quot;enabled&quot;:null,&quot;position&quot;:null},&quot;imageSharing&quot;:{&quot;enabled&quot;:null,&quot;wrapperClass&quot;:&quot; vertical \\n &quot;},&quot;popupSharing&quot;:{&quot;enabled&quot;:null,&quot;wrapperClass&quot;:&quot; vertical \\n &quot;}}\" class=\"grid-gallery grid-gallery-fixed \" style=\" width:100%; height:auto ; margin-left:auto; margin-right:auto; position:relative;\" > <div class=\"gallery-loading\"> <div class=\"blocks\"> <div class=\"block\"><\/div> <div class=\"block\"><\/div> <div class=\"block\"><\/div> <div class=\"block\"><\/div> <\/div> <\/div> <div class=\"gallery-sharing-top\"><\/div> <div id=\"photos-57\" class=\"grid-gallery-photos \" > <FIGURE class=\"grid-gallery-caption \" data-grid-gallery-type=\"quarter-slide-up\" data-index=\"0\" style=\"display:none;border-radius: 00; ; margin: 2.3px; width:2150;\" ><div class=\"crop \" style=\" width:2150; height:2150; overflow:hidden; \"><img decoding=\"async\" src=\"https:\/\/www.litoral.es\/guia-de-vacaciones\/wp-content\/uploads\/2017\/10\/Punta-del-Fangar-faro-de-fangar-215x215.jpg\" class=\"ggImg\" alt=\"Puesta de Sol en la Punta del Fangar\" title=\"punta-del-fangar-faro-de-fangar\" data-description=\"punta-del-fangar-faro-de-fangar\" data-caption=\"punta-del-fangar-faro-de-fangar\" data-title=\"punta-del-fangar-faro-de-fangar\" style=\" width:215px; height:215px; \" \/><\/div><FIGCAPTION class=\"\" data-alpha=\"5\" style=\"color:#ffffff; background-color:#6f0000; font-size:140; text-align:left; font-family:Default;\" ><div class=\"grid-gallery-figcaption-wrap\" style=\" \"><\/div><\/FIGCAPTION><\/FIGURE> <FIGURE class=\"grid-gallery-caption \" data-grid-gallery-type=\"quarter-slide-up\" data-index=\"1\" style=\"display:none;border-radius: 00; ; margin: 2.3px; width:2150;\" ><div class=\"crop \" style=\" width:2150; height:2150; overflow:hidden; \"><img decoding=\"async\" src=\"https:\/\/www.litoral.es\/guia-de-vacaciones\/wp-content\/uploads\/2017\/10\/Trabucador-107-215x215.jpg\" class=\"ggImg\" alt=\"Puesta de sol en la puesta del fangar\" title=\"Punta del Fangar durante la puesta de sol\" data-description=\"Punta del Fangar durante la puesta de sol\" data-caption=\"Punta del Fangar durante la puesta de sol\" data-title=\"Punta del Fangar durante la puesta de sol\" style=\" width:215px; height:215px; \" \/><\/div><FIGCAPTION class=\"\" data-alpha=\"5\" style=\"color:#ffffff; background-color:#6f0000; font-size:140; text-align:left; font-family:Default;\" ><div class=\"grid-gallery-figcaption-wrap\" style=\" \"><\/div><\/FIGCAPTION><\/FIGURE> <FIGURE class=\"grid-gallery-caption \" data-grid-gallery-type=\"quarter-slide-up\" data-index=\"2\" style=\"display:none;border-radius: 00; ; margin: 2.3px; width:2150;\" ><div class=\"crop \" style=\" width:2150; height:2150; overflow:hidden; \"><img decoding=\"async\" src=\"https:\/\/www.litoral.es\/guia-de-vacaciones\/wp-content\/uploads\/2017\/10\/Trabucador-124-215x215.jpg\" class=\"ggImg\" alt=\"Punta del Fangar\" title=\"Faro de la punta del Fangar\" data-description=\"Faro de la punta del Fangar\" data-caption=\"Faro de la punta del Fangar\" data-title=\"Faro de la punta del Fangar\" style=\" width:215px; height:215px; \" \/><\/div><FIGCAPTION class=\"\" data-alpha=\"5\" style=\"color:#ffffff; background-color:#6f0000; font-size:140; text-align:left; font-family:Default;\" ><div class=\"grid-gallery-figcaption-wrap\" style=\" \"><\/div><\/FIGCAPTION><\/FIGURE> <div class=\"grid-gallery-clearfix\"><\/div> <\/div> <div class=\"gallery-sharing-bottom\"><\/div> <div class=\"grid-gallery-clearfix\"><\/div> <\/div> <!-- Gallery by Supsystic plugin 1.15.21 --><a title=\"WordPress Image Gallery Plugin\" style=\"display:none;\" href=\"https:\/\/supsystic.com\/plugins\/photo-gallery\/?utm_medium=love_link\" target=\"_blank\">WordPress Image Gallery Plugin<\/a>\n<p>La Punta del Fangar (as\u00ed se conoce en su nombre catal\u00e1n) <strong>es la pen\u00ednsula que se adentra en el mar en la parte norte de la desembocadura del Ebro<\/strong> (hemidelta izquierdo)<strong> frente a la bah\u00eda del Fangar<\/strong>, dentro del municipio de Deltebre, en la comarca del BaixEbre.<\/p>\n<div class=\"su-note\"  style=\"border-color:#88d5a8;border-radius:3px;-moz-border-radius:3px;-webkit-border-radius:3px;\"><div class=\"su-note-inner su-u-clearfix su-u-trim\" style=\"background-color:#a2efc2;border-color:#ffffff;color:#020202;border-radius:3px;-moz-border-radius:3px;-webkit-border-radius:3px;\">Desde el aire, o si miras un mapa del Delta del Ebro, ver\u00e1s que tiene forma de flecha que entra en el mar y constituye el sistema de arenales y dunas m\u00f3viles mejor construido del Delta.<\/div><\/div>\n<p>Desde el punto de vista de la fauna, el aspecto m\u00e1s destacado es la importancia de la zona para la cr\u00eda de las aves marinas. Tiene, adem\u00e1s, una considerable importancia como \u00e1rea de refugio y alimentaci\u00f3n de especies de aves acu\u00e1ticas migratorias.<\/p>\n<p>L<strong>a pen\u00ednsula tiene unos 6 km de largo y 3 km de anchura m\u00e1xima,<\/strong> hasta llegar a su extremo, que recibe el nombre de punta del Fangar. Aqu\u00ed se encuentra el ic\u00f3nico faro del Fangar, que se puede visitar y no te va a decepcionar. Sin duda, una excursi\u00f3n muy recomendable si est\u00e1is haciendo turismo en el Delta del Ebro.<\/p>\n<h3 style=\"text-align: left;\">La Punta de la Banya<\/h3>\n<p><img loading=\"lazy\" decoding=\"async\" class=\"aligncenter size-full wp-image-6576\" src=\"https:\/\/www.litoral.es\/guia-de-vacaciones\/wp-content\/uploads\/2017\/10\/Punta-de-la-ba\u00f1a-playa-Delta-del-Ebro.jpg\" alt=\"Punta de la Ba\u00f1a\" width=\"800\" height=\"600\" srcset=\"https:\/\/www.litoral.es\/guia-de-vacaciones\/wp-content\/uploads\/2017\/10\/Punta-de-la-ba\u00f1a-playa-Delta-del-Ebro.jpg 800w, https:\/\/www.litoral.es\/guia-de-vacaciones\/wp-content\/uploads\/2017\/10\/Punta-de-la-ba\u00f1a-playa-Delta-del-Ebro-250x188.jpg 250w, https:\/\/www.litoral.es\/guia-de-vacaciones\/wp-content\/uploads\/2017\/10\/Punta-de-la-ba\u00f1a-playa-Delta-del-Ebro-768x576.jpg 768w, https:\/\/www.litoral.es\/guia-de-vacaciones\/wp-content\/uploads\/2017\/10\/Punta-de-la-ba\u00f1a-playa-Delta-del-Ebro-500x375.jpg 500w, https:\/\/www.litoral.es\/guia-de-vacaciones\/wp-content\/uploads\/2017\/10\/Punta-de-la-ba\u00f1a-playa-Delta-del-Ebro-300x225.jpg 300w, https:\/\/www.litoral.es\/guia-de-vacaciones\/wp-content\/uploads\/2017\/10\/Punta-de-la-ba\u00f1a-playa-Delta-del-Ebro-750x563.jpg 750w, https:\/\/www.litoral.es\/guia-de-vacaciones\/wp-content\/uploads\/2017\/10\/Punta-de-la-ba\u00f1a-playa-Delta-del-Ebro-380x285.jpg 380w, https:\/\/www.litoral.es\/guia-de-vacaciones\/wp-content\/uploads\/2017\/10\/Punta-de-la-ba\u00f1a-playa-Delta-del-Ebro-310x233.jpg 310w, https:\/\/www.litoral.es\/guia-de-vacaciones\/wp-content\/uploads\/2017\/10\/Punta-de-la-ba\u00f1a-playa-Delta-del-Ebro-360x270.jpg 360w, https:\/\/www.litoral.es\/guia-de-vacaciones\/wp-content\/uploads\/2017\/10\/Punta-de-la-ba\u00f1a-playa-Delta-del-Ebro-260x195.jpg 260w\" sizes=\"(max-width: 800px) 100vw, 800px\" \/><\/p>\n<p><strong>La Punta dela Banya<\/strong> (es conocida por su nombre catal\u00e1n) es una pen\u00ednsula que configura el \u00e1rea natural m\u00e1s extensa del Delta del Ebro, <strong>situada en su extremo sur<\/strong>, en el hemidelta derecho, por debajo de la desembocadura del r\u00edo Ebro.<\/p>\n<p>Se extiende frente a la costa de San Carlos de la R\u00e1pita y PobleNou del Delta, y est\u00e1 unida al Delta del Ebro a trav\u00e9s de la del barra del Trabucador, formando el espacio mar\u00edtimo conocido como labah\u00eda de los Alfacs.<\/p>\n<p>\u00c9ste es, a la vez, <strong>el puerto natural m\u00e1s grande de Europa<\/strong>.En la Punta de la Banya se encuentran las famosas Salinas de la Trinidad, y es un verdadero espect\u00e1culo recorrerla en coche mientras ves mar a lado y lado de la Punta de la Banya: el mar Mediterr\u00e1neo que da a la bah\u00eda de los Alfacs, con San Carlos de La R\u00e1pita al fondo, por un lado, y al mar Mediterr\u00e1neo abierto, por el otro.<\/p>\n<div class=\"su-quote su-quote-style-default\"><div class=\"su-quote-inner su-u-clearfix su-u-trim\"><em>Al final de la Punta de la Banya hay un chiringuito al que solo se puede acceder con barca.<\/em> <\/div><\/div>\n<p>Salen embarcaciones desde San Carlos de La R\u00e1pitaque os llevar\u00e1n y os vendr\u00e1n a recoger a distintos puntos tur\u00edsticos dentro de la bah\u00eda. Luego hablaremos de ellos.<\/p>\n<h3 style=\"text-align: left;\">Campos de arroz en el Delta del Ebro<\/h3>\n<p><img loading=\"lazy\" decoding=\"async\" class=\"aligncenter size-full wp-image-6550\" src=\"https:\/\/www.litoral.es\/guia-de-vacaciones\/wp-content\/uploads\/2017\/10\/Campos-de-Arroz-en-el-Delta-del-Ebro.jpg\" alt=\"Bonito campos de arroz del Delta del Ebro\" width=\"800\" height=\"600\" srcset=\"https:\/\/www.litoral.es\/guia-de-vacaciones\/wp-content\/uploads\/2017\/10\/Campos-de-Arroz-en-el-Delta-del-Ebro.jpg 800w, https:\/\/www.litoral.es\/guia-de-vacaciones\/wp-content\/uploads\/2017\/10\/Campos-de-Arroz-en-el-Delta-del-Ebro-250x188.jpg 250w, https:\/\/www.litoral.es\/guia-de-vacaciones\/wp-content\/uploads\/2017\/10\/Campos-de-Arroz-en-el-Delta-del-Ebro-768x576.jpg 768w, https:\/\/www.litoral.es\/guia-de-vacaciones\/wp-content\/uploads\/2017\/10\/Campos-de-Arroz-en-el-Delta-del-Ebro-500x375.jpg 500w, https:\/\/www.litoral.es\/guia-de-vacaciones\/wp-content\/uploads\/2017\/10\/Campos-de-Arroz-en-el-Delta-del-Ebro-300x225.jpg 300w, https:\/\/www.litoral.es\/guia-de-vacaciones\/wp-content\/uploads\/2017\/10\/Campos-de-Arroz-en-el-Delta-del-Ebro-750x563.jpg 750w, https:\/\/www.litoral.es\/guia-de-vacaciones\/wp-content\/uploads\/2017\/10\/Campos-de-Arroz-en-el-Delta-del-Ebro-380x285.jpg 380w, https:\/\/www.litoral.es\/guia-de-vacaciones\/wp-content\/uploads\/2017\/10\/Campos-de-Arroz-en-el-Delta-del-Ebro-310x233.jpg 310w, https:\/\/www.litoral.es\/guia-de-vacaciones\/wp-content\/uploads\/2017\/10\/Campos-de-Arroz-en-el-Delta-del-Ebro-360x270.jpg 360w, https:\/\/www.litoral.es\/guia-de-vacaciones\/wp-content\/uploads\/2017\/10\/Campos-de-Arroz-en-el-Delta-del-Ebro-260x195.jpg 260w\" sizes=\"(max-width: 800px) 100vw, 800px\" \/><\/p>\n<p><img loading=\"lazy\" decoding=\"async\" class=\"aligncenter size-full wp-image-6551\" src=\"https:\/\/www.litoral.es\/guia-de-vacaciones\/wp-content\/uploads\/2017\/10\/Campos-de-arroz-del-Delta-del-Ebro.jpg\" alt=\"Arrozales del Delta del Ebro\" width=\"800\" height=\"600\" srcset=\"https:\/\/www.litoral.es\/guia-de-vacaciones\/wp-content\/uploads\/2017\/10\/Campos-de-arroz-del-Delta-del-Ebro.jpg 800w, https:\/\/www.litoral.es\/guia-de-vacaciones\/wp-content\/uploads\/2017\/10\/Campos-de-arroz-del-Delta-del-Ebro-250x188.jpg 250w, https:\/\/www.litoral.es\/guia-de-vacaciones\/wp-content\/uploads\/2017\/10\/Campos-de-arroz-del-Delta-del-Ebro-768x576.jpg 768w, https:\/\/www.litoral.es\/guia-de-vacaciones\/wp-content\/uploads\/2017\/10\/Campos-de-arroz-del-Delta-del-Ebro-500x375.jpg 500w, https:\/\/www.litoral.es\/guia-de-vacaciones\/wp-content\/uploads\/2017\/10\/Campos-de-arroz-del-Delta-del-Ebro-300x225.jpg 300w, https:\/\/www.litoral.es\/guia-de-vacaciones\/wp-content\/uploads\/2017\/10\/Campos-de-arroz-del-Delta-del-Ebro-750x563.jpg 750w, https:\/\/www.litoral.es\/guia-de-vacaciones\/wp-content\/uploads\/2017\/10\/Campos-de-arroz-del-Delta-del-Ebro-380x285.jpg 380w, https:\/\/www.litoral.es\/guia-de-vacaciones\/wp-content\/uploads\/2017\/10\/Campos-de-arroz-del-Delta-del-Ebro-310x233.jpg 310w, https:\/\/www.litoral.es\/guia-de-vacaciones\/wp-content\/uploads\/2017\/10\/Campos-de-arroz-del-Delta-del-Ebro-360x270.jpg 360w, https:\/\/www.litoral.es\/guia-de-vacaciones\/wp-content\/uploads\/2017\/10\/Campos-de-arroz-del-Delta-del-Ebro-260x195.jpg 260w\" sizes=\"(max-width: 800px) 100vw, 800px\" \/><\/p>\n<p><img loading=\"lazy\" decoding=\"async\" class=\"aligncenter size-full wp-image-6552\" src=\"https:\/\/www.litoral.es\/guia-de-vacaciones\/wp-content\/uploads\/2017\/10\/Arrozales-Delta-del-Ebro.jpg\" alt=\"Campos de arroz del Delta del Ebro\" width=\"800\" height=\"600\" srcset=\"https:\/\/www.litoral.es\/guia-de-vacaciones\/wp-content\/uploads\/2017\/10\/Arrozales-Delta-del-Ebro.jpg 800w, https:\/\/www.litoral.es\/guia-de-vacaciones\/wp-content\/uploads\/2017\/10\/Arrozales-Delta-del-Ebro-250x188.jpg 250w, https:\/\/www.litoral.es\/guia-de-vacaciones\/wp-content\/uploads\/2017\/10\/Arrozales-Delta-del-Ebro-768x576.jpg 768w, https:\/\/www.litoral.es\/guia-de-vacaciones\/wp-content\/uploads\/2017\/10\/Arrozales-Delta-del-Ebro-500x375.jpg 500w, https:\/\/www.litoral.es\/guia-de-vacaciones\/wp-content\/uploads\/2017\/10\/Arrozales-Delta-del-Ebro-300x225.jpg 300w, https:\/\/www.litoral.es\/guia-de-vacaciones\/wp-content\/uploads\/2017\/10\/Arrozales-Delta-del-Ebro-750x563.jpg 750w, https:\/\/www.litoral.es\/guia-de-vacaciones\/wp-content\/uploads\/2017\/10\/Arrozales-Delta-del-Ebro-380x285.jpg 380w, https:\/\/www.litoral.es\/guia-de-vacaciones\/wp-content\/uploads\/2017\/10\/Arrozales-Delta-del-Ebro-310x233.jpg 310w, https:\/\/www.litoral.es\/guia-de-vacaciones\/wp-content\/uploads\/2017\/10\/Arrozales-Delta-del-Ebro-360x270.jpg 360w, https:\/\/www.litoral.es\/guia-de-vacaciones\/wp-content\/uploads\/2017\/10\/Arrozales-Delta-del-Ebro-260x195.jpg 260w\" sizes=\"(max-width: 800px) 100vw, 800px\" \/><\/p>\n<p><strong>Los campos de arroz<\/strong> en el Delta del Ebro <strong>son si duda el paisaje m\u00e1s t\u00edpico y el emblema del delta<\/strong>, que le da color y aroma durante todo el a\u00f1o. Son la perfecta estampa para hacer unas fotos espectaculares y para la observaci\u00f3n de aves. <span class=\"su-label su-label-type-success\">No te lo puedes perder!<\/span>\n<p><strong>En invierno est\u00e1n secos, sin agua, descansando y oxigenando<\/strong> la tierra para la \u00e9poca de la siembra, que llega en abril. Entonces se inundan de agua y forman un inmenso espejo \u2013si est\u00e1is pensando en hacer turismo en el Delta del Ebro,<strong> la primavera es una \u00e9poca preciosa para hacerlo precisamente gracias al aspecto de los campos de arroz.<\/strong><\/p>\n<p>Los meses de<strong> junio y julio,<\/strong> estos campos antes inundados, ahora est\u00e1n verdes porque el arroz ha empezado a crecer y <strong>su imagen es igualmente espectacular:<\/strong> <span class=\"su-label su-label-type-success\">un enorme prado verde<\/span>.<\/p>\n<p>Los meses de agosto y septiembre los campos de arroz son amarillos porque el arroz ha madurado.<\/p>\n<p>Es entre finales de septiembre y octubre que se siega el arroz y los campos empiezan a secarse de nuevo para pasar el invierno y empezar as\u00ed un nuevo ciclo.<\/p>\n<p>&nbsp;<\/p>\n<h3 style=\"text-align: left;\">El Puerto de Beceite<\/h3>\n<p><img loading=\"lazy\" decoding=\"async\" class=\"aligncenter size-full wp-image-6516\" src=\"https:\/\/www.litoral.es\/guia-de-vacaciones\/wp-content\/uploads\/2017\/10\/Ports-de-Beceit-parrizal-45.jpg\" alt=\"Puerto de Beceit\" width=\"800\" height=\"600\" srcset=\"https:\/\/www.litoral.es\/guia-de-vacaciones\/wp-content\/uploads\/2017\/10\/Ports-de-Beceit-parrizal-45.jpg 800w, https:\/\/www.litoral.es\/guia-de-vacaciones\/wp-content\/uploads\/2017\/10\/Ports-de-Beceit-parrizal-45-250x188.jpg 250w, https:\/\/www.litoral.es\/guia-de-vacaciones\/wp-content\/uploads\/2017\/10\/Ports-de-Beceit-parrizal-45-768x576.jpg 768w, https:\/\/www.litoral.es\/guia-de-vacaciones\/wp-content\/uploads\/2017\/10\/Ports-de-Beceit-parrizal-45-500x375.jpg 500w, https:\/\/www.litoral.es\/guia-de-vacaciones\/wp-content\/uploads\/2017\/10\/Ports-de-Beceit-parrizal-45-300x225.jpg 300w, https:\/\/www.litoral.es\/guia-de-vacaciones\/wp-content\/uploads\/2017\/10\/Ports-de-Beceit-parrizal-45-750x563.jpg 750w, https:\/\/www.litoral.es\/guia-de-vacaciones\/wp-content\/uploads\/2017\/10\/Ports-de-Beceit-parrizal-45-380x285.jpg 380w, https:\/\/www.litoral.es\/guia-de-vacaciones\/wp-content\/uploads\/2017\/10\/Ports-de-Beceit-parrizal-45-310x233.jpg 310w, https:\/\/www.litoral.es\/guia-de-vacaciones\/wp-content\/uploads\/2017\/10\/Ports-de-Beceit-parrizal-45-360x270.jpg 360w, https:\/\/www.litoral.es\/guia-de-vacaciones\/wp-content\/uploads\/2017\/10\/Ports-de-Beceit-parrizal-45-260x195.jpg 260w\" sizes=\"(max-width: 800px) 100vw, 800px\" \/><\/p>\n<div id=\"grid-gallery-54-56022\" data-gg-id=\"54\" data-title=\"Puerto de Beceit\" data-grid-type=\"0\" data-offset=\"2.3\" data-area-position=\"center\" data-icons=\"\" data-preloader=\"true\" data-width=\"215\" data-height=\"215\" data-padding=\"0\" data-quicksand=\"disabled\" data-quicksand-duration=\"none\" data-popup-theme=\"theme_6\" data-popup-type=\"pretty-photo\" data-popup-image-text=\"data-description\" data-popup-widthsize=\"auto\" data-popup-heightsize=\"auto\" data-popup-i18n-words=\"{&quot;close&quot;:&quot;cerrar&quot;,&quot;next&quot;:&quot;siguiente&quot;,&quot;previous&quot;:&quot;anterior&quot;,&quot;start_slideshow&quot;:&quot;comenzar reproducci\\u00f3n&quot;,&quot;stop_slideshow&quot;:&quot;detener reproducci\\u00f3n&quot;,&quot;image&quot;:&quot;imagen&quot;,&quot;of&quot;:&quot;de&quot;,&quot;prev&quot;:&quot;ant&quot;,&quot;cExpand&quot;:&quot;Ampliar&quot;,&quot;cPrevious&quot;:&quot;Anterior&quot;,&quot;cNext&quot;:&quot;Siguiente&quot;,&quot;cExpandStr&quot;:&quot;Expandir la imagen&quot;,&quot;cRotate&quot;:&quot;Gire&quot;,&quot;cDetails&quot;:&quot;Details&quot;}\" data-popup-slideshow=\"false\" data-popup-slideshow-speed=\"2500\" data-popup-hoverstop=\"false\" data-popup-slideshow-auto=\"false\" data-popup-background=\"\" data-popup-transparency=\"30\" data-popup-disable-history=\"\" data-popup-disable-changed-url=\"\" data-popup-border-type=\"\" data-popup-border-color=\"\" data-popup-border-width=\"\" data-popup-border-enable=\"\" data-fullscreen=\"false\" data-hide-tooltip=\"false\" data-caption-font-family=\"Default\" data-caption-text-size=\"140\" data-is-mobile=\"0\" data-caption-mobile=\"false\" data-hide-long-tltp-title=\"0\" data-caption-disabled-on-mobile=\"false\" data-popup-placement-type=\"0\" data-social-sharing=\"{&quot;enabled&quot;:&quot;&quot;,&quot;gallerySharing&quot;:{&quot;enabled&quot;:null,&quot;position&quot;:null},&quot;imageSharing&quot;:{&quot;enabled&quot;:null,&quot;wrapperClass&quot;:&quot; vertical \\n &quot;},&quot;popupSharing&quot;:{&quot;enabled&quot;:null,&quot;wrapperClass&quot;:&quot; vertical \\n &quot;}}\" class=\"grid-gallery grid-gallery-fixed \" style=\" width:100%; height:auto ; margin-left:auto; margin-right:auto; position:relative;\" > <div class=\"gallery-loading\"> <div class=\"blocks\"> <div class=\"block\"><\/div> <div class=\"block\"><\/div> <div class=\"block\"><\/div> <div class=\"block\"><\/div> <\/div> <\/div> <div class=\"gallery-sharing-top\"><\/div> <div id=\"photos-54\" class=\"grid-gallery-photos \" > <FIGURE class=\"grid-gallery-caption \" data-grid-gallery-type=\"quarter-slide-up\" data-index=\"0\" style=\"display:none;border-radius: 00; ; margin: 2.3px; width:2150;\" ><div class=\"crop \" style=\" width:2150; height:2150; overflow:hidden; \"><img decoding=\"async\" src=\"https:\/\/www.litoral.es\/guia-de-vacaciones\/wp-content\/uploads\/2017\/10\/Ports-de-Beceit-parrizal-51-215x215.jpg\" class=\"ggImg\" alt=\"Puerto de Beceit\" title=\"Parrizal en el puerto de Beceit\" data-description=\"Parrizal en el puerto de Beceit\" data-caption=\"Parrizal en el puerto de Beceit\" data-title=\"Parrizal en el puerto de Beceit\" style=\" width:215px; height:215px; \" \/><\/div><FIGCAPTION class=\"\" data-alpha=\"5\" style=\"color:#ffffff; background-color:#eeee22; font-size:140; text-align:left; font-family:Default;\" ><div class=\"grid-gallery-figcaption-wrap\" style=\" \"><\/div><\/FIGCAPTION><\/FIGURE> <FIGURE class=\"grid-gallery-caption \" data-grid-gallery-type=\"quarter-slide-up\" data-index=\"1\" style=\"display:none;border-radius: 00; ; margin: 2.3px; width:2150;\" ><div class=\"crop \" style=\" width:2150; height:2150; overflow:hidden; \"><img decoding=\"async\" src=\"https:\/\/www.litoral.es\/guia-de-vacaciones\/wp-content\/uploads\/2017\/10\/Ports-de-Beceit-parrizal-32-215x215.jpg\" class=\"ggImg\" alt=\"Puerto de Beceit\" title=\"Puerto de Beceit\" data-description=\"Puerto de Beceit\" data-caption=\"Puerto de Beceit\" data-title=\"Puerto de Beceit\" style=\" width:215px; height:215px; \" \/><\/div><FIGCAPTION class=\"\" data-alpha=\"5\" style=\"color:#ffffff; background-color:#eeee22; font-size:140; text-align:left; font-family:Default;\" ><div class=\"grid-gallery-figcaption-wrap\" style=\" \"><\/div><\/FIGCAPTION><\/FIGURE> <FIGURE class=\"grid-gallery-caption \" data-grid-gallery-type=\"quarter-slide-up\" data-index=\"2\" style=\"display:none;border-radius: 00; ; margin: 2.3px; width:2150;\" ><div class=\"crop \" style=\" width:2150; height:2150; overflow:hidden; \"><img decoding=\"async\" src=\"https:\/\/www.litoral.es\/guia-de-vacaciones\/wp-content\/uploads\/2017\/10\/Ports-de-Beceit-parrizal-39-215x215.jpg\" class=\"ggImg\" alt=\"Puerto de Beceit\" title=\"Puerto de Beceit\" data-description=\"Puerto de Beceit\" data-caption=\"Puerto de Beceit\" data-title=\"Puerto de Beceit\" style=\" width:215px; height:215px; \" \/><\/div><FIGCAPTION class=\"\" data-alpha=\"5\" style=\"color:#ffffff; background-color:#eeee22; font-size:140; text-align:left; font-family:Default;\" ><div class=\"grid-gallery-figcaption-wrap\" style=\" \"><\/div><\/FIGCAPTION><\/FIGURE> <FIGURE class=\"grid-gallery-caption \" data-grid-gallery-type=\"quarter-slide-up\" data-index=\"3\" style=\"display:none;border-radius: 00; ; margin: 2.3px; width:2150;\" ><div class=\"crop \" style=\" width:2150; height:2150; overflow:hidden; \"><img decoding=\"async\" src=\"https:\/\/www.litoral.es\/guia-de-vacaciones\/wp-content\/uploads\/2017\/10\/Ports-de-Beceit-parrizal-27-215x215.jpg\" class=\"ggImg\" alt=\"Puerto de Beceit\" title=\"Puerto de Beceit\" data-description=\"Puerto de Beceit\" data-caption=\"Puerto de Beceit\" data-title=\"Puerto de Beceit\" style=\" width:215px; height:215px; \" \/><\/div><FIGCAPTION class=\"\" data-alpha=\"5\" style=\"color:#ffffff; background-color:#eeee22; font-size:140; text-align:left; font-family:Default;\" ><div class=\"grid-gallery-figcaption-wrap\" style=\" \"><\/div><\/FIGCAPTION><\/FIGURE> <FIGURE class=\"grid-gallery-caption \" data-grid-gallery-type=\"quarter-slide-up\" data-index=\"4\" style=\"display:none;border-radius: 00; ; margin: 2.3px; width:2150;\" ><div class=\"crop \" style=\" width:2150; height:2150; overflow:hidden; \"><img decoding=\"async\" src=\"https:\/\/www.litoral.es\/guia-de-vacaciones\/wp-content\/uploads\/2017\/10\/Ports-de-Beceit-parrizal-5-215x215.jpg\" class=\"ggImg\" alt=\"El parrizal del puerto de Beceit\" title=\"Puerto de Beceit, parrizal\" data-description=\"Puerto de Beceit, parrizal\" data-caption=\"Puerto de Beceit, parrizal\" data-title=\"Puerto de Beceit, parrizal\" style=\" width:215px; height:215px; \" \/><\/div><FIGCAPTION class=\"\" data-alpha=\"5\" style=\"color:#ffffff; background-color:#eeee22; font-size:140; text-align:left; font-family:Default;\" ><div class=\"grid-gallery-figcaption-wrap\" style=\" \"><\/div><\/FIGCAPTION><\/FIGURE> <FIGURE class=\"grid-gallery-caption \" data-grid-gallery-type=\"quarter-slide-up\" data-index=\"5\" style=\"display:none;border-radius: 00; ; margin: 2.3px; width:2150;\" ><div class=\"crop \" style=\" width:2150; height:2150; overflow:hidden; \"><img decoding=\"async\" src=\"https:\/\/www.litoral.es\/guia-de-vacaciones\/wp-content\/uploads\/2017\/10\/Ports-de-Beceit-parrizal-3-215x215.jpg\" class=\"ggImg\" alt=\"Puerto de Beceit\" title=\"El parrizal del Puerto de Beceit\" data-description=\"El parrizal del Puerto de Beceit\" data-caption=\"El parrizal del Puerto de Beceit\" data-title=\"El parrizal del Puerto de Beceit\" style=\" width:215px; height:215px; \" \/><\/div><FIGCAPTION class=\"\" data-alpha=\"5\" style=\"color:#ffffff; background-color:#eeee22; font-size:140; text-align:left; font-family:Default;\" ><div class=\"grid-gallery-figcaption-wrap\" style=\" \"><\/div><\/FIGCAPTION><\/FIGURE> <div class=\"grid-gallery-clearfix\"><\/div> <\/div> <div class=\"gallery-sharing-bottom\"><\/div> <div class=\"grid-gallery-clearfix\"><\/div> <\/div> <!-- Gallery by Supsystic plugin 1.15.21 --><a title=\"WordPress Image Gallery Plugin\" style=\"display:none;\" href=\"https:\/\/supsystic.com\/plugins\/photo-gallery\/?utm_medium=love_link\" target=\"_blank\">WordPress Image Gallery Plugin<\/a>\n<p><strong>El Puerto de Beceite<\/strong> (o Port de Beseit como se conoce en catal\u00e1n o simplemente \u201celsPorts\u201d) son las <strong>monta\u00f1as situadas entre las provincias de Tarragona, Castell\u00f3n y Teruel,<\/strong> que engloban las comarcas del BaixEbre y el Montsi\u00e0 al este, la Terra Alta (provincia Tarragona) y el Matarra\u00f1a (provincia Teruel), en el noroeste y el BaixMaestrat al sur (Castell\u00f3n).<\/p>\n<p>El punto m\u00e1s alto y pico m\u00e1s conocido del Parque Natural de los Puertos es el Monte Caro, que tiene 1.447 metros de altura.<\/p>\n<p>Os recomendamos, si est\u00e1is pasando unos d\u00edas de vacaciones en el Delta del Ebro, que hag\u00e1is una excursi\u00f3n de un d\u00eda al Port de Beseit. En oto\u00f1o es muy frecuente ir a buscar setas (ca\u00e7arbolets, como dicen aqu\u00ed). Independientemente de esto,<strong> los Ports de Beseit rebosan naturaleza por todos lados.<\/strong><\/p>\n<p>Hay cientos de rutas para hacer trekking. Aqu\u00ed, adem\u00e1s de la vegetaci\u00f3n t\u00edpica de monta\u00f1a mediterr\u00e1nea (carrascas, pinos, hayas y tejos) podr\u00e9is avistar cabras salvajes (la especie emblema de los Puertos) pero tambi\u00e9n aves y otras especies que solo se pueden encontrar aqu\u00ed.<\/p>\n<p><strong>Los m\u00e1s buscados son las \u00e1guilas<\/strong>, peque\u00f1os p\u00e1jaros estivales (Serinuscitrinella y Sylvia undata) y <strong>rapaces como falcones o Bubo bubos<\/strong>. Si os fij\u00e1is bien, podr\u00e9is tambi\u00e9n ver nutrias, la ranita de puntitos, gatos salvajes, murci\u00e9lagos, el gal\u00e1pago leproso, la salamanquesa rosada, la serpiente lisa septentrional\u2026 todo un espect\u00e1culo para los amantes de la naturaleza y los animales.<\/p>\n<p>No dej\u00e9is de visitar alguna de estas localidades: Horta de Sant Joan, La Senia, Alfara de Carles, Mas de Barberans o Pa\u00fcls porque son pueblos de monta\u00f1a con encanto donde adem\u00e1s encontrar\u00e9is muy buenos restaurantes de comida t\u00edpica de monta\u00f1a.<\/p>\n<p style=\"text-align: center;\"><span style=\"font-size: 14pt;\"><strong>\u00bfPreparando las vacaciones?<\/strong><\/span><\/p>\n<p style=\"text-align: center;\"><span style=\"font-size: 14pt;\"><strong>Busca la casa o apartamento ideal en la Costa Dorada&#8230;<\/strong><\/span><\/p>\n<p style=\"text-align: center;\"><a id=\"200\" class=\"fasc-button fasc-size-large fasc-type-glossy fasc-rounded-medium ico-fa fasc-ico-before fa-home fasc-style-bold fasc-style-italic\" style=\"background-color: #ee771a; color: #ffffff;\" target=\"_blank\" href=\"https:\/\/www.litoral.es\/costa-dorada\" rel=\"noopener noreferrer\"><\/a>Busca t\u00fa alojamiento<\/p>\n<p style=\"text-align: center;\">&nbsp;<\/p>\n<h2 style=\"text-align: left;\">\u00bfQu\u00e9 hacer con ni\u00f1os en el Delta del Ebro?<\/h2>\n<p><img loading=\"lazy\" decoding=\"async\" class=\"aligncenter size-full wp-image-6821\" src=\"https:\/\/www.litoral.es\/guia-de-vacaciones\/wp-content\/uploads\/2017\/10\/Que-ver-en-el-Delta-del-Ebro.jpg\" alt=\"Que ver en el Delta del Ebro\" width=\"850\" height=\"2000\" srcset=\"https:\/\/www.litoral.es\/guia-de-vacaciones\/wp-content\/uploads\/2017\/10\/Que-ver-en-el-Delta-del-Ebro.jpg 850w, https:\/\/www.litoral.es\/guia-de-vacaciones\/wp-content\/uploads\/2017\/10\/Que-ver-en-el-Delta-del-Ebro-250x588.jpg 250w, https:\/\/www.litoral.es\/guia-de-vacaciones\/wp-content\/uploads\/2017\/10\/Que-ver-en-el-Delta-del-Ebro-768x1807.jpg 768w, https:\/\/www.litoral.es\/guia-de-vacaciones\/wp-content\/uploads\/2017\/10\/Que-ver-en-el-Delta-del-Ebro-500x1176.jpg 500w, https:\/\/www.litoral.es\/guia-de-vacaciones\/wp-content\/uploads\/2017\/10\/Que-ver-en-el-Delta-del-Ebro-300x706.jpg 300w, https:\/\/www.litoral.es\/guia-de-vacaciones\/wp-content\/uploads\/2017\/10\/Que-ver-en-el-Delta-del-Ebro-750x1765.jpg 750w, https:\/\/www.litoral.es\/guia-de-vacaciones\/wp-content\/uploads\/2017\/10\/Que-ver-en-el-Delta-del-Ebro-380x894.jpg 380w, https:\/\/www.litoral.es\/guia-de-vacaciones\/wp-content\/uploads\/2017\/10\/Que-ver-en-el-Delta-del-Ebro-310x729.jpg 310w, https:\/\/www.litoral.es\/guia-de-vacaciones\/wp-content\/uploads\/2017\/10\/Que-ver-en-el-Delta-del-Ebro-360x847.jpg 360w, https:\/\/www.litoral.es\/guia-de-vacaciones\/wp-content\/uploads\/2017\/10\/Que-ver-en-el-Delta-del-Ebro-260x612.jpg 260w\" sizes=\"(max-width: 850px) 100vw, 850px\" \/><\/p>\n<p>&nbsp;<\/p>\n<p>Inserta este c\u00f3digo para compartir la infograf\u00eda en tu web o blog:<\/p>\n<blockquote style=\"width: 100%;\"><p>&lt;\/p&gt; &lt;p&gt;&lt;a href=\u201dhttps:\/\/www.litoral.es\/guia-de-vacaciones\/delta-del-ebro-que-ver-y-hacer\u201d title=\u201dque ver y hacer en el delta del ebro\u201d&gt;&lt;img src=\u201d&lt;a href=\u00bbhttps:\/\/www.litoral.es\/guia-de-vacaciones\/wp-content\/uploads\/2017\/10\/Que-ver-en-el-Delta-del-Ebro.jpg\u00bb&gt;&lt;img class=\u00bbalignleft size-full wp-image-14689&#8243; src=\u00bbhttps:\/\/www.litoral.es\/guia-de-vacaciones\/wp-content\/uploads\/2017\/10\/Que-ver-en-el-Delta-del-Ebro.jpg\u00bb alt=\u00bbInfografia sobre que hacer en el delta del ebro\u00bb width=\u00bb1495&#8243; height=\u00bb2106&#8243; \/&gt;&lt;\/a&gt;\u201d title=\u201dinformaci\u00f3n pr\u00e1ctica Portaventura\u201d alt=\u201d Infografia sobre los mejores consejos antes de viajar a PortAventura\u201d width=\u201d100%\u201d \/&gt;&lt;\/a&gt;&lt;br \/&gt;Realizado por &lt;a href=\u201dhttps:\/\/www.litoral.es\/\u201d title=\u201dLitoral\u201d&gt;Litoral&lt;\/a&gt;&lt;\/p&gt; &lt;p&gt;<\/p><\/blockquote>\n<p>&nbsp;<\/p>\n<div class=\"su-divider su-divider-style-default\" style=\"margin:10px 0;border-width:1px;border-color:#999999\"><\/div>\n<p>El Delta del Ebro es un<strong> destino ideal para pasar unas vacaciones con ni\u00f1os.<\/strong> Un entorno natural, libre de contaminaci\u00f3n, rodeado de playas y zonas de recreo al aire libre donde los m\u00e1s peque\u00f1os pasar\u00e1n una experiencia inolvidable.<\/p>\n<p><em><div class=\"su-quote su-quote-style-default\"><div class=\"su-quote-inner su-u-clearfix su-u-trim\">Sin duda, unas vacaciones que te devuelven ox\u00edgeno y te reconectan contigo mismo.<\/div><\/div><\/em><\/p>\n<p>Desde Litoral Costa Dorada queremos daros los mejores consejos para que no falte diversi\u00f3n adaptada a los m\u00e1s peque\u00f1os de la casa con actividades aptas para toda la familia.<\/p>\n<p>Sin duda nuestro mejor consejo cuando viajas al Delta del Ebro con ni\u00f1os es que lo primero que debes hacer es subirte a un barco y realizar el recorrido por el rio y despu\u00e9s dirigirte a la Casa de Fusta. All\u00ed pod\u00e9is visitar el museo y centro de informaci\u00f3n para tener un primer contacto con el Delta. Adem\u00e1s es un lugar fant\u00e1stico para realizar un sinf\u00edn de actividades toda la familia. Alquiler de bicicletas, cuatriciclos, barcas tradicionales<\/p>\n<h3 style=\"text-align: left;\">1.- Recorre el Delta del Ebro en barco<\/h3>\n<p><img loading=\"lazy\" decoding=\"async\" class=\"aligncenter size-full wp-image-6667\" src=\"https:\/\/www.litoral.es\/guia-de-vacaciones\/wp-content\/uploads\/2017\/10\/Parque-Natural-del-Delta-del-Ebro-desembocadura-del-rio-16.jpg\" alt=\"Desembocadura del Delta del Ebro y barcos turisticos\" width=\"800\" height=\"600\" srcset=\"https:\/\/www.litoral.es\/guia-de-vacaciones\/wp-content\/uploads\/2017\/10\/Parque-Natural-del-Delta-del-Ebro-desembocadura-del-rio-16.jpg 800w, https:\/\/www.litoral.es\/guia-de-vacaciones\/wp-content\/uploads\/2017\/10\/Parque-Natural-del-Delta-del-Ebro-desembocadura-del-rio-16-250x188.jpg 250w, https:\/\/www.litoral.es\/guia-de-vacaciones\/wp-content\/uploads\/2017\/10\/Parque-Natural-del-Delta-del-Ebro-desembocadura-del-rio-16-768x576.jpg 768w, https:\/\/www.litoral.es\/guia-de-vacaciones\/wp-content\/uploads\/2017\/10\/Parque-Natural-del-Delta-del-Ebro-desembocadura-del-rio-16-500x375.jpg 500w, https:\/\/www.litoral.es\/guia-de-vacaciones\/wp-content\/uploads\/2017\/10\/Parque-Natural-del-Delta-del-Ebro-desembocadura-del-rio-16-300x225.jpg 300w, https:\/\/www.litoral.es\/guia-de-vacaciones\/wp-content\/uploads\/2017\/10\/Parque-Natural-del-Delta-del-Ebro-desembocadura-del-rio-16-750x563.jpg 750w, https:\/\/www.litoral.es\/guia-de-vacaciones\/wp-content\/uploads\/2017\/10\/Parque-Natural-del-Delta-del-Ebro-desembocadura-del-rio-16-380x285.jpg 380w, https:\/\/www.litoral.es\/guia-de-vacaciones\/wp-content\/uploads\/2017\/10\/Parque-Natural-del-Delta-del-Ebro-desembocadura-del-rio-16-310x233.jpg 310w, https:\/\/www.litoral.es\/guia-de-vacaciones\/wp-content\/uploads\/2017\/10\/Parque-Natural-del-Delta-del-Ebro-desembocadura-del-rio-16-360x270.jpg 360w, https:\/\/www.litoral.es\/guia-de-vacaciones\/wp-content\/uploads\/2017\/10\/Parque-Natural-del-Delta-del-Ebro-desembocadura-del-rio-16-260x195.jpg 260w\" sizes=\"(max-width: 800px) 100vw, 800px\" \/><\/p>\n<p><img loading=\"lazy\" decoding=\"async\" class=\"aligncenter size-full wp-image-6684\" src=\"https:\/\/www.litoral.es\/guia-de-vacaciones\/wp-content\/uploads\/2017\/10\/Parque-Natural-del-Delta-del-Ebro-desembocadura-del-rio-14.jpg\" alt=\"que ver y hacer en el Delta del Ebro con ni\u00f1os\" width=\"800\" height=\"600\" srcset=\"https:\/\/www.litoral.es\/guia-de-vacaciones\/wp-content\/uploads\/2017\/10\/Parque-Natural-del-Delta-del-Ebro-desembocadura-del-rio-14.jpg 800w, https:\/\/www.litoral.es\/guia-de-vacaciones\/wp-content\/uploads\/2017\/10\/Parque-Natural-del-Delta-del-Ebro-desembocadura-del-rio-14-250x188.jpg 250w, https:\/\/www.litoral.es\/guia-de-vacaciones\/wp-content\/uploads\/2017\/10\/Parque-Natural-del-Delta-del-Ebro-desembocadura-del-rio-14-768x576.jpg 768w, https:\/\/www.litoral.es\/guia-de-vacaciones\/wp-content\/uploads\/2017\/10\/Parque-Natural-del-Delta-del-Ebro-desembocadura-del-rio-14-500x375.jpg 500w, https:\/\/www.litoral.es\/guia-de-vacaciones\/wp-content\/uploads\/2017\/10\/Parque-Natural-del-Delta-del-Ebro-desembocadura-del-rio-14-300x225.jpg 300w, https:\/\/www.litoral.es\/guia-de-vacaciones\/wp-content\/uploads\/2017\/10\/Parque-Natural-del-Delta-del-Ebro-desembocadura-del-rio-14-750x563.jpg 750w, https:\/\/www.litoral.es\/guia-de-vacaciones\/wp-content\/uploads\/2017\/10\/Parque-Natural-del-Delta-del-Ebro-desembocadura-del-rio-14-380x285.jpg 380w, https:\/\/www.litoral.es\/guia-de-vacaciones\/wp-content\/uploads\/2017\/10\/Parque-Natural-del-Delta-del-Ebro-desembocadura-del-rio-14-310x233.jpg 310w, https:\/\/www.litoral.es\/guia-de-vacaciones\/wp-content\/uploads\/2017\/10\/Parque-Natural-del-Delta-del-Ebro-desembocadura-del-rio-14-360x270.jpg 360w, https:\/\/www.litoral.es\/guia-de-vacaciones\/wp-content\/uploads\/2017\/10\/Parque-Natural-del-Delta-del-Ebro-desembocadura-del-rio-14-260x195.jpg 260w\" sizes=\"(max-width: 800px) 100vw, 800px\" \/><\/p>\n<p style=\"text-align: left;\">Preciosa manera de iniciar una visita al Delta del Ebro con la excursi\u00f3n por el rio desde uno de los barcos tur\u00edsticos que llegan hasta la Desembocadura. Cerca de Deltebre encontramos la salida de los barcos que recorren el rio desde la Illa de Buda hasta la desembocadura.<\/p>\n<h3 style=\"text-align: left;\">2.-Excursi\u00f3n en bici por el Delta del Ebro<\/h3>\n<p><img loading=\"lazy\" decoding=\"async\" class=\"aligncenter size-full wp-image-6525\" src=\"https:\/\/www.litoral.es\/guia-de-vacaciones\/wp-content\/uploads\/2017\/10\/Paseos-bicicleta-por-los-arrozales-del-Delta-del-Ebro-1.jpg\" alt=\"Delta del Ebro paseo bicicleta\" width=\"800\" height=\"600\" srcset=\"https:\/\/www.litoral.es\/guia-de-vacaciones\/wp-content\/uploads\/2017\/10\/Paseos-bicicleta-por-los-arrozales-del-Delta-del-Ebro-1.jpg 800w, https:\/\/www.litoral.es\/guia-de-vacaciones\/wp-content\/uploads\/2017\/10\/Paseos-bicicleta-por-los-arrozales-del-Delta-del-Ebro-1-250x188.jpg 250w, https:\/\/www.litoral.es\/guia-de-vacaciones\/wp-content\/uploads\/2017\/10\/Paseos-bicicleta-por-los-arrozales-del-Delta-del-Ebro-1-768x576.jpg 768w, https:\/\/www.litoral.es\/guia-de-vacaciones\/wp-content\/uploads\/2017\/10\/Paseos-bicicleta-por-los-arrozales-del-Delta-del-Ebro-1-500x375.jpg 500w, https:\/\/www.litoral.es\/guia-de-vacaciones\/wp-content\/uploads\/2017\/10\/Paseos-bicicleta-por-los-arrozales-del-Delta-del-Ebro-1-300x225.jpg 300w, https:\/\/www.litoral.es\/guia-de-vacaciones\/wp-content\/uploads\/2017\/10\/Paseos-bicicleta-por-los-arrozales-del-Delta-del-Ebro-1-750x563.jpg 750w, https:\/\/www.litoral.es\/guia-de-vacaciones\/wp-content\/uploads\/2017\/10\/Paseos-bicicleta-por-los-arrozales-del-Delta-del-Ebro-1-380x285.jpg 380w, https:\/\/www.litoral.es\/guia-de-vacaciones\/wp-content\/uploads\/2017\/10\/Paseos-bicicleta-por-los-arrozales-del-Delta-del-Ebro-1-310x233.jpg 310w, https:\/\/www.litoral.es\/guia-de-vacaciones\/wp-content\/uploads\/2017\/10\/Paseos-bicicleta-por-los-arrozales-del-Delta-del-Ebro-1-360x270.jpg 360w, https:\/\/www.litoral.es\/guia-de-vacaciones\/wp-content\/uploads\/2017\/10\/Paseos-bicicleta-por-los-arrozales-del-Delta-del-Ebro-1-260x195.jpg 260w\" sizes=\"(max-width: 800px) 100vw, 800px\" \/><\/p>\n<div id=\"grid-gallery-55-43844\" data-gg-id=\"55\" data-title=\"Paseo bicicleta por el Delta\" data-grid-type=\"0\" data-offset=\"2.3\" data-area-position=\"center\" data-icons=\"\" data-preloader=\"true\" data-width=\"215\" data-height=\"215\" data-padding=\"0\" data-quicksand=\"disabled\" data-quicksand-duration=\"none\" data-popup-theme=\"theme_6\" data-popup-type=\"pretty-photo\" data-popup-image-text=\"data-description\" data-popup-widthsize=\"auto\" data-popup-heightsize=\"auto\" data-popup-i18n-words=\"{&quot;close&quot;:&quot;cerrar&quot;,&quot;next&quot;:&quot;siguiente&quot;,&quot;previous&quot;:&quot;anterior&quot;,&quot;start_slideshow&quot;:&quot;comenzar reproducci\\u00f3n&quot;,&quot;stop_slideshow&quot;:&quot;detener reproducci\\u00f3n&quot;,&quot;image&quot;:&quot;imagen&quot;,&quot;of&quot;:&quot;de&quot;,&quot;prev&quot;:&quot;ant&quot;,&quot;cExpand&quot;:&quot;Ampliar&quot;,&quot;cPrevious&quot;:&quot;Anterior&quot;,&quot;cNext&quot;:&quot;Siguiente&quot;,&quot;cExpandStr&quot;:&quot;Expandir la imagen&quot;,&quot;cRotate&quot;:&quot;Gire&quot;,&quot;cDetails&quot;:&quot;Details&quot;}\" data-popup-slideshow=\"false\" data-popup-slideshow-speed=\"2500\" data-popup-hoverstop=\"false\" data-popup-slideshow-auto=\"false\" data-popup-background=\"\" data-popup-transparency=\"30\" data-popup-disable-history=\"\" data-popup-disable-changed-url=\"\" data-popup-border-type=\"\" data-popup-border-color=\"\" data-popup-border-width=\"\" data-popup-border-enable=\"\" data-fullscreen=\"false\" data-hide-tooltip=\"false\" data-caption-font-family=\"Default\" data-caption-text-size=\"140\" data-is-mobile=\"0\" data-caption-mobile=\"false\" data-hide-long-tltp-title=\"0\" data-caption-disabled-on-mobile=\"false\" data-popup-placement-type=\"0\" data-social-sharing=\"{&quot;enabled&quot;:&quot;&quot;,&quot;gallerySharing&quot;:{&quot;enabled&quot;:null,&quot;position&quot;:null},&quot;imageSharing&quot;:{&quot;enabled&quot;:null,&quot;wrapperClass&quot;:&quot; vertical \\n &quot;},&quot;popupSharing&quot;:{&quot;enabled&quot;:null,&quot;wrapperClass&quot;:&quot; vertical \\n &quot;}}\" class=\"grid-gallery grid-gallery-fixed \" style=\" width:100%; height:auto ; margin-left:auto; margin-right:auto; position:relative;\" > <div class=\"gallery-loading\"> <div class=\"blocks\"> <div class=\"block\"><\/div> <div class=\"block\"><\/div> <div class=\"block\"><\/div> <div class=\"block\"><\/div> <\/div> <\/div> <div class=\"gallery-sharing-top\"><\/div> <div id=\"photos-55\" class=\"grid-gallery-photos \" > <FIGURE class=\"grid-gallery-caption \" data-grid-gallery-type=\"quarter-slide-up\" data-index=\"0\" style=\"display:none;border-radius: 00; ; margin: 2.3px; width:2150;\" ><div class=\"crop \" style=\" width:2150; height:2150; overflow:hidden; \"><img decoding=\"async\" src=\"https:\/\/www.litoral.es\/guia-de-vacaciones\/wp-content\/uploads\/2017\/10\/Paseos-bicicleta-por-los-arrozales-del-Delta-del-Ebro-2-215x215.jpg\" class=\"ggImg\" alt=\"Paisaje verde de los arrozales del Delta del Ebro\" title=\"paseos-bicicleta-por-los-arrozales-del-delta-del-ebro-2\" data-description=\"paseos-bicicleta-por-los-arrozales-del-delta-del-ebro-2\" data-caption=\"paseos-bicicleta-por-los-arrozales-del-delta-del-ebro-2\" data-title=\"paseos-bicicleta-por-los-arrozales-del-delta-del-ebro-2\" style=\" width:215px; height:215px; \" \/><\/div><FIGCAPTION class=\"\" data-alpha=\"5\" style=\"color:#ffffff; background-color:#eeee22; font-size:140; text-align:left; font-family:Default;\" ><div class=\"grid-gallery-figcaption-wrap\" style=\" \"><\/div><\/FIGCAPTION><\/FIGURE> <FIGURE class=\"grid-gallery-caption \" data-grid-gallery-type=\"quarter-slide-up\" data-index=\"1\" style=\"display:none;border-radius: 00; ; margin: 2.3px; width:2150;\" ><div class=\"crop \" style=\" width:2150; height:2150; overflow:hidden; \"><img decoding=\"async\" src=\"https:\/\/www.litoral.es\/guia-de-vacaciones\/wp-content\/uploads\/2017\/10\/Paseos-bicicleta-por-los-arrozales-del-Delta-del-Ebro-6-215x215.jpg\" class=\"ggImg\" alt=\"Arrozales Delta del Ebro\" title=\"paseos-bicicleta-por-los-arrozales-del-delta-del-ebro-6\" data-description=\"paseos-bicicleta-por-los-arrozales-del-delta-del-ebro-6\" data-caption=\"paseos-bicicleta-por-los-arrozales-del-delta-del-ebro-6\" data-title=\"paseos-bicicleta-por-los-arrozales-del-delta-del-ebro-6\" style=\" width:215px; height:215px; \" \/><\/div><FIGCAPTION class=\"\" data-alpha=\"5\" style=\"color:#ffffff; background-color:#eeee22; font-size:140; text-align:left; font-family:Default;\" ><div class=\"grid-gallery-figcaption-wrap\" style=\" \"><\/div><\/FIGCAPTION><\/FIGURE> <FIGURE class=\"grid-gallery-caption \" data-grid-gallery-type=\"quarter-slide-up\" data-index=\"2\" style=\"display:none;border-radius: 00; ; margin: 2.3px; width:2150;\" ><div class=\"crop \" style=\" width:2150; height:2150; overflow:hidden; \"><img decoding=\"async\" src=\"https:\/\/www.litoral.es\/guia-de-vacaciones\/wp-content\/uploads\/2017\/10\/Paseos-bicicleta-por-los-arrozales-del-Delta-del-Ebro-1-215x215.jpg\" class=\"ggImg\" alt=\"Delta del Ebro paseo bicicleta\" title=\"paseos-bicicleta-por-los-arrozales-del-delta-del-ebro-1\" data-description=\"paseos-bicicleta-por-los-arrozales-del-delta-del-ebro-1\" data-caption=\"paseos-bicicleta-por-los-arrozales-del-delta-del-ebro-1\" data-title=\"paseos-bicicleta-por-los-arrozales-del-delta-del-ebro-1\" style=\" width:215px; height:215px; \" \/><\/div><FIGCAPTION class=\"\" data-alpha=\"5\" style=\"color:#ffffff; background-color:#eeee22; font-size:140; text-align:left; font-family:Default;\" ><div class=\"grid-gallery-figcaption-wrap\" style=\" \"><\/div><\/FIGCAPTION><\/FIGURE> <FIGURE class=\"grid-gallery-caption \" data-grid-gallery-type=\"quarter-slide-up\" data-index=\"3\" style=\"display:none;border-radius: 00; ; margin: 2.3px; width:2150;\" ><div class=\"crop \" style=\" width:2150; height:2150; overflow:hidden; \"><img decoding=\"async\" src=\"https:\/\/www.litoral.es\/guia-de-vacaciones\/wp-content\/uploads\/2017\/10\/Paseos-bicicleta-por-los-arrozales-del-Delta-del-Ebro-4-215x215.jpg\" class=\"ggImg\" alt=\"Caminos por los arrozales verdes del Delta del Ebro\" title=\"paseos-bicicleta-por-los-arrozales-del-delta-del-ebro-4\" data-description=\"paseos-bicicleta-por-los-arrozales-del-delta-del-ebro-4\" data-caption=\"paseos-bicicleta-por-los-arrozales-del-delta-del-ebro-4\" data-title=\"paseos-bicicleta-por-los-arrozales-del-delta-del-ebro-4\" style=\" width:215px; height:215px; \" \/><\/div><FIGCAPTION class=\"\" data-alpha=\"5\" style=\"color:#ffffff; background-color:#eeee22; font-size:140; text-align:left; font-family:Default;\" ><div class=\"grid-gallery-figcaption-wrap\" style=\" \"><\/div><\/FIGCAPTION><\/FIGURE> <FIGURE class=\"grid-gallery-caption \" data-grid-gallery-type=\"quarter-slide-up\" data-index=\"4\" style=\"display:none;border-radius: 00; ; margin: 2.3px; width:2150;\" ><div class=\"crop \" style=\" width:2150; height:2150; overflow:hidden; \"><img decoding=\"async\" src=\"https:\/\/www.litoral.es\/guia-de-vacaciones\/wp-content\/uploads\/2017\/10\/Paseos-bicicleta-por-los-arrozales-del-Delta-del-Ebro-3-215x215.jpg\" class=\"ggImg\" alt=\"Delta del Ebro paseos en Bici\" title=\"paseos-bicicleta-por-los-arrozales-del-delta-del-ebro-3\" data-description=\"paseos-bicicleta-por-los-arrozales-del-delta-del-ebro-3\" data-caption=\"paseos-bicicleta-por-los-arrozales-del-delta-del-ebro-3\" data-title=\"paseos-bicicleta-por-los-arrozales-del-delta-del-ebro-3\" style=\" width:215px; height:215px; \" \/><\/div><FIGCAPTION class=\"\" data-alpha=\"5\" style=\"color:#ffffff; background-color:#eeee22; font-size:140; text-align:left; font-family:Default;\" ><div class=\"grid-gallery-figcaption-wrap\" style=\" \"><\/div><\/FIGCAPTION><\/FIGURE> <FIGURE class=\"grid-gallery-caption \" data-grid-gallery-type=\"quarter-slide-up\" data-index=\"5\" style=\"display:none;border-radius: 00; ; margin: 2.3px; width:2150;\" ><div class=\"crop \" style=\" width:2150; height:2150; overflow:hidden; \"><img decoding=\"async\" src=\"https:\/\/www.litoral.es\/guia-de-vacaciones\/wp-content\/uploads\/2017\/10\/Arrozales-30-215x215.jpg\" class=\"ggImg\" alt=\"Bonitos paisajes del Delta del Ebro y los arrozales\" title=\"Arrozales en el Delta del Ebro\" data-description=\"Arrozales en el Delta del Ebro\" data-caption=\"Arrozales en el Delta del Ebro\" data-title=\"Arrozales en el Delta del Ebro\" style=\" width:215px; height:215px; \" \/><\/div><FIGCAPTION class=\"\" data-alpha=\"5\" style=\"color:#ffffff; background-color:#eeee22; font-size:140; text-align:left; font-family:Default;\" ><div class=\"grid-gallery-figcaption-wrap\" style=\" \"><\/div><\/FIGCAPTION><\/FIGURE> <div class=\"grid-gallery-clearfix\"><\/div> <\/div> <div class=\"gallery-sharing-bottom\"><\/div> <div class=\"grid-gallery-clearfix\"><\/div> <\/div> <!-- Gallery by Supsystic plugin 1.15.21 --><a title=\"WordPress Image Gallery Plugin\" style=\"display:none;\" href=\"https:\/\/supsystic.com\/plugins\/photo-gallery\/?utm_medium=love_link\" target=\"_blank\">WordPress Image Gallery Plugin<\/a>\n<p><strong>Una de las actividades m\u00e1s famosas que hacer en el Delta del Ebro son las excursiones en bicicleta<\/strong>. El Delta cuenta con numerosos carril bici repartidos en diferentes puntos por todo el parque natural, para poder disfrutar tranquilamente de un poco de deporte en familia con unas vistas de aut\u00e9ntico lujo.<\/p>\n<p>Tanto en el PobleNou del Delta, como en Deltebre, la Casa de Fusta o Sant Carles de la R\u00e1pita es muy f\u00e1cil encontrar un puesto de alquiler de bicicletas, donde adem\u00e1s, os dar\u00e1n toda la informaci\u00f3n sobre las rutas de carril bici.<\/p>\n<p>Aqu\u00ed encontrar\u00e9is m\u00e1s info sobre alquiler de bicicletas en el Delta del Ebre: <a href=\"https:\/\/naturayaventura.com\/es\/actividades\/bicicleta\" target=\"_blank\" rel=\"noopener noreferrer\">https:\/\/naturayaventura.com\/es\/actividades\/bicicleta<\/a><\/p>\n<h3 style=\"text-align: left;\">3.-Avistamiento de flamencos en el Delta del Ebro<\/h3>\n<p><img loading=\"lazy\" decoding=\"async\" class=\"aligncenter size-full wp-image-6535\" src=\"https:\/\/www.litoral.es\/guia-de-vacaciones\/wp-content\/uploads\/2017\/10\/Avistamiento-de-Flamencos-en-el-Delta-del-Ebro.jpg\" alt=\"Flamencos en el Delta del Ebro\" width=\"800\" height=\"600\" srcset=\"https:\/\/www.litoral.es\/guia-de-vacaciones\/wp-content\/uploads\/2017\/10\/Avistamiento-de-Flamencos-en-el-Delta-del-Ebro.jpg 800w, https:\/\/www.litoral.es\/guia-de-vacaciones\/wp-content\/uploads\/2017\/10\/Avistamiento-de-Flamencos-en-el-Delta-del-Ebro-250x188.jpg 250w, https:\/\/www.litoral.es\/guia-de-vacaciones\/wp-content\/uploads\/2017\/10\/Avistamiento-de-Flamencos-en-el-Delta-del-Ebro-768x576.jpg 768w, https:\/\/www.litoral.es\/guia-de-vacaciones\/wp-content\/uploads\/2017\/10\/Avistamiento-de-Flamencos-en-el-Delta-del-Ebro-500x375.jpg 500w, https:\/\/www.litoral.es\/guia-de-vacaciones\/wp-content\/uploads\/2017\/10\/Avistamiento-de-Flamencos-en-el-Delta-del-Ebro-300x225.jpg 300w, https:\/\/www.litoral.es\/guia-de-vacaciones\/wp-content\/uploads\/2017\/10\/Avistamiento-de-Flamencos-en-el-Delta-del-Ebro-750x563.jpg 750w, https:\/\/www.litoral.es\/guia-de-vacaciones\/wp-content\/uploads\/2017\/10\/Avistamiento-de-Flamencos-en-el-Delta-del-Ebro-380x285.jpg 380w, https:\/\/www.litoral.es\/guia-de-vacaciones\/wp-content\/uploads\/2017\/10\/Avistamiento-de-Flamencos-en-el-Delta-del-Ebro-310x233.jpg 310w, https:\/\/www.litoral.es\/guia-de-vacaciones\/wp-content\/uploads\/2017\/10\/Avistamiento-de-Flamencos-en-el-Delta-del-Ebro-360x270.jpg 360w, https:\/\/www.litoral.es\/guia-de-vacaciones\/wp-content\/uploads\/2017\/10\/Avistamiento-de-Flamencos-en-el-Delta-del-Ebro-260x195.jpg 260w\" sizes=\"(max-width: 800px) 100vw, 800px\" \/><\/p>\n<div id=\"grid-gallery-56-2122\" data-gg-id=\"56\" data-title=\"Flamencos\" data-grid-type=\"0\" data-offset=\"5.3\" data-area-position=\"center\" data-icons=\"\" data-preloader=\"true\" data-width=\"215\" data-height=\"215\" data-padding=\"0\" data-quicksand=\"disabled\" data-quicksand-duration=\"none\" data-popup-theme=\"theme_6\" data-popup-type=\"pretty-photo\" data-popup-image-text=\"data-description\" data-popup-widthsize=\"auto\" data-popup-heightsize=\"auto\" data-popup-i18n-words=\"{&quot;close&quot;:&quot;cerrar&quot;,&quot;next&quot;:&quot;siguiente&quot;,&quot;previous&quot;:&quot;anterior&quot;,&quot;start_slideshow&quot;:&quot;comenzar reproducci\\u00f3n&quot;,&quot;stop_slideshow&quot;:&quot;detener reproducci\\u00f3n&quot;,&quot;image&quot;:&quot;imagen&quot;,&quot;of&quot;:&quot;de&quot;,&quot;prev&quot;:&quot;ant&quot;,&quot;cExpand&quot;:&quot;Ampliar&quot;,&quot;cPrevious&quot;:&quot;Anterior&quot;,&quot;cNext&quot;:&quot;Siguiente&quot;,&quot;cExpandStr&quot;:&quot;Expandir la imagen&quot;,&quot;cRotate&quot;:&quot;Gire&quot;,&quot;cDetails&quot;:&quot;Details&quot;}\" data-popup-slideshow=\"false\" data-popup-slideshow-speed=\"2500\" data-popup-hoverstop=\"false\" data-popup-slideshow-auto=\"false\" data-popup-background=\"\" data-popup-transparency=\"30\" data-popup-disable-history=\"\" data-popup-disable-changed-url=\"\" data-popup-border-type=\"\" data-popup-border-color=\"\" data-popup-border-width=\"\" data-popup-border-enable=\"\" data-fullscreen=\"false\" data-hide-tooltip=\"false\" data-caption-font-family=\"Default\" data-caption-text-size=\"140\" data-is-mobile=\"0\" data-caption-mobile=\"false\" data-hide-long-tltp-title=\"0\" data-caption-disabled-on-mobile=\"false\" data-popup-placement-type=\"0\" data-social-sharing=\"{&quot;enabled&quot;:&quot;&quot;,&quot;gallerySharing&quot;:{&quot;enabled&quot;:null,&quot;position&quot;:null},&quot;imageSharing&quot;:{&quot;enabled&quot;:null,&quot;wrapperClass&quot;:&quot; vertical \\n &quot;},&quot;popupSharing&quot;:{&quot;enabled&quot;:null,&quot;wrapperClass&quot;:&quot; vertical \\n &quot;}}\" class=\"grid-gallery grid-gallery-fixed \" style=\" width:100%; height:auto ; margin-left:auto; margin-right:auto; position:relative;\" > <div class=\"gallery-loading\"> <div class=\"blocks\"> <div class=\"block\"><\/div> <div class=\"block\"><\/div> <div class=\"block\"><\/div> <div class=\"block\"><\/div> <\/div> <\/div> <div class=\"gallery-sharing-top\"><\/div> <div id=\"photos-56\" class=\"grid-gallery-photos \" > <FIGURE class=\"grid-gallery-caption \" data-grid-gallery-type=\"quarter-slide-up\" data-index=\"0\" style=\"display:none;border-radius: 00; ; margin: 5.3px; width:2150;\" ><div class=\"crop \" style=\" width:2150; height:2150; overflow:hidden; \"><img decoding=\"async\" src=\"https:\/\/www.litoral.es\/guia-de-vacaciones\/wp-content\/uploads\/2017\/10\/Platja-del-Trabucador-4-215x215.jpg\" class=\"ggImg\" alt=\"Flamencos Delta del Ebro\" title=\"Flamencos playa del Trabucador\" data-description=\"Flamencos playa del Trabucador\" data-caption=\"Flamencos playa del Trabucador\" data-title=\"Flamencos playa del Trabucador\" style=\" width:215px; height:215px; \" \/><\/div><FIGCAPTION class=\"\" data-alpha=\"5\" style=\"color:#ffffff; background-color:#6f0000; font-size:140; text-align:left; font-family:Default;\" ><div class=\"grid-gallery-figcaption-wrap\" style=\" \"><\/div><\/FIGCAPTION><\/FIGURE> <FIGURE class=\"grid-gallery-caption \" data-grid-gallery-type=\"quarter-slide-up\" data-index=\"1\" style=\"display:none;border-radius: 00; ; margin: 5.3px; width:2150;\" ><div class=\"crop \" style=\" width:2150; height:2150; overflow:hidden; \"><img decoding=\"async\" src=\"https:\/\/www.litoral.es\/guia-de-vacaciones\/wp-content\/uploads\/2017\/10\/Flamencos-en-las-lagunas-del-Delta-del-Ebro-215x215.jpg\" class=\"ggImg\" alt=\"Flamencos laguna delta del Ebro\" title=\"flamencos-en-las-lagunas-del-delta-del-ebro\" data-description=\"flamencos-en-las-lagunas-del-delta-del-ebro\" data-caption=\"flamencos-en-las-lagunas-del-delta-del-ebro\" data-title=\"flamencos-en-las-lagunas-del-delta-del-ebro\" style=\" width:215px; height:215px; \" \/><\/div><FIGCAPTION class=\"\" data-alpha=\"5\" style=\"color:#ffffff; background-color:#6f0000; font-size:140; text-align:left; font-family:Default;\" ><div class=\"grid-gallery-figcaption-wrap\" style=\" \"><\/div><\/FIGCAPTION><\/FIGURE> <FIGURE class=\"grid-gallery-caption \" data-grid-gallery-type=\"quarter-slide-up\" data-index=\"2\" style=\"display:none;border-radius: 00; ; margin: 5.3px; width:2150;\" ><div class=\"crop \" style=\" width:2150; height:2150; overflow:hidden; \"><img decoding=\"async\" src=\"https:\/\/www.litoral.es\/guia-de-vacaciones\/wp-content\/uploads\/2017\/10\/Platja-del-Trabucador-10-215x215.jpg\" class=\"ggImg\" alt=\"Avistamiento de Flamencos en el Delta del Ebro\" title=\"Flamencos platja-del-trabucador\" data-description=\"Flamencos platja-del-trabucador\" data-caption=\"Flamencos platja-del-trabucador\" data-title=\"Flamencos platja-del-trabucador\" style=\" width:215px; height:215px; \" \/><\/div><FIGCAPTION class=\"\" data-alpha=\"5\" style=\"color:#ffffff; background-color:#6f0000; font-size:140; text-align:left; font-family:Default;\" ><div class=\"grid-gallery-figcaption-wrap\" style=\" \"><\/div><\/FIGCAPTION><\/FIGURE> <div class=\"grid-gallery-clearfix\"><\/div> <\/div> <div class=\"gallery-sharing-bottom\"><\/div> <div class=\"grid-gallery-clearfix\"><\/div> <\/div> <!-- Gallery by Supsystic plugin 1.15.21 --><a title=\"WordPress Image Gallery Plugin\" style=\"display:none;\" href=\"https:\/\/supsystic.com\/plugins\/photo-gallery\/?utm_medium=love_link\" target=\"_blank\">WordPress Image Gallery Plugin<\/a>\n<p>Otra de las cosas que fascina a los ni\u00f1os es ver animales que no han visto nunca antes. Y seguro que no han visto los flamencos nunca antes.<\/p>\n<div class=\"su-quote su-quote-style-default\"><div class=\"su-quote-inner su-u-clearfix su-u-trim\">El Delta del Ebro cuenta con una de las colonias fijas de flamencos m\u00e1s numerosa de Europa. Sin duda, un espect\u00e1culo fascinante<\/div><\/div>\n<p><strong>En la zona de la playa del Trabucador y de La Tancada se pueden avistar sin problemas<\/strong> desde los miradores durante cualquier \u00e9poca del a\u00f1o.<\/p>\n<h3 style=\"text-align: left;\">4.-Un paseo en barca por la bah\u00eda dels Alfacs.<\/h3>\n<p><img loading=\"lazy\" decoding=\"async\" class=\"aligncenter size-full wp-image-6624\" src=\"https:\/\/www.litoral.es\/guia-de-vacaciones\/wp-content\/uploads\/2017\/10\/Barco-en-el-musclarium-delta-del-Ebro.jpg\" alt=\"barco en la bahia dels Alfacs en el Delta del Ebro, musclarium\" width=\"1030\" height=\"773\" srcset=\"https:\/\/www.litoral.es\/guia-de-vacaciones\/wp-content\/uploads\/2017\/10\/Barco-en-el-musclarium-delta-del-Ebro.jpg 1030w, https:\/\/www.litoral.es\/guia-de-vacaciones\/wp-content\/uploads\/2017\/10\/Barco-en-el-musclarium-delta-del-Ebro-250x188.jpg 250w, https:\/\/www.litoral.es\/guia-de-vacaciones\/wp-content\/uploads\/2017\/10\/Barco-en-el-musclarium-delta-del-Ebro-768x576.jpg 768w, https:\/\/www.litoral.es\/guia-de-vacaciones\/wp-content\/uploads\/2017\/10\/Barco-en-el-musclarium-delta-del-Ebro-500x375.jpg 500w, https:\/\/www.litoral.es\/guia-de-vacaciones\/wp-content\/uploads\/2017\/10\/Barco-en-el-musclarium-delta-del-Ebro-300x225.jpg 300w, https:\/\/www.litoral.es\/guia-de-vacaciones\/wp-content\/uploads\/2017\/10\/Barco-en-el-musclarium-delta-del-Ebro-750x563.jpg 750w, https:\/\/www.litoral.es\/guia-de-vacaciones\/wp-content\/uploads\/2017\/10\/Barco-en-el-musclarium-delta-del-Ebro-380x285.jpg 380w, https:\/\/www.litoral.es\/guia-de-vacaciones\/wp-content\/uploads\/2017\/10\/Barco-en-el-musclarium-delta-del-Ebro-310x233.jpg 310w, https:\/\/www.litoral.es\/guia-de-vacaciones\/wp-content\/uploads\/2017\/10\/Barco-en-el-musclarium-delta-del-Ebro-360x270.jpg 360w, https:\/\/www.litoral.es\/guia-de-vacaciones\/wp-content\/uploads\/2017\/10\/Barco-en-el-musclarium-delta-del-Ebro-260x195.jpg 260w\" sizes=\"(max-width: 1030px) 100vw, 1030px\" \/><\/p>\n<div id=\"grid-gallery-59-49279\" data-gg-id=\"59\" data-title=\"Musclarium\" data-grid-type=\"0\" data-offset=\"2.3\" data-area-position=\"center\" data-icons=\"\" data-preloader=\"true\" data-width=\"215\" data-height=\"215\" data-padding=\"0\" data-quicksand=\"disabled\" data-quicksand-duration=\"none\" data-popup-theme=\"theme_6\" data-popup-type=\"pretty-photo\" data-popup-image-text=\"data-description\" data-popup-widthsize=\"auto\" data-popup-heightsize=\"auto\" data-popup-i18n-words=\"{&quot;close&quot;:&quot;cerrar&quot;,&quot;next&quot;:&quot;siguiente&quot;,&quot;previous&quot;:&quot;anterior&quot;,&quot;start_slideshow&quot;:&quot;comenzar reproducci\\u00f3n&quot;,&quot;stop_slideshow&quot;:&quot;detener reproducci\\u00f3n&quot;,&quot;image&quot;:&quot;imagen&quot;,&quot;of&quot;:&quot;de&quot;,&quot;prev&quot;:&quot;ant&quot;,&quot;cExpand&quot;:&quot;Ampliar&quot;,&quot;cPrevious&quot;:&quot;Anterior&quot;,&quot;cNext&quot;:&quot;Siguiente&quot;,&quot;cExpandStr&quot;:&quot;Expandir la imagen&quot;,&quot;cRotate&quot;:&quot;Gire&quot;,&quot;cDetails&quot;:&quot;Details&quot;}\" data-popup-slideshow=\"false\" data-popup-slideshow-speed=\"2500\" data-popup-hoverstop=\"false\" data-popup-slideshow-auto=\"false\" data-popup-background=\"\" data-popup-transparency=\"30\" data-popup-disable-history=\"\" data-popup-disable-changed-url=\"\" data-popup-border-type=\"\" data-popup-border-color=\"\" data-popup-border-width=\"\" data-popup-border-enable=\"\" data-fullscreen=\"false\" data-hide-tooltip=\"false\" data-caption-font-family=\"Default\" data-caption-text-size=\"140\" data-is-mobile=\"0\" data-caption-mobile=\"false\" data-hide-long-tltp-title=\"0\" data-caption-disabled-on-mobile=\"false\" data-popup-placement-type=\"0\" data-social-sharing=\"{&quot;enabled&quot;:&quot;&quot;,&quot;gallerySharing&quot;:{&quot;enabled&quot;:null,&quot;position&quot;:null},&quot;imageSharing&quot;:{&quot;enabled&quot;:null,&quot;wrapperClass&quot;:&quot; vertical \\n &quot;},&quot;popupSharing&quot;:{&quot;enabled&quot;:null,&quot;wrapperClass&quot;:&quot; vertical \\n &quot;}}\" class=\"grid-gallery grid-gallery-fixed \" style=\" width:100%; height:auto ; margin-left:auto; margin-right:auto; position:relative;\" > <div class=\"gallery-loading\"> <div class=\"blocks\"> <div class=\"block\"><\/div> <div class=\"block\"><\/div> <div class=\"block\"><\/div> <div class=\"block\"><\/div> <\/div> <\/div> <div class=\"gallery-sharing-top\"><\/div> <div id=\"photos-59\" class=\"grid-gallery-photos \" > <FIGURE class=\"grid-gallery-caption \" data-grid-gallery-type=\"quarter-slide-up\" data-index=\"0\" style=\"display:none;border-radius: 00; ; margin: 2.3px; width:2150;\" ><div class=\"crop \" style=\" width:2150; height:2150; overflow:hidden; \"><img decoding=\"async\" src=\"https:\/\/www.litoral.es\/guia-de-vacaciones\/wp-content\/uploads\/2017\/10\/Muslarium-delta-del-ebro-215x215.jpg\" class=\"ggImg\" alt=\"bahia dels Alfacs\" title=\"muslarium-delta-del-ebro\" data-description=\"muslarium-delta-del-ebro\" data-caption=\"muslarium-delta-del-ebro\" data-title=\"muslarium-delta-del-ebro\" style=\" width:215px; height:215px; \" \/><\/div><FIGCAPTION class=\"\" data-alpha=\"5\" style=\"color:#ffffff; background-color:#6f0000; font-size:140; text-align:left; font-family:Default;\" ><div class=\"grid-gallery-figcaption-wrap\" style=\" \"><\/div><\/FIGCAPTION><\/FIGURE> <FIGURE class=\"grid-gallery-caption \" data-grid-gallery-type=\"quarter-slide-up\" data-index=\"1\" style=\"display:none;border-radius: 00; ; margin: 2.3px; width:2150;\" ><div class=\"crop \" style=\" width:2150; height:2150; overflow:hidden; \"><img decoding=\"async\" src=\"https:\/\/www.litoral.es\/guia-de-vacaciones\/wp-content\/uploads\/2017\/10\/Plantada-de-ostras-en-el-musclarium-215x215.jpg\" class=\"ggImg\" alt=\"ostras en musclarium\" title=\"plantada-de-ostras-en-el-musclarium\" data-description=\"plantada-de-ostras-en-el-musclarium\" data-caption=\"plantada-de-ostras-en-el-musclarium\" data-title=\"plantada-de-ostras-en-el-musclarium\" style=\" width:215px; height:215px; \" \/><\/div><FIGCAPTION class=\"\" data-alpha=\"5\" style=\"color:#ffffff; background-color:#6f0000; font-size:140; text-align:left; font-family:Default;\" ><div class=\"grid-gallery-figcaption-wrap\" style=\" \"><\/div><\/FIGCAPTION><\/FIGURE> <FIGURE class=\"grid-gallery-caption \" data-grid-gallery-type=\"quarter-slide-up\" data-index=\"2\" style=\"display:none;border-radius: 00; ; margin: 2.3px; width:2150;\" ><div class=\"crop \" style=\" width:2150; height:2150; overflow:hidden; \"><img decoding=\"async\" src=\"https:\/\/www.litoral.es\/guia-de-vacaciones\/wp-content\/uploads\/2017\/10\/Musclarium-en-el-Delta-del-Ebro-215x215.jpg\" class=\"ggImg\" alt=\"musclarium en la bahia dels alfacs\" title=\"musclarium-en-el-delta-del-ebro\" data-description=\"musclarium-en-el-delta-del-ebro\" data-caption=\"musclarium-en-el-delta-del-ebro\" data-title=\"musclarium-en-el-delta-del-ebro\" style=\" width:215px; height:215px; \" \/><\/div><FIGCAPTION class=\"\" data-alpha=\"5\" style=\"color:#ffffff; background-color:#6f0000; font-size:140; text-align:left; font-family:Default;\" ><div class=\"grid-gallery-figcaption-wrap\" style=\" \"><\/div><\/FIGCAPTION><\/FIGURE> <div class=\"grid-gallery-clearfix\"><\/div> <\/div> <div class=\"gallery-sharing-bottom\"><\/div> <div class=\"grid-gallery-clearfix\"><\/div> <\/div> <!-- Gallery by Supsystic plugin 1.15.21 --><a title=\"WordPress Image Gallery Plugin\" style=\"display:none;\" href=\"https:\/\/supsystic.com\/plugins\/photo-gallery\/?utm_medium=love_link\" target=\"_blank\">WordPress Image Gallery Plugin<\/a>\n<p><strong>Hay diversos puntos<\/strong> en el puerto de San Carlos de la R\u00e1pita desde <strong>donde salen excursiones<\/strong> de grupos reducidos hacia diferentes lugares de la bah\u00eda.<\/p>\n<ul>\n<li><em><strong>El Musclarium<\/strong><\/em>: un vivero de mejillones y ostras convertido en bar. Sube encima de una mejillonera y degusta las aut\u00e9nticas joyas de la bah\u00eda como mejillones y unas ostras que acompa\u00f1ados con cava y vino de la tierra. Una bonita experiencia que podemos realizar con toda la familia .&nbsp;<\/li>\n<\/ul>\n<div class=\"su-quote su-quote-style-default\"><div class=\"su-quote-inner su-u-clearfix su-u-trim\">All\u00ed se puede hacer desde una degustaci\u00f3n, un vermut o un refrigerio hasta comer todo tipo de mariscos.<\/div><\/div>\n<ul>\n<li><strong><em>Chiringuito de la Costa:<\/em> <\/strong>desde Sant Carles de la R\u00e1pita salen los barcos hacia este original chiringuito situado a 15 min en medio del mar. Situado en una plataforma de madera podremos degustar deliciosos platos t\u00edpicos, pescados y mariscadas. Podremos ba\u00f1arnos en el mar con los ni\u00f1os y pasar un d\u00eda muy agradable y diferente.<\/li>\n<\/ul>\n<div class=\"su-quote su-quote-style-default\"><div class=\"su-quote-inner su-u-clearfix su-u-trim\">Chiringuito de la Punta de la Banya: \u00bfqu\u00e9 mejor que comer una paella en medio del mar?<\/div><\/div>\n<p>\n Otra de las actividades que se pueden hacer en la bah\u00eda dels Alfacses ir a ver las Salinas de la Trinitat.<\/p>\n<p><img loading=\"lazy\" decoding=\"async\" class=\"imgdesktop aligncenter wp-image-6978 size-full\" src=\"https:\/\/www.litoral.es\/guia-de-vacaciones\/wp-content\/uploads\/2017\/12\/Apartamentos-alquiler-costa-dorada-1.jpg\" alt=\"alquiler de alojamientos vacacionales en la costa dorada\" width=\"848\" height=\"160\"><\/p>\n<p><img loading=\"lazy\" decoding=\"async\" class=\"imgmobile aligncenter wp-image-6976 size-full\" src=\"https:\/\/www.litoral.es\/guia-de-vacaciones\/wp-content\/uploads\/2017\/12\/Banner-Costa-Dorada.jpg\" alt=\"alojamientos la costa dorada\" width=\"260\" height=\"240\"><\/p>\n<p><a id=\"136\" href=\"https:\/\/www.litoral.es\/costa-dorada\/\"> Si a tu familia le van las emociones fuertes, se pueden hacer tambi\u00e9n rutas guiadas con lancha r\u00e1pida, o si lo prefieres, con velero, o incluso puedes alquiler y conducir t\u00fa mismo una embarcaci\u00f3n (con o sin titulaci\u00f3n) para que pase\u00e9is a vuestro aire por la bah\u00eda. Aqu\u00ed puedes ver toda la informaci\u00f3n de estas tres actividades en barca que salen desde San Carlos de la R\u00e1pita: <\/a><a href=\"https:\/\/www.enlarapita.com\/ca\/que-fer.html\/rutes-la-badia-dels-alfacs.html\" target=\"_blank\" rel=\"noopener noreferrer\">https:\/\/www.enlarapita.com\/ca\/que-fer.html\/rutes-la-badia-dels-alfacs.html<\/a><\/p>\n<h3 style=\"text-align: left;\">5.-Paddle Surf<\/h3>\n<p>Este <strong>deporte divertido y f\u00e1cil<\/strong> de aprender es una buena manera de ejercitarse a la vez que estar en contacto con el mar. Pero no solo paddle surf, en el Delta del Ebro podremos realizar toda clase de deportes como kayak, submarinismo, windsurf, kitesurf tienen en las aguas tranquilas de la bah\u00eda y las playas del Delta del Ebro un entorno perfecto para su desarrollo.<\/p>\n<p>Aqu\u00ed m\u00e1s informaci\u00f3n: <a href=\"https:\/\/www.enlarapita.com\/ca\/que-fer\/esports-nautics.html\/paddle-surf.html\/delta-paddle-surf-school.html\" target=\"_blank\" rel=\"noopener noreferrer\">www.enlarapita.com\/ca\/que-fer\/esports-nautics<\/a><\/p>\n<h3 style=\"text-align: left;\">6.-Aprende las t\u00e9cnicas de pesca tradicional en el Delta del Ebro<\/h3>\n<p><img loading=\"lazy\" decoding=\"async\" class=\"aligncenter size-full wp-image-6557\" src=\"https:\/\/www.litoral.es\/guia-de-vacaciones\/wp-content\/uploads\/2017\/10\/Pesca-tradicional-Delta-del-Ebro.jpg\" alt=\"Pesca tradicional en el Delta del Ebro\" width=\"800\" height=\"600\" srcset=\"https:\/\/www.litoral.es\/guia-de-vacaciones\/wp-content\/uploads\/2017\/10\/Pesca-tradicional-Delta-del-Ebro.jpg 800w, https:\/\/www.litoral.es\/guia-de-vacaciones\/wp-content\/uploads\/2017\/10\/Pesca-tradicional-Delta-del-Ebro-250x188.jpg 250w, https:\/\/www.litoral.es\/guia-de-vacaciones\/wp-content\/uploads\/2017\/10\/Pesca-tradicional-Delta-del-Ebro-768x576.jpg 768w, https:\/\/www.litoral.es\/guia-de-vacaciones\/wp-content\/uploads\/2017\/10\/Pesca-tradicional-Delta-del-Ebro-500x375.jpg 500w, https:\/\/www.litoral.es\/guia-de-vacaciones\/wp-content\/uploads\/2017\/10\/Pesca-tradicional-Delta-del-Ebro-300x225.jpg 300w, https:\/\/www.litoral.es\/guia-de-vacaciones\/wp-content\/uploads\/2017\/10\/Pesca-tradicional-Delta-del-Ebro-750x563.jpg 750w, https:\/\/www.litoral.es\/guia-de-vacaciones\/wp-content\/uploads\/2017\/10\/Pesca-tradicional-Delta-del-Ebro-380x285.jpg 380w, https:\/\/www.litoral.es\/guia-de-vacaciones\/wp-content\/uploads\/2017\/10\/Pesca-tradicional-Delta-del-Ebro-310x233.jpg 310w, https:\/\/www.litoral.es\/guia-de-vacaciones\/wp-content\/uploads\/2017\/10\/Pesca-tradicional-Delta-del-Ebro-360x270.jpg 360w, https:\/\/www.litoral.es\/guia-de-vacaciones\/wp-content\/uploads\/2017\/10\/Pesca-tradicional-Delta-del-Ebro-260x195.jpg 260w\" sizes=\"(max-width: 800px) 100vw, 800px\" \/><\/p>\n<p>La pesca manual es otra de las actividades que se pueden hacer en la bah\u00eda dels Alfacs. \u00bfTe imaginas<strong> pescar en el Delta del Ebro<\/strong> seg\u00fan el sistema tradicional? O sea, andando con el agua a la altura de la cintura y recogiendo los peces que han quedado atrapados en las redes previamente tiradas.<\/p>\n<p>Pide informaci\u00f3n a la Oficina de Turismo de Sant Carles de la R\u00e0pita: <a href=\"https:\/\/www.turismelarapita.com\/\" target=\"_blank\" rel=\"noopener noreferrer\">https:\/\/www.turismelarapita.com\/<\/a><\/p>\n<p>Tambi\u00e9n en la casa de Fusta podremos realizar esta excursi\u00f3n con los ni\u00f1os con barcas tradicionales de percha por las lagunas. La casa de Fusta: <a href=\"https:\/\/restaurantcasadefusta.com\/es\/\" target=\"_blank\" rel=\"noopener noreferrer\">https:\/\/restaurantcasadefusta.com\/es\/<\/a><\/p>\n<h3 style=\"text-align: left;\">7.-Excursi\u00f3n a La Foradada<\/h3>\n<p><img loading=\"lazy\" decoding=\"async\" class=\"aligncenter size-full wp-image-6625\" src=\"https:\/\/www.litoral.es\/guia-de-vacaciones\/wp-content\/uploads\/2017\/10\/vistas-delta-desde-la-foradada-tarragona.jpg\" alt=\"Vista del Delta del Ebro desde la Foradada\" width=\"950\" height=\"713\" srcset=\"https:\/\/www.litoral.es\/guia-de-vacaciones\/wp-content\/uploads\/2017\/10\/vistas-delta-desde-la-foradada-tarragona.jpg 950w, https:\/\/www.litoral.es\/guia-de-vacaciones\/wp-content\/uploads\/2017\/10\/vistas-delta-desde-la-foradada-tarragona-250x188.jpg 250w, https:\/\/www.litoral.es\/guia-de-vacaciones\/wp-content\/uploads\/2017\/10\/vistas-delta-desde-la-foradada-tarragona-768x576.jpg 768w, https:\/\/www.litoral.es\/guia-de-vacaciones\/wp-content\/uploads\/2017\/10\/vistas-delta-desde-la-foradada-tarragona-500x375.jpg 500w, https:\/\/www.litoral.es\/guia-de-vacaciones\/wp-content\/uploads\/2017\/10\/vistas-delta-desde-la-foradada-tarragona-300x225.jpg 300w, https:\/\/www.litoral.es\/guia-de-vacaciones\/wp-content\/uploads\/2017\/10\/vistas-delta-desde-la-foradada-tarragona-750x563.jpg 750w, https:\/\/www.litoral.es\/guia-de-vacaciones\/wp-content\/uploads\/2017\/10\/vistas-delta-desde-la-foradada-tarragona-380x285.jpg 380w, https:\/\/www.litoral.es\/guia-de-vacaciones\/wp-content\/uploads\/2017\/10\/vistas-delta-desde-la-foradada-tarragona-310x233.jpg 310w, https:\/\/www.litoral.es\/guia-de-vacaciones\/wp-content\/uploads\/2017\/10\/vistas-delta-desde-la-foradada-tarragona-360x270.jpg 360w, https:\/\/www.litoral.es\/guia-de-vacaciones\/wp-content\/uploads\/2017\/10\/vistas-delta-desde-la-foradada-tarragona-260x195.jpg 260w\" sizes=\"(max-width: 950px) 100vw, 950px\" \/><\/p>\n<p>La Foradada es una monta\u00f1a de la sierra del Montsi\u00e0, que<strong> queda justo detr\u00e1s de la localidad de San Carlos de la R\u00e1pita.<\/strong> Se llama as\u00ed porque tiene un agujero en una enorme piedra en su cima desde el cual se puede ver todo el Delta del Ebro.<\/p>\n<p>Sus vistas son impresionantes y la excursi\u00f3n desde San Carlos de la R\u00e1pita hasta la cima de La Foradada dura m\u00e1s o menos una hora y media y es un precioso paseo.<\/p>\n<p>M\u00e1s informaci\u00f3n en la Oficina de Turismo de Sant Carles de la R\u00e0pita:<a href=\"https:\/\/www.turismelarapita.com\/\" target=\"_blank\" rel=\"noopener noreferrer\"> www.turismelarapita.com<\/a><\/p>\n<h3 style=\"text-align: left;\">8.-La playa del Trabucador<\/h3>\n<p><img loading=\"lazy\" decoding=\"async\" class=\"aligncenter size-full wp-image-6560\" src=\"https:\/\/www.litoral.es\/guia-de-vacaciones\/wp-content\/uploads\/2017\/10\/Playa-del-Trabucador-el-Delta-del-Ebro.jpg\" alt=\"Playa del Trabucar en el Delta del Ebro\" width=\"800\" height=\"600\" srcset=\"https:\/\/www.litoral.es\/guia-de-vacaciones\/wp-content\/uploads\/2017\/10\/Playa-del-Trabucador-el-Delta-del-Ebro.jpg 800w, https:\/\/www.litoral.es\/guia-de-vacaciones\/wp-content\/uploads\/2017\/10\/Playa-del-Trabucador-el-Delta-del-Ebro-250x188.jpg 250w, https:\/\/www.litoral.es\/guia-de-vacaciones\/wp-content\/uploads\/2017\/10\/Playa-del-Trabucador-el-Delta-del-Ebro-768x576.jpg 768w, https:\/\/www.litoral.es\/guia-de-vacaciones\/wp-content\/uploads\/2017\/10\/Playa-del-Trabucador-el-Delta-del-Ebro-500x375.jpg 500w, https:\/\/www.litoral.es\/guia-de-vacaciones\/wp-content\/uploads\/2017\/10\/Playa-del-Trabucador-el-Delta-del-Ebro-300x225.jpg 300w, https:\/\/www.litoral.es\/guia-de-vacaciones\/wp-content\/uploads\/2017\/10\/Playa-del-Trabucador-el-Delta-del-Ebro-750x563.jpg 750w, https:\/\/www.litoral.es\/guia-de-vacaciones\/wp-content\/uploads\/2017\/10\/Playa-del-Trabucador-el-Delta-del-Ebro-380x285.jpg 380w, https:\/\/www.litoral.es\/guia-de-vacaciones\/wp-content\/uploads\/2017\/10\/Playa-del-Trabucador-el-Delta-del-Ebro-310x233.jpg 310w, https:\/\/www.litoral.es\/guia-de-vacaciones\/wp-content\/uploads\/2017\/10\/Playa-del-Trabucador-el-Delta-del-Ebro-360x270.jpg 360w, https:\/\/www.litoral.es\/guia-de-vacaciones\/wp-content\/uploads\/2017\/10\/Playa-del-Trabucador-el-Delta-del-Ebro-260x195.jpg 260w\" sizes=\"(max-width: 800px) 100vw, 800px\" \/><\/p>\n<div id=\"grid-gallery-58-67332\" data-gg-id=\"58\" data-title=\"Playa del Trabucador\" data-grid-type=\"0\" data-offset=\"2.3\" data-area-position=\"center\" data-icons=\"\" data-preloader=\"true\" data-width=\"215\" data-height=\"215\" data-padding=\"0\" data-quicksand=\"disabled\" data-quicksand-duration=\"none\" data-popup-theme=\"theme_6\" data-popup-type=\"pretty-photo\" data-popup-image-text=\"data-description\" data-popup-widthsize=\"auto\" data-popup-heightsize=\"auto\" data-popup-i18n-words=\"{&quot;close&quot;:&quot;cerrar&quot;,&quot;next&quot;:&quot;siguiente&quot;,&quot;previous&quot;:&quot;anterior&quot;,&quot;start_slideshow&quot;:&quot;comenzar reproducci\\u00f3n&quot;,&quot;stop_slideshow&quot;:&quot;detener reproducci\\u00f3n&quot;,&quot;image&quot;:&quot;imagen&quot;,&quot;of&quot;:&quot;de&quot;,&quot;prev&quot;:&quot;ant&quot;,&quot;cExpand&quot;:&quot;Ampliar&quot;,&quot;cPrevious&quot;:&quot;Anterior&quot;,&quot;cNext&quot;:&quot;Siguiente&quot;,&quot;cExpandStr&quot;:&quot;Expandir la imagen&quot;,&quot;cRotate&quot;:&quot;Gire&quot;,&quot;cDetails&quot;:&quot;Details&quot;}\" data-popup-slideshow=\"false\" data-popup-slideshow-speed=\"2500\" data-popup-hoverstop=\"false\" data-popup-slideshow-auto=\"false\" data-popup-background=\"\" data-popup-transparency=\"30\" data-popup-disable-history=\"\" data-popup-disable-changed-url=\"\" data-popup-border-type=\"\" data-popup-border-color=\"\" data-popup-border-width=\"\" data-popup-border-enable=\"\" data-fullscreen=\"false\" data-hide-tooltip=\"false\" data-caption-font-family=\"Default\" data-caption-text-size=\"140\" data-is-mobile=\"0\" data-caption-mobile=\"false\" data-hide-long-tltp-title=\"0\" data-caption-disabled-on-mobile=\"false\" data-popup-placement-type=\"0\" data-social-sharing=\"{&quot;enabled&quot;:&quot;&quot;,&quot;gallerySharing&quot;:{&quot;enabled&quot;:null,&quot;position&quot;:null},&quot;imageSharing&quot;:{&quot;enabled&quot;:null,&quot;wrapperClass&quot;:&quot; vertical \\n &quot;},&quot;popupSharing&quot;:{&quot;enabled&quot;:null,&quot;wrapperClass&quot;:&quot; vertical \\n &quot;}}\" class=\"grid-gallery grid-gallery-fixed \" style=\" width:100%; height:auto ; margin-left:auto; margin-right:auto; position:relative;\" > <div class=\"gallery-loading\"> <div class=\"blocks\"> <div class=\"block\"><\/div> <div class=\"block\"><\/div> <div class=\"block\"><\/div> <div class=\"block\"><\/div> <\/div> <\/div> <div class=\"gallery-sharing-top\"><\/div> <div id=\"photos-58\" class=\"grid-gallery-photos \" > <FIGURE class=\"grid-gallery-caption \" data-grid-gallery-type=\"quarter-slide-up\" data-index=\"0\" style=\"display:none;border-radius: 00; ; margin: 2.3px; width:2150;\" ><div class=\"crop \" style=\" width:2150; height:2150; overflow:hidden; \"><img decoding=\"async\" src=\"https:\/\/www.litoral.es\/guia-de-vacaciones\/wp-content\/uploads\/2017\/10\/Playa-del-Trabucador-en-el-Delta-del-Ebro-1-215x215.jpg\" class=\"ggImg\" alt=\"Puesta del Sol en el Delta del Ebro\" title=\"playa-del-trabucador-en-el-delta-del-ebro-1\" data-description=\"playa-del-trabucador-en-el-delta-del-ebro-1\" data-caption=\"playa-del-trabucador-en-el-delta-del-ebro-1\" data-title=\"playa-del-trabucador-en-el-delta-del-ebro-1\" style=\" width:215px; height:215px; \" \/><\/div><FIGCAPTION class=\"\" data-alpha=\"5\" style=\"color:#ffffff; background-color:#eeee22; font-size:140; text-align:left; font-family:Default;\" ><div class=\"grid-gallery-figcaption-wrap\" style=\" \"><\/div><\/FIGCAPTION><\/FIGURE> <FIGURE class=\"grid-gallery-caption \" data-grid-gallery-type=\"quarter-slide-up\" data-index=\"1\" style=\"display:none;border-radius: 00; ; margin: 2.3px; width:2150;\" ><div class=\"crop \" style=\" width:2150; height:2150; overflow:hidden; \"><img decoding=\"async\" src=\"https:\/\/www.litoral.es\/guia-de-vacaciones\/wp-content\/uploads\/2017\/10\/Playa-del-Trabucador-en-el-Delta-del-Ebro-2-215x215.jpg\" class=\"ggImg\" alt=\"Playa del Trabucador Delta del Ebro\" title=\"playa-del-trabucador-en-el-delta-del-ebro-2\" data-description=\"playa-del-trabucador-en-el-delta-del-ebro-2\" data-caption=\"playa-del-trabucador-en-el-delta-del-ebro-2\" data-title=\"playa-del-trabucador-en-el-delta-del-ebro-2\" style=\" width:215px; height:215px; \" \/><\/div><FIGCAPTION class=\"\" data-alpha=\"5\" style=\"color:#ffffff; background-color:#eeee22; font-size:140; text-align:left; font-family:Default;\" ><div class=\"grid-gallery-figcaption-wrap\" style=\" \"><\/div><\/FIGCAPTION><\/FIGURE> <FIGURE class=\"grid-gallery-caption \" data-grid-gallery-type=\"quarter-slide-up\" data-index=\"2\" style=\"display:none;border-radius: 00; ; margin: 2.3px; width:2150;\" ><div class=\"crop \" style=\" width:2150; height:2150; overflow:hidden; \"><img decoding=\"async\" src=\"https:\/\/www.litoral.es\/guia-de-vacaciones\/wp-content\/uploads\/2017\/10\/Playa-del-Trabucador-en-el-Delta-del-Ebro-3-215x215.jpg\" class=\"ggImg\" alt=\"Playa del Trabucador\" title=\"playa-del-trabucador-en-el-delta-del-ebro-3\" data-description=\"playa-del-trabucador-en-el-delta-del-ebro-3\" data-caption=\"playa-del-trabucador-en-el-delta-del-ebro-3\" data-title=\"playa-del-trabucador-en-el-delta-del-ebro-3\" style=\" width:215px; height:215px; \" \/><\/div><FIGCAPTION class=\"\" data-alpha=\"5\" style=\"color:#ffffff; background-color:#eeee22; font-size:140; text-align:left; font-family:Default;\" ><div class=\"grid-gallery-figcaption-wrap\" style=\" \"><\/div><\/FIGCAPTION><\/FIGURE> <div class=\"grid-gallery-clearfix\"><\/div> <\/div> <div class=\"gallery-sharing-bottom\"><\/div> <div class=\"grid-gallery-clearfix\"><\/div> <\/div> <!-- Gallery by Supsystic plugin 1.15.21 --><a title=\"WordPress Image Gallery Plugin\" style=\"display:none;\" href=\"https:\/\/supsystic.com\/plugins\/photo-gallery\/?utm_medium=love_link\" target=\"_blank\">WordPress Image Gallery Plugin<\/a>\n<p>Como hemos dicho antes,<strong> en la barra del Trabucador, hay mar a lado y lado<\/strong>. Pues bien, <strong>la parte de mar que da a la bah\u00eda de los Alfaques, a San Carlos de La R\u00e1pita,<\/strong> <strong>es m\u00e1s que perfecta para ni\u00f1os muy peque\u00f1os<\/strong> porque no cubre, hay un palmo o dos de agua durante muchos metros, el agua est\u00e1, adem\u00e1s, pr\u00e1cticamente caliente en verano.<\/p>\n<p>\n Asimismo,<strong> la otra playa del Trabucador, la que da a mar abierto es genial para divertirse<\/strong>, tiene olas pero no muchas, el agua est\u00e1 clara y, lo mejor de todo, incluso en agosto, la persona que vas a tener m\u00e1s cerca al lado con su toalla y parasol no estar\u00e1 a menos de dos o tres metros.<\/p>\n<p>\u00a1Es una playa inmensa, perfecta para jugar a palas! Nada menos que 14 quil\u00f3metros de playa natural y salvaje con mar a ambos lados. Un paisaje absolutamente precioso donde los ni\u00f1os se van a cansar de hacer castillos de arena.<\/p>\n<h3 style=\"text-align: left;\">9.-Un d\u00eda en el parque Deltaventur<\/h3>\n<p><img loading=\"lazy\" decoding=\"async\" class=\"aligncenter size-full wp-image-6626\" src=\"https:\/\/www.litoral.es\/guia-de-vacaciones\/wp-content\/uploads\/2017\/10\/parque-deltaventur-aventura-delta-ebro.jpg\" alt=\"parque deltaventura en el delta del ebro\" width=\"950\" height=\"713\" srcset=\"https:\/\/www.litoral.es\/guia-de-vacaciones\/wp-content\/uploads\/2017\/10\/parque-deltaventur-aventura-delta-ebro.jpg 950w, https:\/\/www.litoral.es\/guia-de-vacaciones\/wp-content\/uploads\/2017\/10\/parque-deltaventur-aventura-delta-ebro-250x188.jpg 250w, https:\/\/www.litoral.es\/guia-de-vacaciones\/wp-content\/uploads\/2017\/10\/parque-deltaventur-aventura-delta-ebro-768x576.jpg 768w, https:\/\/www.litoral.es\/guia-de-vacaciones\/wp-content\/uploads\/2017\/10\/parque-deltaventur-aventura-delta-ebro-500x375.jpg 500w, https:\/\/www.litoral.es\/guia-de-vacaciones\/wp-content\/uploads\/2017\/10\/parque-deltaventur-aventura-delta-ebro-300x225.jpg 300w, https:\/\/www.litoral.es\/guia-de-vacaciones\/wp-content\/uploads\/2017\/10\/parque-deltaventur-aventura-delta-ebro-750x563.jpg 750w, https:\/\/www.litoral.es\/guia-de-vacaciones\/wp-content\/uploads\/2017\/10\/parque-deltaventur-aventura-delta-ebro-380x285.jpg 380w, https:\/\/www.litoral.es\/guia-de-vacaciones\/wp-content\/uploads\/2017\/10\/parque-deltaventur-aventura-delta-ebro-310x233.jpg 310w, https:\/\/www.litoral.es\/guia-de-vacaciones\/wp-content\/uploads\/2017\/10\/parque-deltaventur-aventura-delta-ebro-360x270.jpg 360w, https:\/\/www.litoral.es\/guia-de-vacaciones\/wp-content\/uploads\/2017\/10\/parque-deltaventur-aventura-delta-ebro-260x195.jpg 260w\" sizes=\"(max-width: 950px) 100vw, 950px\" \/><\/p>\n<p>En el municipio de Deltebre encontrar\u00e9is este parque hecho a medida de la diversi\u00f3n de los m\u00e1s peque\u00f1os.<strong> Desde el alquiler de bicicletas o t\u00e1ndems hasta rutas en kayak, canoa o barcas de perchar por el r\u00edo o canales.<\/strong><\/p>\n<p>O, si os van las emociones m\u00e1s fuertes, tambi\u00e9n podr\u00e9is saltar en tirolina, correr en quads o jugar a paintball.<\/p>\n<p>Visita su web para m\u00e1s info: <a href=\"https:\/\/www.parcdeltaventur.com\/\" target=\"_blank\" rel=\"noopener noreferrer\">www.parcdeltaventur.com\/<\/a><\/p>\n<h3 style=\"text-align: left;\">10.-Descubrir las tradiciones locales en familia<\/h3>\n<p>Y es que pasar unas vacaciones haciendo turismo en el Delta del Ebro significa inevitablemente estar en contacto con la naturaleza. Una muestra de ello es el Safari Ecocultural que pod\u00e9is hacer en Delta Polethttps:\/\/www.deltapolet.com\/es\/ donde realizar actividades t\u00edpicas, vinculadas al arte tradicional del cultivo de arroz y la obtenci\u00f3n de recursos antes de la aparici\u00f3n de las m\u00e1quinas y de los productos qu\u00edmicos durante una ruta guiada.<\/p>\n<h2 style=\"text-align: left;\">Gastronom\u00eda t\u00edpica del Delta<\/h2>\n<div class=\"su-divider su-divider-style-default\" style=\"margin:10px 0;border-width:1px;border-color:#999999\"><\/div>\n<p><strong>Otro de los grandes atractivos<\/strong> del Delta del Ebro <strong>es sin duda su gastronom\u00eda,<\/strong> que es rica, variada y de calidad. Su producto estrella, como no pod\u00eda ser de otro modo, es el arroz, que en el Delta se prepara de muchas maneras distintas, a cu\u00e1l m\u00e1s sabrosa.<\/p>\n<p>Luego haremos un repaso en detalle sobre los restaurantes donde comer el mejor arroz y cocina t\u00edpica del Delta del Ebro.<\/p>\n<p>De momento, <strong>vamos a presentarte sus productos y platos m\u00e1s aut\u00f3ctonos, algunos de ellos que dif\u00edcilmente vas a encontrar en otros lugares<\/strong><\/p>\n<ul style=\"list-style-type: disc;\">\n<li>\n <strong>\u00abConfit de Pato\u00bb<\/strong>: Si algo hay en el Delta adem\u00e1s de arroz son aves. En general, todo tipo de ave de caza tiene lugar en la gastronom\u00eda t\u00edpica del Delta, pero sobre todo el pato, que se prepara tanto confitado, a la brasa o con arroz en una paella.<\/li>\n<li>\n <strong>\u201cAncas de rana\u201d<\/strong>: Aunque cada vez hay menos ranas salvajes, s\u00ed se cr\u00edan en cautividad para fines gastron\u00f3micos. Comer las ancas rebozadas es tambi\u00e9n un plato t\u00edpico del Delta del Ebro.<\/li>\n<li>\n <strong>\u201cAnguiles en suc\u201d<\/strong>: se trata de un plato servido en una cazuela de tierra, pero normalmente cocinado en una cazuela met\u00e1lica donde el elemento estrella es la anguila aut\u00f3ctona del Delta de primera calidad, la salsa que la acompa\u00f1a suele ser picante, en mayor o menor medida, a gusto del cocinero o cocinera. Es un plato muy t\u00edpico que se sirve sobre todo en d\u00edas se\u00f1alados como fiestas locales, incluso para desayunar.<\/li>\n<li>\n \u00ab<strong>Mariscos\u00bb:<\/strong> Y es que, rodeados de mar, no pod\u00eda ser de otra manera. Los langostinos de La R\u00e1pita son famosos en todo el pa\u00eds, pero tambi\u00e9n los mejillones, ostras, navajas del Delta, todo el marisco es sabros\u00edsimo, fresco y de primera calidad.<\/li>\n<li>\n \u00ab<strong>Arroz\u00bb<\/strong>: no os va a resultar dif\u00edcil encontrar restaurantes en el Delta del Ebro donde os sirvan un buen arroz. Ver\u00e9is tambi\u00e9n que adem\u00e1s de la t\u00edpica paella, se oferta mucho el arroz negro, el \u201carrossejat\u201d, el arroz caldoso de bogavante, la fideu\u00e0, pero tambi\u00e9n hay restaurantes especializados donde encontrar\u00e9is todo tipo de combinaciones de paellas. Lo dif\u00edcil va a ser tener que escoger cu\u00e1l de ellos ped\u00eds en el restaurante. Veamos algunos de ellos:<\/li>\n<\/ul>\n<h3 style=\"text-align: left;\">\u00bfD\u00f3nde comer un buen arroz en el Delta del Ebro?<\/h3>\n<p>En el Delta del Ebre <strong>se pueden encontrar tanto restaurantes de primer\u00edsimo nivel<\/strong> como restaurantes de buena calidad a precios muy asequibles. Vamos a intentar hacer una muestra representativa de ellos:<\/p>\n<p><strong><div class=\"su-service\"><div class=\"su-service-title\" style=\"padding-left:46px;min-height:32px;line-height:32px\"><i class=\"sui sui-cutlery\" style=\"font-size:32px;color:#333\"><\/i> L\u2019Antic Mol\u00ed, Ulldecona (Estrella Michel\u00edn)<\/div><div class=\"su-service-content su-u-clearfix su-u-trim\" style=\"padding-left:46px\"><\/div><\/div><\/strong> Si sois unos amantes del turismo gastron\u00f3mico, este restaurante es una visita obligada si est\u00e1is de vacaciones en el Delta del Ebro. Su chef, VicentGuimer\u00e0, ha sabido integrar lo mejor de los productos del Delta, de la tierra y de proximidad con la alta cocina con unos resultados que saltan a la vista. Toda la informaci\u00f3n, en su web: <a href=\"https:\/\/www.anticmoli.com\/\" target=\"_blank\" rel=\"noopener noreferrer\">https:\/\/www.anticmoli.com\/<\/a><\/p>\n<p><strong><div class=\"su-service\"><div class=\"su-service-title\" style=\"padding-left:46px;min-height:32px;line-height:32px\"><i class=\"sui sui-cutlery\" style=\"font-size:32px;color:#333\"><\/i> Can Batiste, Sant Carles de la R\u00e0pita:<\/div><div class=\"su-service-content su-u-clearfix su-u-trim\" style=\"padding-left:46px\"><\/div><\/div><\/strong> Otro de los restaurantes top de la zona, con productos siempre de primera calidad, tanto el arroz como los otros platos de la carta, que se va adaptando seg\u00fan mercado y temporada o en funci\u00f3n de las jornadas gastron\u00f3micas de la zona, te dejar\u00e1n sin lugar a dudas satisfecho.&nbsp;Toda la informaci\u00f3n, en su web: &nbsp;&nbsp; <a href=\"https:\/\/www.litoral.es\/guia-de-vacaciones\/barranquismo-la-costa-dorada\/\" target=\"_blank\" rel=\"noopener noreferrer\">https:\/\/www.canbatiste.com\/ca\/<\/a><\/p>\n<p><strong><div class=\"su-service\"><div class=\"su-service-title\" style=\"padding-left:46px;min-height:32px;line-height:32px\"><i class=\"sui sui-cutlery\" style=\"font-size:32px;color:#333\"><\/i> Miami Can Pons, Sant Carles de la R\u00e0pita: <\/div><div class=\"su-service-content su-u-clearfix su-u-trim\" style=\"padding-left:46px\"><\/div><\/div><\/strong>El Miami podr\u00eda ser el restaurante con m\u00e1s reputaci\u00f3n de las Tierras del Ebro. Una combinaci\u00f3n de servicio, historia, producto, instalaciones, ubicaci\u00f3n y sobre todo el valor a\u00f1adido de ofrecer productos de pescader\u00eda y marisquer\u00eda de la mejor calidad.Su terraza con vistas al mar es preciosa, el servicio, impecable y su arroz, sin duda, espectacular.Toda la informaci\u00f3n, en su web:&nbsp; <a href=\"https:\/\/miamicanpons.com\/ca\/\" target=\"_blank\" rel=\"noopener noreferrer\">https:\/\/miamicanpons.com\/ca\/<\/a><\/p>\n<p><strong><div class=\"su-service\"><div class=\"su-service-title\" style=\"padding-left:46px;min-height:32px;line-height:32px\"><i class=\"sui sui-cutlery\" style=\"font-size:32px;color:#333\"><\/i> Cal Faiges, PobleNou del Delta:<\/div><div class=\"su-service-content su-u-clearfix su-u-trim\" style=\"padding-left:46px\"><\/div><\/div><\/strong> Aqu\u00ed encontrar\u00e9is la gastronom\u00eda m\u00e1s t\u00edpica del Delta, entre otras delicatesen, un arroz de la ribera con pato, anguila y caracoles de la tierra o arroz con sepia, alcachofas y setas. De las mejores cocinas del Delta. Toda la informaci\u00f3n, en su web:<a href=\"https:\/\/www.calfaiges.cat\/\" target=\"_blank\" rel=\"noopener noreferrer\"> https:\/\/www.calfaiges.cat\/<\/a><\/p>\n<p style=\"text-align: justify;\"><strong><div class=\"su-service\"><div class=\"su-service-title\" style=\"padding-left:46px;min-height:32px;line-height:32px\"><i class=\"sui sui-cutlery\" style=\"font-size:32px;color:#333\"><\/i> Rac\u00f3 del Riu, Sant Jaume d\u2019Enveja:<\/div><div class=\"su-service-content su-u-clearfix su-u-trim\" style=\"padding-left:46px\"><\/div><\/div><\/strong> Aqu\u00ed encontrar\u00e9is todo tipo de paellas, de las que habl\u00e1bamos m\u00e1s arriba. Por ejemplo, arroz con erizo de mar y pulpo, arroz con pato y foie, arroz sejat de langosta.&nbsp;Toda la informaci\u00f3n, en su web: h<a href=\"\/\/www.racodelriu.com\/\" target=\"_blank\" rel=\"noopener noreferrer\">ttp:\/\/www.racodelriu.com\/<\/a><\/p>\n<p><strong><div class=\"su-service\"><div class=\"su-service-title\" style=\"padding-left:46px;min-height:32px;line-height:32px\"><i class=\"sui sui-cutlery\" style=\"font-size:32px;color:#333\"><\/i> La Tancada, Ctra. Sant Carles de la R\u00e0pita - Salines, s\/n:<\/div><div class=\"su-service-content su-u-clearfix su-u-trim\" style=\"padding-left:46px\"><\/div><\/div><\/strong> Aqu\u00ed comer\u00e9is como en casa, pero mucho mejor. Es un restaurante familiar, donde el chef, Xavi Montany\u00e9s, el hijo menor de la familia, ha sabido recoger lo mejor de los productos del Delta del Ebro y elevarlos a la alta cocina, lo apreciar\u00e9is en algunos de los entrantes de su carta y los postres, as\u00ed como la carta nocturna que ofrece las noches de verano. Junto con su padre, cocina el mejor arroz caldoso de bogavante de la comarca. No dej\u00e9is de ir. Mucha calidad a buen precio. Toda la informaci\u00f3n, en su web: <a href=\"https:\/\/tancada.com\/es\/inicio\/\" target=\"_blank\" rel=\"noopener noreferrer\">https:\/\/tancada.com\/es\/inicio\/<\/a><\/p>\n<h2 style=\"text-align: left;\">Tradiciones, fiestas locales y folklore del Delta del Ebro<\/h2>\n<div class=\"su-divider su-divider-style-default\" style=\"margin:10px 0;border-width:1px;border-color:#999999\"><\/div>\n<p><strong>No os perd\u00e1is las \u201cFestes del Mercat\u201d de Amposta en mayo,<\/strong> las del Renaixement en Tortosa, a finales de julio, el anillamiento de flamencos, la fiesta de la plantada del arroz, los bailes de jotas tradicionales catalanas, o los m\u00faltiples actos y conciertos de fiestas locales, que principalmente tiene lugar por San Jaime (25 de Julio) o para el 15 de agosto.<\/p>\n<div class=\"su-quote su-quote-style-default\"><div class=\"su-quote-inner su-u-clearfix su-u-trim\">Nadie os podr\u00e1 negar que el Delta del Ebro es un lugar peculiar, aut\u00e9ntico y con personalidad. Esto se refleja en sus fiestas y tradiciones locales.<\/div><\/div>\n<p>Encontrar\u00e9is m\u00e1s informaci\u00f3n en los links de las oficinas de turismo del Delta del Ebro al final de este art\u00edculo.<\/p>\n<div class=\"destacar\">\n<h2 style=\"text-align: left;\"><div class=\"su-service\"><div class=\"su-service-title\" style=\"padding-left:46px;min-height:32px;line-height:32px\"><i class=\"sui sui-info-circle\" style=\"font-size:32px;color:#333\"><\/i> Informaci\u00f3n Pr\u00e1ctica<\/div><div class=\"su-service-content su-u-clearfix su-u-trim\" style=\"padding-left:46px\"><\/div><\/div> <div class=\"su-divider su-divider-style-default\" style=\"margin:5px 0;border-width:1px;border-color:#999999\"><\/div><\/h2>\n<h3 style=\"text-align: left;\"><div class=\"su-service\"><div class=\"su-service-title\" style=\"padding-left:46px;min-height:32px;line-height:32px\"><i class=\"sui sui-car\" style=\"font-size:32px;color:#333\"><\/i> Delta del Ebro: \u00bf c\u00f3mo llegar ?<\/div><div class=\"su-service-content su-u-clearfix su-u-trim\" style=\"padding-left:46px\"><\/div><\/div><\/h3>\n<p>El Delta del Ebro est\u00e1 bien comunicado por carretera (carretera N-340 km 1080, AP-7), sus salidas en la autopista son desde L\u2019Ametlla de Mar, L\u2019Ampolla, L\u2019Aldea-Tortosa hasta Amposta-San Carlos de la R\u00e1pita.<\/p>\n<p>Tambi\u00e9n est\u00e1 comunicado por tren, hay estaci\u00f3n de Renfe en Tortosa y en L\u2019Aldea, aqu\u00ed paran los trenes que vienen del norte (Barcelona) y tambi\u00e9n del Sur (Valencia).<\/p>\n<p>La compa\u00f1\u00eda de bus de la zona se llama Hife y hace rutas regulares hacia m\u00faltiples destinos diarios, incluyendo Tarragona y Barcelona. Tambi\u00e9n comunica las distintas poblaciones del Delta del Ebro entre s\u00ed. Para m\u00e1s info: www.hife.es<\/p>\n<p>Se recomienda, no obstante, para moverse por el Delta durante vuestras vacaciones, venir o alquilar un coche, por un tema evidentemente pr\u00e1ctico.<\/p>\n<p>El aeropuerto m\u00e1s cercano es el de Reus, a tan solo 80 km de Amposta.<\/p>\n<p>A 180 km encontramos el aeropuerto de Barcelona (Autov\u00eda Barcelona \u2013 Castelldefels C-31).<\/p>\n<p>Y a 180 km hacia el sur, tenemos el aeropuerto de Valencia, Manises, N-220.<\/p>\n<h3 style=\"text-align: left;\"><div class=\"su-service\"><div class=\"su-service-title\" style=\"padding-left:46px;min-height:32px;line-height:32px\"><i class=\"sui sui-cloud\" style=\"font-size:32px;color:#333\"><\/i> Tiempo en el Delta del Ebro<\/div><div class=\"su-service-content su-u-clearfix su-u-trim\" style=\"padding-left:46px\"><\/div><\/div><\/h3>\n<p>El <strong>tiempo en el Delta del Ebro<\/strong> es totalmente t\u00edpico de clima mediterr\u00e1neo. <strong>Es caluroso en verano<\/strong> con temperaturas que pueden variar de los 25 a los 40 grados en veranos de mucho calor, y temperado en inverno, no soliendo bajar m\u00e1s all\u00e1 de los 5 grados, hasta los 15. Los d\u00edas de sol son abundantes, pr\u00e1cticamente durante todos los d\u00edas de verano.<\/p>\n<p><strong>La \u00e9poca m\u00e1s lluviosa es el oto\u00f1o<\/strong>. Son frecuentes tambi\u00e9n los d\u00edas de viento, viento de Mistral o noroeste conocido en la zona como \u201cvent de dalt\u201d (viento de arriba, literalmente). Es un viento fr\u00edo que viene de la monta\u00f1a y que sopla principalmente en invierno aunque tambi\u00e9n no es extra\u00f1o que sople en primavera y en oto\u00f1o.<\/p>\n<p><strong>Lo bueno es que cuando termina el episodio de viento, queda una atm\u00f3sfera limpia y un cielo azul precioso.<\/strong><\/p>\n<h3 style=\"text-align: left;\"><div class=\"su-service\"><div class=\"su-service-title\" style=\"padding-left:46px;min-height:32px;line-height:32px\"><i class=\"sui sui-info\" style=\"font-size:32px;color:#333\"><\/i> Oficinas de turismo en el Delta del Ebro<\/div><div class=\"su-service-content su-u-clearfix su-u-trim\" style=\"padding-left:46px\"><\/div><\/div><\/h3>\n<div class=\"su-divider su-divider-style-default\" style=\"margin:10px 0;border-width:1px;border-color:#999999\"><\/div>\n<p><strong>Para m\u00e1s informaci\u00f3n os dejamos con algunos links de inter\u00e9s sobre oficinas de turismo de la zona:<\/strong><\/p>\n<p>Oficina de turismo de Amposta:<a href=\"https:\/\/www.turismeamposta.cat\/es\" target=\"_blank\" rel=\"noopener noreferrer\"> https:\/\/www.turismeamposta.cat\/es<\/a><\/p>\n<p>Oficina de turismo de San Carlos de la R\u00e1pita&nbsp; <a href=\"https:\/\/www.turismelarapita.com\/\">https:\/\/www.turismelarapita.com\/<\/a><\/p>\n<p>Oficina de turismo de Les Cases d\u2019Alcanar&nbsp; <a href=\"https:\/\/www.alcanarturisme.com\/\">https:\/\/www.alcanarturisme.com\/<\/a><\/p>\n<p>Oficina de turismo de Tortosa&nbsp; <a href=\"https:\/\/www.tortosaturisme.cat\/\">https:\/\/www.tortosaturisme.cat\/<\/a><\/p>\n<p>Oficina de turismo de l\u2019Ampolla&nbsp; <a href=\"https:\/\/www.ampolla.org\/\">https:\/\/www.ampolla.org\/<\/a><\/p>\n<p>Oficina de turismo de l\u2019Ametlla de Mar&nbsp; <a href=\"https:\/\/www.ametllamar.cat\/turisme\/es\/punto-de-interes\/oficina-de-turismo_558\/\">https:\/\/www.ametllamar.cat\/turisme\/es\/punto-de-interes\/oficina-de-turismo_558\/<\/a><\/p>\n<p>Patronat de TurismeTerres de l\u2019Ebre&nbsp; <a href=\"https:\/\/terresdelebre.travel\/\">https:\/\/terresdelebre.travel\/<\/a><\/p>\n<h3 style=\"text-align: left;\"><div class=\"su-service\"><div class=\"su-service-title\" style=\"padding-left:46px;min-height:32px;line-height:32px\"><i class=\"sui sui-male\" style=\"font-size:32px;color:#333\"><\/i> Donde Dormir<\/div><div class=\"su-service-content su-u-clearfix su-u-trim\" style=\"padding-left:46px\"><\/div><\/div><\/h3>\n<\/div>\n<div class=\"destacar\">&nbsp;<strong>Ver listado de apartamentos, casas y villas en la zona:<\/strong> <a href=\"https:\/\/www.tripkay.com\" target=\"_blank\" rel=\"noopener noreferrer\"><strong>www.tripkay.com<\/strong><\/a><\/div>\n<div class=\"destacar\">\n<p>En el Delta del Ebro tambi\u00e9n son muy populares los c\u00e1mpings. No os podemos recomendar ninguno de primera mano, pero en Tripadvisor tienen buenas cr\u00edticas el de <a href=\"https:\/\/ad.zanox.com\/ppc\/?29159020C1874732582T&amp;ULP=%5b%5bhttps:\/\/www.tripadvisor.es\/Hotel_Review-g670669-d1492274-Reviews-a_zanpid.29159020C1874732582T-m22104-s1-Camping_Ametlla-L_Ametlla_de_Mar_Terres_de_l_E.html%5d%5d\">l\u2019Ametlla<\/a> y <a href=\"https:\/\/www.tripadvisor.es\/Hotel_Review-g1009760-d4053017-Reviews-Camping_Eucaliptus-Amposta_Terres_de_l_Ebre_Province_of_Tarragona_Catalonia.html\">Eucaliptus<\/a>, por ejemplo.<\/p>\n<\/div>\n<h2 class=\"destacar\" style=\"text-align: left;\">&nbsp;Fotos del Delta del Ebro<\/h2>\n<div id=\"grid-gallery-62-43540\" data-gg-id=\"62\" data-title=\"FOTOS VARIAS DELTA DEL EBRO\" data-grid-type=\"0\" data-offset=\"2.3\" data-area-position=\"center\" data-icons=\"\" data-preloader=\"true\" data-width=\"215\" data-height=\"215\" data-padding=\"0\" data-quicksand=\"disabled\" data-quicksand-duration=\"none\" data-popup-theme=\"theme_6\" data-popup-type=\"pretty-photo\" data-popup-image-text=\"data-description\" data-popup-widthsize=\"auto\" data-popup-heightsize=\"auto\" data-popup-i18n-words=\"{&quot;close&quot;:&quot;cerrar&quot;,&quot;next&quot;:&quot;siguiente&quot;,&quot;previous&quot;:&quot;anterior&quot;,&quot;start_slideshow&quot;:&quot;comenzar reproducci\\u00f3n&quot;,&quot;stop_slideshow&quot;:&quot;detener reproducci\\u00f3n&quot;,&quot;image&quot;:&quot;imagen&quot;,&quot;of&quot;:&quot;de&quot;,&quot;prev&quot;:&quot;ant&quot;,&quot;cExpand&quot;:&quot;Ampliar&quot;,&quot;cPrevious&quot;:&quot;Anterior&quot;,&quot;cNext&quot;:&quot;Siguiente&quot;,&quot;cExpandStr&quot;:&quot;Expandir la imagen&quot;,&quot;cRotate&quot;:&quot;Gire&quot;,&quot;cDetails&quot;:&quot;Details&quot;}\" data-popup-slideshow=\"false\" data-popup-slideshow-speed=\"2500\" data-popup-hoverstop=\"false\" data-popup-slideshow-auto=\"false\" data-popup-background=\"\" data-popup-transparency=\"30\" data-popup-disable-history=\"\" data-popup-disable-changed-url=\"\" data-popup-border-type=\"\" data-popup-border-color=\"\" data-popup-border-width=\"\" data-popup-border-enable=\"\" data-fullscreen=\"false\" data-hide-tooltip=\"false\" data-caption-font-family=\"Default\" data-caption-text-size=\"140\" data-is-mobile=\"0\" data-caption-mobile=\"false\" data-hide-long-tltp-title=\"0\" data-caption-disabled-on-mobile=\"false\" data-popup-placement-type=\"0\" data-social-sharing=\"{&quot;enabled&quot;:&quot;&quot;,&quot;gallerySharing&quot;:{&quot;enabled&quot;:null,&quot;position&quot;:null},&quot;imageSharing&quot;:{&quot;enabled&quot;:null,&quot;wrapperClass&quot;:&quot; vertical \\n &quot;},&quot;popupSharing&quot;:{&quot;enabled&quot;:null,&quot;wrapperClass&quot;:&quot; vertical \\n &quot;}}\" class=\"grid-gallery grid-gallery-fixed \" style=\" width:100%; height:auto ; margin-left:auto; margin-right:auto; position:relative;\" > <div class=\"gallery-loading\"> <div class=\"blocks\"> <div class=\"block\"><\/div> <div class=\"block\"><\/div> <div class=\"block\"><\/div> <div class=\"block\"><\/div> <\/div> <\/div> <div class=\"gallery-sharing-top\"><\/div> <div id=\"photos-62\" class=\"grid-gallery-photos \" > <FIGURE class=\"grid-gallery-caption \" data-grid-gallery-type=\"quarter-slide-up\" data-index=\"0\" style=\"display:none;border-radius: 00; ; margin: 2.3px; width:2150;\" ><div class=\"crop \" style=\" width:2150; height:2150; overflow:hidden; \"><img decoding=\"async\" src=\"https:\/\/www.litoral.es\/guia-de-vacaciones\/wp-content\/uploads\/2017\/10\/Parque-Natural-del-Delta-del-Ebro-desembocadura-del-rio-74-215x215.jpg\" class=\"ggImg\" alt=\"parque-natural-del-delta-del-ebro-desembocadura-del-rio-74\" title=\"parque-natural-del-delta-del-ebro-desembocadura-del-rio-74\" data-description=\"parque-natural-del-delta-del-ebro-desembocadura-del-rio-74\" data-caption=\"Desembocadura del Delta del Ebro\" data-title=\"parque-natural-del-delta-del-ebro-desembocadura-del-rio-74\" style=\" width:215px; height:215px; \" \/><\/div><FIGCAPTION class=\"\" data-alpha=\"5\" style=\"color:#ffffff; background-color:#81d742; font-size:140; text-align:left; font-family:Default;\" ><div class=\"grid-gallery-figcaption-wrap\" style=\" \"><\/div><\/FIGCAPTION><\/FIGURE> <FIGURE class=\"grid-gallery-caption \" data-grid-gallery-type=\"quarter-slide-up\" data-index=\"1\" style=\"display:none;border-radius: 00; ; margin: 2.3px; width:2150;\" ><div class=\"crop \" style=\" width:2150; height:2150; overflow:hidden; \"><img decoding=\"async\" src=\"https:\/\/www.litoral.es\/guia-de-vacaciones\/wp-content\/uploads\/2017\/10\/Parque-Natural-del-Delta-del-Ebro-desembocadura-del-rio-71-215x215.jpg\" class=\"ggImg\" alt=\"parque-natural-del-delta-del-ebro-desembocadura-del-rio-71\" title=\"parque-natural-del-delta-del-ebro-desembocadura-del-rio-71\" data-description=\"parque-natural-del-delta-del-ebro-desembocadura-del-rio-71\" data-caption=\"Alquiler de barcos en la desembocadura del Delta del Ebro\" data-title=\"parque-natural-del-delta-del-ebro-desembocadura-del-rio-71\" style=\" width:215px; height:215px; \" \/><\/div><FIGCAPTION class=\"\" data-alpha=\"5\" style=\"color:#ffffff; background-color:#81d742; font-size:140; text-align:left; font-family:Default;\" ><div class=\"grid-gallery-figcaption-wrap\" style=\" \"><\/div><\/FIGCAPTION><\/FIGURE> <FIGURE class=\"grid-gallery-caption \" data-grid-gallery-type=\"quarter-slide-up\" data-index=\"2\" style=\"display:none;border-radius: 00; ; margin: 2.3px; width:2150;\" ><div class=\"crop \" style=\" width:2150; height:2150; overflow:hidden; \"><img decoding=\"async\" src=\"https:\/\/www.litoral.es\/guia-de-vacaciones\/wp-content\/uploads\/2017\/10\/Parque-Natural-del-Delta-del-Ebro-desembocadura-del-rio-6-215x215.jpg\" class=\"ggImg\" alt=\"parque-natural-del-delta-del-ebro-desembocadura-del-rio-6\" title=\"parque-natural-del-delta-del-ebro-desembocadura-del-rio-6\" data-description=\"parque-natural-del-delta-del-ebro-desembocadura-del-rio-6\" data-caption=\"Desembocadura del Delta del Ebro\" data-title=\"parque-natural-del-delta-del-ebro-desembocadura-del-rio-6\" style=\" width:215px; height:215px; \" \/><\/div><FIGCAPTION class=\"\" data-alpha=\"5\" style=\"color:#ffffff; background-color:#81d742; font-size:140; text-align:left; font-family:Default;\" ><div class=\"grid-gallery-figcaption-wrap\" style=\" \"><\/div><\/FIGCAPTION><\/FIGURE> <FIGURE class=\"grid-gallery-caption \" data-grid-gallery-type=\"quarter-slide-up\" data-index=\"3\" style=\"display:none;border-radius: 00; ; margin: 2.3px; width:2150;\" ><div class=\"crop \" style=\" width:2150; height:2150; overflow:hidden; \"><img decoding=\"async\" src=\"https:\/\/www.litoral.es\/guia-de-vacaciones\/wp-content\/uploads\/2017\/10\/La-casa-de-Fuesta-en-el-Parque-Natural-del-Delta-del-Ebro-184-215x215.jpg\" class=\"ggImg\" alt=\"la-casa-de-fuesta-en-el-parque-natural-del-delta-del-ebro-184\" title=\"la-casa-de-fuesta-en-el-parque-natural-del-delta-del-ebro-184\" data-description=\"la-casa-de-fuesta-en-el-parque-natural-del-delta-del-ebro-184\" data-caption=\"Mirador de aves en el Delta del Ebro\" data-title=\"la-casa-de-fuesta-en-el-parque-natural-del-delta-del-ebro-184\" style=\" width:215px; height:215px; \" \/><\/div><FIGCAPTION class=\"\" data-alpha=\"5\" style=\"color:#ffffff; background-color:#81d742; font-size:140; text-align:left; font-family:Default;\" ><div class=\"grid-gallery-figcaption-wrap\" style=\" \"><\/div><\/FIGCAPTION><\/FIGURE> <FIGURE class=\"grid-gallery-caption \" data-grid-gallery-type=\"quarter-slide-up\" data-index=\"4\" style=\"display:none;border-radius: 00; ; margin: 2.3px; width:2150;\" ><div class=\"crop \" style=\" width:2150; height:2150; overflow:hidden; \"><img decoding=\"async\" src=\"https:\/\/www.litoral.es\/guia-de-vacaciones\/wp-content\/uploads\/2017\/10\/Parque-Natural-del-Delta-del-Ebro-88-215x215.jpg\" class=\"ggImg\" alt=\"parque-natural-del-delta-del-ebro-88\" title=\"parque-natural-del-delta-del-ebro-88\" data-description=\"parque-natural-del-delta-del-ebro-88\" data-caption=\"Mirador de aves en el Delta del Ebro\" data-title=\"parque-natural-del-delta-del-ebro-88\" style=\" width:215px; height:215px; \" \/><\/div><FIGCAPTION class=\"\" data-alpha=\"5\" style=\"color:#ffffff; background-color:#81d742; font-size:140; text-align:left; font-family:Default;\" ><div class=\"grid-gallery-figcaption-wrap\" style=\" \"><\/div><\/FIGCAPTION><\/FIGURE> <FIGURE class=\"grid-gallery-caption \" data-grid-gallery-type=\"quarter-slide-up\" data-index=\"5\" style=\"display:none;border-radius: 00; ; margin: 2.3px; width:2150;\" ><div class=\"crop \" style=\" width:2150; height:2150; overflow:hidden; \"><img decoding=\"async\" src=\"https:\/\/www.litoral.es\/guia-de-vacaciones\/wp-content\/uploads\/2017\/10\/Parque-Natural-del-Delta-del-Ebro-180-215x215.jpg\" class=\"ggImg\" alt=\"parque-natural-del-delta-del-ebro-180\" title=\"parque-natural-del-delta-del-ebro-180\" data-description=\"parque-natural-del-delta-del-ebro-180\" data-caption=\"Mirador de aves\" data-title=\"parque-natural-del-delta-del-ebro-180\" style=\" width:215px; height:215px; \" \/><\/div><FIGCAPTION class=\"\" data-alpha=\"5\" style=\"color:#ffffff; background-color:#81d742; font-size:140; text-align:left; font-family:Default;\" ><div class=\"grid-gallery-figcaption-wrap\" style=\" \"><\/div><\/FIGCAPTION><\/FIGURE> <FIGURE class=\"grid-gallery-caption \" data-grid-gallery-type=\"quarter-slide-up\" data-index=\"6\" style=\"display:none;border-radius: 00; ; margin: 2.3px; width:2150;\" ><div class=\"crop \" style=\" width:2150; height:2150; overflow:hidden; \"><img decoding=\"async\" src=\"https:\/\/www.litoral.es\/guia-de-vacaciones\/wp-content\/uploads\/2017\/10\/Parque-Natural-del-Delta-del-Ebro-191-215x215.jpg\" class=\"ggImg\" alt=\"parque-natural-del-delta-del-ebro-191\" title=\"parque-natural-del-delta-del-ebro-191\" data-description=\"parque-natural-del-delta-del-ebro-191\" data-caption=\"Arrozales del Delta del Ebro\" data-title=\"parque-natural-del-delta-del-ebro-191\" style=\" width:215px; height:215px; \" \/><\/div><FIGCAPTION class=\"\" data-alpha=\"5\" style=\"color:#ffffff; background-color:#81d742; font-size:140; text-align:left; font-family:Default;\" ><div class=\"grid-gallery-figcaption-wrap\" style=\" \"><\/div><\/FIGCAPTION><\/FIGURE> <FIGURE class=\"grid-gallery-caption \" data-grid-gallery-type=\"quarter-slide-up\" data-index=\"7\" style=\"display:none;border-radius: 00; ; margin: 2.3px; width:2150;\" ><div class=\"crop \" style=\" width:2150; height:2150; overflow:hidden; \"><img decoding=\"async\" src=\"https:\/\/www.litoral.es\/guia-de-vacaciones\/wp-content\/uploads\/2017\/10\/Parque-Natural-del-Delta-del-Ebro-221-215x215.jpg\" class=\"ggImg\" alt=\"parque-natural-del-delta-del-ebro-221\" title=\"parque-natural-del-delta-del-ebro-221\" data-description=\"parque-natural-del-delta-del-ebro-221\" data-caption=\"La casa de Fusta \" data-title=\"parque-natural-del-delta-del-ebro-221\" style=\" width:215px; height:215px; \" \/><\/div><FIGCAPTION class=\"\" data-alpha=\"5\" style=\"color:#ffffff; background-color:#81d742; font-size:140; text-align:left; font-family:Default;\" ><div class=\"grid-gallery-figcaption-wrap\" style=\" \"><\/div><\/FIGCAPTION><\/FIGURE> <FIGURE class=\"grid-gallery-caption \" data-grid-gallery-type=\"quarter-slide-up\" data-index=\"8\" style=\"display:none;border-radius: 00; ; margin: 2.3px; width:2150;\" ><div class=\"crop \" style=\" width:2150; height:2150; overflow:hidden; \"><img decoding=\"async\" src=\"https:\/\/www.litoral.es\/guia-de-vacaciones\/wp-content\/uploads\/2017\/10\/Parque-Natural-del-Delta-del-Ebro-233-215x215.jpg\" class=\"ggImg\" alt=\"parque-natural-del-delta-del-ebro-233\" title=\"parque-natural-del-delta-del-ebro-233\" data-description=\"parque-natural-del-delta-del-ebro-233\" data-caption=\"Mirador de aves\" data-title=\"parque-natural-del-delta-del-ebro-233\" style=\" width:215px; height:215px; \" \/><\/div><FIGCAPTION class=\"\" data-alpha=\"5\" style=\"color:#ffffff; background-color:#81d742; font-size:140; text-align:left; font-family:Default;\" ><div class=\"grid-gallery-figcaption-wrap\" style=\" \"><\/div><\/FIGCAPTION><\/FIGURE> <FIGURE class=\"grid-gallery-caption \" data-grid-gallery-type=\"quarter-slide-up\" data-index=\"9\" style=\"display:none;border-radius: 00; ; margin: 2.3px; width:2150;\" ><div class=\"crop \" style=\" width:2150; height:2150; overflow:hidden; \"><img decoding=\"async\" src=\"https:\/\/www.litoral.es\/guia-de-vacaciones\/wp-content\/uploads\/2017\/10\/Parque-Natural-del-Delta-del-Ebro-232-215x215.jpg\" class=\"ggImg\" alt=\"parque-natural-del-delta-del-ebro-232\" title=\"parque-natural-del-delta-del-ebro-232\" data-description=\"parque-natural-del-delta-del-ebro-232\" data-caption=\"Poblenou del Delta\" data-title=\"parque-natural-del-delta-del-ebro-232\" style=\" width:215px; height:215px; \" \/><\/div><FIGCAPTION class=\"\" data-alpha=\"5\" style=\"color:#ffffff; background-color:#81d742; font-size:140; text-align:left; font-family:Default;\" ><div class=\"grid-gallery-figcaption-wrap\" style=\" \"><\/div><\/FIGCAPTION><\/FIGURE> <FIGURE class=\"grid-gallery-caption \" data-grid-gallery-type=\"quarter-slide-up\" data-index=\"10\" style=\"display:none;border-radius: 00; ; margin: 2.3px; width:2150;\" ><div class=\"crop \" style=\" width:2150; height:2150; overflow:hidden; \"><img decoding=\"async\" src=\"https:\/\/www.litoral.es\/guia-de-vacaciones\/wp-content\/uploads\/2017\/10\/Parque-Natural-del-Delta-del-Ebro-238-215x215.jpg\" class=\"ggImg\" alt=\"parque-natural-del-delta-del-ebro-238\" title=\"parque-natural-del-delta-del-ebro-238\" data-description=\"parque-natural-del-delta-del-ebro-238\" data-caption=\"Mirador de aves\" data-title=\"parque-natural-del-delta-del-ebro-238\" style=\" width:215px; height:215px; \" \/><\/div><FIGCAPTION class=\"\" data-alpha=\"5\" style=\"color:#ffffff; background-color:#81d742; font-size:140; text-align:left; font-family:Default;\" ><div class=\"grid-gallery-figcaption-wrap\" style=\" \"><\/div><\/FIGCAPTION><\/FIGURE> <FIGURE class=\"grid-gallery-caption \" data-grid-gallery-type=\"quarter-slide-up\" data-index=\"11\" style=\"display:none;border-radius: 00; ; margin: 2.3px; width:2150;\" ><div class=\"crop \" style=\" width:2150; height:2150; overflow:hidden; \"><img decoding=\"async\" src=\"https:\/\/www.litoral.es\/guia-de-vacaciones\/wp-content\/uploads\/2017\/10\/Parque-Natural-del-Delta-del-Ebro-248-215x215.jpg\" class=\"ggImg\" alt=\"parque-natural-del-delta-del-ebro-248\" title=\"parque-natural-del-delta-del-ebro-248\" data-description=\"parque-natural-del-delta-del-ebro-248\" data-caption=\"Mirador de aves\" data-title=\"parque-natural-del-delta-del-ebro-248\" style=\" width:215px; height:215px; \" \/><\/div><FIGCAPTION class=\"\" data-alpha=\"5\" style=\"color:#ffffff; background-color:#81d742; font-size:140; text-align:left; font-family:Default;\" ><div class=\"grid-gallery-figcaption-wrap\" style=\" \"><\/div><\/FIGCAPTION><\/FIGURE> <div class=\"grid-gallery-clearfix\"><\/div> <\/div> <div class=\"gallery-sharing-bottom\"><\/div> <div class=\"grid-gallery-clearfix\"><\/div> <\/div> <!-- Gallery by Supsystic plugin 1.15.21 --><a title=\"WordPress Image Gallery Plugin\" style=\"display:none;\" href=\"https:\/\/supsystic.com\/plugins\/photo-gallery\/?utm_medium=love_link\" target=\"_blank\">WordPress Image Gallery Plugin<\/a>\n<p>&nbsp;<\/p>\n<p><span style=\"border-radius: 2px; text-indent: 20px; width: auto; padding: 0px 4px 0px 0px; text-align: center; font: bold 11px\/20px 'Helvetica Neue',Helvetica,sans-serif; color: #ffffff; background: #bd081c  no-repeat scroll 3px 50% \/ 14px 14px; position: absolute; opacity: 1; z-index: 8675309; display: none; cursor: pointer; top: 764px; left: 20px;\">Guardar<\/span><\/p>\n<p><span style=\"border-radius: 2px; text-indent: 20px; width: auto; padding: 0px 4px 0px 0px; text-align: center; font: bold 11px\/20px 'Helvetica Neue',Helvetica,sans-serif; color: #ffffff; background: #bd081c  no-repeat scroll 3px 50% \/ 14px 14px; position: absolute; opacity: 1; z-index: 8675309; display: none; cursor: pointer; top: 4382px; left: 33px;\">Guardar<\/span><\/p>\n<p><span style=\"border-radius: 2px; text-indent: 20px; width: auto; padding: 0px 4px 0px 0px; text-align: center; font: bold 11px\/20px 'Helvetica Neue',Helvetica,sans-serif; color: #ffffff; background: #bd081c  no-repeat scroll 3px 50% \/ 14px 14px; position: absolute; opacity: 1; z-index: 8675309; display: none; cursor: pointer; top: 5866px; left: 33px;\">Guardar<\/span><\/p>\n<p><span style=\"border-radius: 2px; text-indent: 20px; width: auto; padding: 0px 4px 0px 0px; text-align: center; font: bold 11px\/20px 'Helvetica Neue',Helvetica,sans-serif; color: #ffffff; background: #bd081c  no-repeat scroll 3px 50% \/ 14px 14px; position: absolute; opacity: 1; z-index: 8675309; display: none; cursor: pointer;\">Guardar<\/span><\/p>\n<p><span style=\"border-radius: 2px; text-indent: 20px; width: auto; padding: 0px 4px 0px 0px; text-align: center; font: bold 11px\/20px 'Helvetica Neue',Helvetica,sans-serif; color: #ffffff; background: #bd081c  no-repeat scroll 3px 50% \/ 14px 14px; position: absolute; opacity: 1; z-index: 8675309; display: none; cursor: pointer; top: 5955px; left: 33px;\">Guardar<\/span><\/p>\n<p><span style=\"border-radius: 2px; text-indent: 20px; width: auto; padding: 0px 4px 0px 0px; text-align: center; font: bold 11px\/20px 'Helvetica Neue',Helvetica,sans-serif; color: #ffffff; background: #bd081c  no-repeat scroll 3px 50% \/ 14px 14px; position: absolute; opacity: 1; z-index: 8675309; display: none; cursor: pointer;\">Guardar<\/span><\/p>\n<p><span style=\"border-radius: 2px; text-indent: 20px; width: auto; padding: 0px 4px 0px 0px; text-align: center; font: bold 11px\/20px 'Helvetica Neue',Helvetica,sans-serif; color: #ffffff; background: #bd081c  no-repeat scroll 3px 50% \/ 14px 14px; position: absolute; opacity: 1; z-index: 8675309; display: none; cursor: pointer; top: 6877px; left: 33px;\">Guardar<\/span><\/p>\n<p><span style=\"border-radius: 2px; text-indent: 20px; width: auto; padding: 0px 4px 0px 0px; text-align: center; font: bold 11px\/20px 'Helvetica Neue',Helvetica,sans-serif; color: #ffffff; background: #bd081c  no-repeat scroll 3px 50% \/ 14px 14px; position: absolute; opacity: 1; z-index: 8675309; display: none; cursor: pointer; top: 764px; left: 20px;\">Guardar<\/span><\/p>\n<p><span style=\"border-radius: 2px; text-indent: 20px; width: auto; padding: 0px 4px 0px 0px; text-align: center; font: bold 11px\/20px 'Helvetica Neue',Helvetica,sans-serif; color: #ffffff; background: #bd081c  no-repeat scroll 3px 50% \/ 14px 14px; position: absolute; opacity: 1; z-index: 8675309; display: none; cursor: pointer;\">Guardar<\/span><\/p>\n<p><span style=\"border-radius: 2px; text-indent: 20px; width: auto; padding: 0px 4px 0px 0px; text-align: center; font: bold 11px\/20px 'Helvetica Neue',Helvetica,sans-serif; color: #ffffff; background: #bd081c  no-repeat scroll 3px 50% \/ 14px 14px; position: absolute; opacity: 1; z-index: 8675309; display: none; cursor: pointer; top: 3106px; left: 33px;\">Guardar<\/span><\/p>\n<p><span style=\"border-radius: 2px; text-indent: 20px; width: auto; padding: 0px 4px 0px 0px; text-align: center; font: bold 11px\/20px 'Helvetica Neue',Helvetica,sans-serif; color: #ffffff; background: #bd081c  no-repeat scroll 3px 50% \/ 14px 14px; position: absolute; opacity: 1; z-index: 8675309; display: none; cursor: pointer; top: 5038px; left: 33px;\">Guardar<\/span><\/p>\n<p><span style=\"border-radius: 2px; text-indent: 20px; width: auto; padding: 0px 4px 0px 0px; text-align: center; font: bold 11px\/20px 'Helvetica Neue',Helvetica,sans-serif; color: #ffffff; background: #bd081c  no-repeat scroll 3px 50% \/ 14px 14px; position: absolute; opacity: 1; z-index: 8675309; display: none; cursor: pointer; top: 764px; left: 20px;\">Guardar<\/span><\/p>\n<p><span style=\"border-radius: 2px; text-indent: 20px; width: auto; padding: 0px 4px 0px 0px; text-align: center; font: bold 11px\/20px 'Helvetica Neue',Helvetica,sans-serif; color: #ffffff; background: #bd081c  no-repeat scroll 3px 50% \/ 14px 14px; position: absolute; opacity: 1; z-index: 8675309; display: none; cursor: pointer; top: 284px; left: 20px;\">Guardar<\/span><\/p>\n<p><span style=\"border-radius: 2px; text-indent: 20px; width: auto; padding: 0px 4px 0px 0px; text-align: center; font: bold 11px\/20px 'Helvetica Neue',Helvetica,sans-serif; color: #ffffff; background: #bd081c  no-repeat scroll 3px 50% \/ 14px 14px; position: absolute; opacity: 1; z-index: 8675309; display: none; cursor: pointer; top: 12549px; left: 33px;\">Guardar<\/span><\/p>\n<p><span style=\"border-radius: 2px; text-indent: 20px; width: auto; padding: 0px 4px 0px 0px; text-align: center; font: bold 11px\/20px 'Helvetica Neue',Helvetica,sans-serif; color: #ffffff; background: #bd081c  no-repeat scroll 3px 50% \/ 14px 14px; position: absolute; opacity: 1; z-index: 8675309; display: none; cursor: pointer; top: 1420px; left: 33px;\">Guardar<\/span><\/p>\n<p><span style=\"border-radius: 2px; text-indent: 20px; width: auto; padding: 0px 4px 0px 0px; text-align: center; font: bold 11px\/20px 'Helvetica Neue',Helvetica,sans-serif; color: #ffffff; background: #bd081c  no-repeat scroll 3px 50% \/ 14px 14px; position: absolute; opacity: 1; z-index: 8675309; display: none; cursor: pointer; top: 2413px; left: 33px;\">Guardar<\/span><\/p>\n<p><span style=\"border-radius: 2px; text-indent: 20px; width: auto; padding: 0px 4px 0px 0px; text-align: center; font: bold 11px\/20px 'Helvetica Neue',Helvetica,sans-serif; color: #ffffff; background: #bd081c  no-repeat scroll 3px 50% \/ 14px 14px; position: absolute; opacity: 1; z-index: 8675309; display: none; cursor: pointer;\">Guardar<\/span><\/p>\n<p><span style=\"border-radius: 2px; text-indent: 20px; width: auto; padding: 0px 4px 0px 0px; text-align: center; font: bold 11px\/20px 'Helvetica Neue',Helvetica,sans-serif; color: #ffffff; background: #bd081c  no-repeat scroll 3px 50% \/ 14px 14px; position: absolute; opacity: 1; z-index: 8675309; display: none; cursor: pointer; top: 8933px; left: 33px;\">Guardar<\/span><\/p>\n<p><span style=\"border-radius: 2px; text-indent: 20px; width: auto; padding: 0px 4px 0px 0px; text-align: center; font: bold 11px\/20px 'Helvetica Neue',Helvetica,sans-serif; color: #ffffff; background: #bd081c  no-repeat scroll 3px 50% \/ 14px 14px; position: absolute; opacity: 1; z-index: 8675309; display: none; cursor: pointer; top: 284px; left: 20px;\">Guardar<\/span><\/p>\n<p><span style=\"border-radius: 2px; text-indent: 20px; width: auto; padding: 0px 4px 0px 0px; text-align: center; font: bold 11px\/20px 'Helvetica Neue',Helvetica,sans-serif; color: #ffffff; background: #bd081c  no-repeat scroll 3px 50% \/ 14px 14px; position: absolute; opacity: 1; z-index: 8675309; display: none; cursor: pointer; top: 11854px; left: 33px;\">Guardar<\/span><\/p>\n<p><span style=\"border-radius: 2px; text-indent: 20px; width: auto; padding: 0px 4px 0px 0px; text-align: center; font: bold 11px\/20px 'Helvetica Neue',Helvetica,sans-serif; color: #ffffff; background: #bd081c  no-repeat scroll 3px 50% \/ 14px 14px; position: absolute; opacity: 1; z-index: 8675309; display: none; cursor: pointer;\">Guardar<\/span><\/p>\n<p><span style=\"border-radius: 2px; text-indent: 20px; width: auto; padding: 0px 4px 0px 0px; text-align: center; font: bold 11px\/20px 'Helvetica Neue',Helvetica,sans-serif; color: #ffffff; background: #bd081c  no-repeat scroll 3px 50% \/ 14px 14px; position: absolute; opacity: 1; z-index: 8675309; display: none; cursor: pointer;\">Guardar<\/span><\/p>\n<p><span style=\"border-radius: 2px; text-indent: 20px; width: auto; padding: 0px 4px 0px 0px; text-align: center; font: bold 11px\/20px 'Helvetica Neue',Helvetica,sans-serif; color: #ffffff; background: #bd081c  no-repeat scroll 3px 50% \/ 14px 14px; position: absolute; opacity: 1; z-index: 8675309; display: none; cursor: pointer; top: 188px; left: 20px;\">Guardar<\/span><\/p>\n<p><span style=\"border-radius: 2px; text-indent: 20px; width: auto; padding: 0px 4px 0px 0px; text-align: center; font: bold 11px\/20px 'Helvetica Neue',Helvetica,sans-serif; color: #ffffff; background: #bd081c  no-repeat scroll 3px 50% \/ 14px 14px; position: absolute; opacity: 1; z-index: 8675309; display: none; cursor: pointer; top: 14889px; left: 33px;\">Guardar<\/span><\/p>\n<p><span style=\"border-radius: 2px; text-indent: 20px; width: auto; padding: 0px 4px 0px 0px; text-align: center; font: bold 11px\/20px 'Helvetica Neue',Helvetica,sans-serif; color: #ffffff; background: #bd081c  no-repeat scroll 3px 50% \/ 14px 14px; position: absolute; opacity: 1; z-index: 8675309; display: none; cursor: pointer; top: 1815px; left: 33px;\">Guardar<\/span><\/p>\n<p><span style=\"border-radius: 2px; text-indent: 20px; width: auto; padding: 0px 4px 0px 0px; text-align: center; font: bold 11px\/20px 'Helvetica Neue',Helvetica,sans-serif; color: #ffffff; background: #bd081c  no-repeat scroll 3px 50% \/ 14px 14px; position: absolute; opacity: 1; z-index: 8675309; display: none; cursor: pointer; top: 15786px; left: 20px;\">Guardar<\/span><\/p>\n<p><span style=\"border-radius: 2px; text-indent: 20px; width: auto; padding: 0px 4px 0px 0px; text-align: center; font: bold 11px\/20px 'Helvetica Neue',Helvetica,sans-serif; color: #ffffff; background: #bd081c  no-repeat scroll 3px 50% \/ 14px 14px; position: absolute; opacity: 1; z-index: 8675309; display: none; cursor: pointer; top: 17216px; left: 33px;\">Guardar<\/span><\/p>\n<p><span style=\"border-radius: 2px; text-indent: 20px; width: auto; padding: 0px 4px 0px 0px; text-align: center; font: bold 11px\/20px 'Helvetica Neue',Helvetica,sans-serif; color: #ffffff; background: #bd081c  no-repeat scroll 3px 50% \/ 14px 14px; position: absolute; opacity: 1; z-index: 8675309; display: none; cursor: pointer; top: 2809px; left: 33px;\">Guardar<\/span><\/p>\n<p><span style=\"border-radius: 2px; text-indent: 20px; width: auto; padding: 0px 4px 0px 0px; text-align: center; font: bold 11px\/20px 'Helvetica Neue',Helvetica,sans-serif; color: #ffffff; background: #bd081c  no-repeat scroll 3px 50% \/ 14px 14px; position: absolute; opacity: 1; z-index: 8675309; display: none; cursor: pointer; top: 10309px; left: 33px;\">Guardar<\/span><\/p>\n<p><span style=\"border-radius: 2px; text-indent: 20px; width: auto; padding: 0px 4px 0px 0px; text-align: center; font: bold 11px\/20px 'Helvetica Neue',Helvetica,sans-serif; color: #ffffff; background: #bd081c  no-repeat scroll 3px 50% \/ 14px 14px; position: absolute; opacity: 1; z-index: 8675309; display: none; cursor: pointer; top: 17241px; left: 33px;\">Guardar<\/span><\/p>\n<p><span style=\"border-radius: 2px; text-indent: 20px; width: auto; padding: 0px 4px 0px 0px; text-align: center; font: bold 11px\/20px 'Helvetica Neue',Helvetica,sans-serif; color: #ffffff; background: #bd081c  no-repeat scroll 3px 50% \/ 14px 14px; position: absolute; opacity: 1; z-index: 8675309; display: none; cursor: pointer; top: 23890px; left: 20px;\">Guardar<\/span><\/p>\n<p><span style=\"border-radius: 2px; text-indent: 20px; width: auto; padding: 0px 4px 0px 0px; text-align: center; font: bold 11px\/20px 'Helvetica Neue',Helvetica,sans-serif; color: #ffffff; background: #bd081c  no-repeat scroll 3px 50% \/ 14px 14px; position: absolute; opacity: 1; z-index: 8675309; display: none; cursor: pointer;\">Guardar<\/span><\/p>\n<p><span style=\"border-radius: 2px; text-indent: 20px; width: auto; padding: 0px 4px 0px 0px; text-align: center; font: bold 11px\/20px 'Helvetica Neue',Helvetica,sans-serif; color: #ffffff; background: #bd081c  no-repeat scroll 3px 50% \/ 14px 14px; position: absolute; opacity: 1; z-index: 8675309; display: none; cursor: pointer; top: 136px; left: 20px;\">Guardar<\/span><\/p>\n<p><span style=\"border-radius: 2px; text-indent: 20px; width: auto; padding: 0px 4px 0px 0px; text-align: center; font: bold 11px\/20px 'Helvetica Neue',Helvetica,sans-serif; color: #ffffff; background: #bd081c  no-repeat scroll 3px 50% \/ 14px 14px; position: absolute; opacity: 1; z-index: 8675309; display: none; cursor: pointer; top: 17111px; left: 33px;\">Guardar<\/span><\/p>\n","protected":false},"excerpt":{"rendered":"<p>Qu\u00e9 ver en el Delta del Ebro El Parque Natural del Delta del Ebro se encuentra en el l\u00edmite sur de Catalu\u00f1a, en la provincia de Tarragona. Fue declarado parque Nacional en 1983 y actualemente cuenta con m\u00e1s de 7.000 hectareas que forman la Reserva de la Biosfera de las Tierras del Ebro. Lo es [&#8230;]<\/p>\n<p><a class=\"understrap-read-more-link btn btn-outline-dark btn-sm\" href=\"https:\/\/www.litoral.es\/guia-de-vacaciones\/delta-del-ebro-que-ver-y-hacer\/\">Continue Reading&#8230;<\/a><\/p>\n","protected":false},"author":3,"featured_media":6556,"comment_status":"closed","ping_status":"closed","sticky":false,"template":"","format":"image","meta":{"footnotes":""},"categories":[205,55],"tags":[],"yoast_head":"<!-- This site is optimized with the Yoast SEO plugin v20.2.1 - https:\/\/yoast.com\/wordpress\/plugins\/seo\/ -->\n<title>Que ver y hacer en el Delta del Ebro 2020 - consejos, mapas, fotos y m\u00e1s<\/title>\n<meta name=\"description\" content=\"Descubre los secretos del Delta del Ebro para preparar t\u00fa viaje y no perderte nada. Disfruta de recomendaciones, mapas, fotos y adem\u00e1s....\" \/>\n<meta name=\"robots\" content=\"index, follow, max-snippet:-1, max-image-preview:large, max-video-preview:-1\" \/>\n<link rel=\"canonical\" href=\"https:\/\/www.litoral.es\/guia-de-vacaciones\/delta-del-ebro-que-ver-y-hacer\/\" \/>\n<meta property=\"og:locale\" content=\"es_ES\" \/>\n<meta property=\"og:type\" content=\"article\" \/>\n<meta property=\"og:title\" content=\"Que ver y hacer en el Delta del Ebro 2020 - consejos, mapas, fotos y m\u00e1s\" \/>\n<meta property=\"og:description\" content=\"Descubre los secretos del Delta del Ebro para preparar t\u00fa viaje y no perderte nada. Disfruta de recomendaciones, mapas, fotos y adem\u00e1s....\" \/>\n<meta property=\"og:url\" content=\"https:\/\/www.litoral.es\/guia-de-vacaciones\/delta-del-ebro-que-ver-y-hacer\/\" \/>\n<meta property=\"og:site_name\" content=\"Litoral Costa Dorada Blog\" \/>\n<meta property=\"article:publisher\" content=\"https:\/\/www.facebook.com\/pages\/Litoral-Costa-Dorada\/461561627270721\" \/>\n<meta property=\"article:published_time\" content=\"2020-03-05T15:02:19+00:00\" \/>\n<meta property=\"article:modified_time\" content=\"2020-12-18T10:11:01+00:00\" \/>\n<meta property=\"og:image\" content=\"https:\/\/www.litoral.es\/guia-de-vacaciones\/wp-content\/uploads\/2017\/10\/Delta-del-Ebro-faro-del-fangar.jpg\" \/>\n\t<meta property=\"og:image:width\" content=\"1990\" \/>\n\t<meta property=\"og:image:height\" content=\"451\" \/>\n\t<meta property=\"og:image:type\" content=\"image\/jpeg\" \/>\n<meta name=\"author\" content=\"Sonia Gonzalez\" \/>\n<meta name=\"twitter:label1\" content=\"Written by\" \/>\n\t<meta name=\"twitter:data1\" content=\"Sonia Gonzalez\" \/>\n\t<meta name=\"twitter:label2\" content=\"Est. reading time\" \/>\n\t<meta name=\"twitter:data2\" content=\"29 minutos\" \/>\n<script type=\"application\/ld+json\" class=\"yoast-schema-graph\">{\"@context\":\"https:\/\/schema.org\",\"@graph\":[{\"@type\":\"Article\",\"@id\":\"https:\/\/www.litoral.es\/guia-de-vacaciones\/delta-del-ebro-que-ver-y-hacer\/#article\",\"isPartOf\":{\"@id\":\"https:\/\/www.litoral.es\/guia-de-vacaciones\/delta-del-ebro-que-ver-y-hacer\/\"},\"author\":{\"name\":\"Sonia Gonzalez\",\"@id\":\"https:\/\/www.litoral.es\/guia-de-vacaciones\/#\/schema\/person\/d0afa04756ae3fa5e7a2d6a91003cd38\"},\"headline\":\"Qu\u00e9 ver y hacer en el Delta del Ebro\",\"datePublished\":\"2020-03-05T15:02:19+00:00\",\"dateModified\":\"2020-12-18T10:11:01+00:00\",\"mainEntityOfPage\":{\"@id\":\"https:\/\/www.litoral.es\/guia-de-vacaciones\/delta-del-ebro-que-ver-y-hacer\/\"},\"wordCount\":5749,\"publisher\":{\"@id\":\"https:\/\/www.litoral.es\/guia-de-vacaciones\/#organization\"},\"articleSection\":[\"Con ni\u00f1os\",\"Planes\"],\"inLanguage\":\"es\"},{\"@type\":\"WebPage\",\"@id\":\"https:\/\/www.litoral.es\/guia-de-vacaciones\/delta-del-ebro-que-ver-y-hacer\/\",\"url\":\"https:\/\/www.litoral.es\/guia-de-vacaciones\/delta-del-ebro-que-ver-y-hacer\/\",\"name\":\"Que ver y hacer en el Delta del Ebro 2020 - consejos, mapas, fotos y m\u00e1s\",\"isPartOf\":{\"@id\":\"https:\/\/www.litoral.es\/guia-de-vacaciones\/#website\"},\"datePublished\":\"2020-03-05T15:02:19+00:00\",\"dateModified\":\"2020-12-18T10:11:01+00:00\",\"description\":\"Descubre los secretos del Delta del Ebro para preparar t\u00fa viaje y no perderte nada. Disfruta de recomendaciones, mapas, fotos y adem\u00e1s....\",\"breadcrumb\":{\"@id\":\"https:\/\/www.litoral.es\/guia-de-vacaciones\/delta-del-ebro-que-ver-y-hacer\/#breadcrumb\"},\"inLanguage\":\"es\",\"potentialAction\":[{\"@type\":\"ReadAction\",\"target\":[\"https:\/\/www.litoral.es\/guia-de-vacaciones\/delta-del-ebro-que-ver-y-hacer\/\"]}]},{\"@type\":\"BreadcrumbList\",\"@id\":\"https:\/\/www.litoral.es\/guia-de-vacaciones\/delta-del-ebro-que-ver-y-hacer\/#breadcrumb\",\"itemListElement\":[{\"@type\":\"ListItem\",\"position\":1,\"name\":\"Home\",\"item\":\"https:\/\/www.litoral.es\/guia-de-vacaciones\/\"},{\"@type\":\"ListItem\",\"position\":2,\"name\":\"Qu\u00e9 ver y hacer en el Delta del Ebro\"}]},{\"@type\":\"WebSite\",\"@id\":\"https:\/\/www.litoral.es\/guia-de-vacaciones\/#website\",\"url\":\"https:\/\/www.litoral.es\/guia-de-vacaciones\/\",\"name\":\"Litoral Costa Dorada Blog\",\"description\":\"Alquiler y venta de alojamientos tur\u00edsticos en la Costa Dorada\",\"publisher\":{\"@id\":\"https:\/\/www.litoral.es\/guia-de-vacaciones\/#organization\"},\"potentialAction\":[{\"@type\":\"SearchAction\",\"target\":{\"@type\":\"EntryPoint\",\"urlTemplate\":\"https:\/\/www.litoral.es\/guia-de-vacaciones\/?s={search_term_string}\"},\"query-input\":\"required name=search_term_string\"}],\"inLanguage\":\"es\"},{\"@type\":\"Organization\",\"@id\":\"https:\/\/www.litoral.es\/guia-de-vacaciones\/#organization\",\"name\":\"Litoral Costa Dorada Blog\",\"url\":\"https:\/\/www.litoral.es\/guia-de-vacaciones\/\",\"logo\":{\"@type\":\"ImageObject\",\"inLanguage\":\"es\",\"@id\":\"https:\/\/www.litoral.es\/guia-de-vacaciones\/#\/schema\/logo\/image\/\",\"url\":\"https:\/\/www.litoral.es\/guia-de-vacaciones\/wp-content\/uploads\/2023\/11\/litoral_blog.png\",\"contentUrl\":\"https:\/\/www.litoral.es\/guia-de-vacaciones\/wp-content\/uploads\/2023\/11\/litoral_blog.png\",\"width\":1254,\"height\":221,\"caption\":\"Litoral Costa Dorada Blog\"},\"image\":{\"@id\":\"https:\/\/www.litoral.es\/guia-de-vacaciones\/#\/schema\/logo\/image\/\"},\"sameAs\":[\"https:\/\/www.facebook.com\/pages\/Litoral-Costa-Dorada\/461561627270721\"]},{\"@type\":\"Person\",\"@id\":\"https:\/\/www.litoral.es\/guia-de-vacaciones\/#\/schema\/person\/d0afa04756ae3fa5e7a2d6a91003cd38\",\"name\":\"Sonia Gonzalez\",\"image\":{\"@type\":\"ImageObject\",\"inLanguage\":\"es\",\"@id\":\"https:\/\/www.litoral.es\/guia-de-vacaciones\/#\/schema\/person\/image\/\",\"url\":\"https:\/\/secure.gravatar.com\/avatar\/8783ab6255cf09e64ea7ac21e046fe55?s=96&d=mm&r=g\",\"contentUrl\":\"https:\/\/secure.gravatar.com\/avatar\/8783ab6255cf09e64ea7ac21e046fe55?s=96&d=mm&r=g\",\"caption\":\"Sonia Gonzalez\"},\"description\":\"Mi nombre es Sonia Gonzalez, vivo en Cambrils y soy diplomada en turismo. Mis grandes pasiones son la lectura y los viajes alrededor del mundo, conociendo y aprendiendo de sus gentes, sus costumbres y tradiciones.\"}]}<\/script>\n<!-- \/ Yoast SEO plugin. -->","yoast_head_json":{"title":"Que ver y hacer en el Delta del Ebro 2020 - consejos, mapas, fotos y m\u00e1s","description":"Descubre los secretos del Delta del Ebro para preparar t\u00fa viaje y no perderte nada. Disfruta de recomendaciones, mapas, fotos y adem\u00e1s....","robots":{"index":"index","follow":"follow","max-snippet":"max-snippet:-1","max-image-preview":"max-image-preview:large","max-video-preview":"max-video-preview:-1"},"canonical":"https:\/\/www.litoral.es\/guia-de-vacaciones\/delta-del-ebro-que-ver-y-hacer\/","og_locale":"es_ES","og_type":"article","og_title":"Que ver y hacer en el Delta del Ebro 2020 - consejos, mapas, fotos y m\u00e1s","og_description":"Descubre los secretos del Delta del Ebro para preparar t\u00fa viaje y no perderte nada. Disfruta de recomendaciones, mapas, fotos y adem\u00e1s....","og_url":"https:\/\/www.litoral.es\/guia-de-vacaciones\/delta-del-ebro-que-ver-y-hacer\/","og_site_name":"Litoral Costa Dorada Blog","article_publisher":"https:\/\/www.facebook.com\/pages\/Litoral-Costa-Dorada\/461561627270721","article_published_time":"2020-03-05T15:02:19+00:00","article_modified_time":"2020-12-18T10:11:01+00:00","og_image":[{"width":1990,"height":451,"url":"https:\/\/www.litoral.es\/guia-de-vacaciones\/wp-content\/uploads\/2017\/10\/Delta-del-Ebro-faro-del-fangar.jpg","type":"image\/jpeg"}],"author":"Sonia Gonzalez","twitter_misc":{"Written by":"Sonia Gonzalez","Est. reading time":"29 minutos"},"schema":{"@context":"https:\/\/schema.org","@graph":[{"@type":"Article","@id":"https:\/\/www.litoral.es\/guia-de-vacaciones\/delta-del-ebro-que-ver-y-hacer\/#article","isPartOf":{"@id":"https:\/\/www.litoral.es\/guia-de-vacaciones\/delta-del-ebro-que-ver-y-hacer\/"},"author":{"name":"Sonia Gonzalez","@id":"https:\/\/www.litoral.es\/guia-de-vacaciones\/#\/schema\/person\/d0afa04756ae3fa5e7a2d6a91003cd38"},"headline":"Qu\u00e9 ver y hacer en el Delta del Ebro","datePublished":"2020-03-05T15:02:19+00:00","dateModified":"2020-12-18T10:11:01+00:00","mainEntityOfPage":{"@id":"https:\/\/www.litoral.es\/guia-de-vacaciones\/delta-del-ebro-que-ver-y-hacer\/"},"wordCount":5749,"publisher":{"@id":"https:\/\/www.litoral.es\/guia-de-vacaciones\/#organization"},"articleSection":["Con ni\u00f1os","Planes"],"inLanguage":"es"},{"@type":"WebPage","@id":"https:\/\/www.litoral.es\/guia-de-vacaciones\/delta-del-ebro-que-ver-y-hacer\/","url":"https:\/\/www.litoral.es\/guia-de-vacaciones\/delta-del-ebro-que-ver-y-hacer\/","name":"Que ver y hacer en el Delta del Ebro 2020 - consejos, mapas, fotos y m\u00e1s","isPartOf":{"@id":"https:\/\/www.litoral.es\/guia-de-vacaciones\/#website"},"datePublished":"2020-03-05T15:02:19+00:00","dateModified":"2020-12-18T10:11:01+00:00","description":"Descubre los secretos del Delta del Ebro para preparar t\u00fa viaje y no perderte nada. Disfruta de recomendaciones, mapas, fotos y adem\u00e1s....","breadcrumb":{"@id":"https:\/\/www.litoral.es\/guia-de-vacaciones\/delta-del-ebro-que-ver-y-hacer\/#breadcrumb"},"inLanguage":"es","potentialAction":[{"@type":"ReadAction","target":["https:\/\/www.litoral.es\/guia-de-vacaciones\/delta-del-ebro-que-ver-y-hacer\/"]}]},{"@type":"BreadcrumbList","@id":"https:\/\/www.litoral.es\/guia-de-vacaciones\/delta-del-ebro-que-ver-y-hacer\/#breadcrumb","itemListElement":[{"@type":"ListItem","position":1,"name":"Home","item":"https:\/\/www.litoral.es\/guia-de-vacaciones\/"},{"@type":"ListItem","position":2,"name":"Qu\u00e9 ver y hacer en el Delta del Ebro"}]},{"@type":"WebSite","@id":"https:\/\/www.litoral.es\/guia-de-vacaciones\/#website","url":"https:\/\/www.litoral.es\/guia-de-vacaciones\/","name":"Litoral Costa Dorada Blog","description":"Alquiler y venta de alojamientos tur\u00edsticos en la Costa Dorada","publisher":{"@id":"https:\/\/www.litoral.es\/guia-de-vacaciones\/#organization"},"potentialAction":[{"@type":"SearchAction","target":{"@type":"EntryPoint","urlTemplate":"https:\/\/www.litoral.es\/guia-de-vacaciones\/?s={search_term_string}"},"query-input":"required name=search_term_string"}],"inLanguage":"es"},{"@type":"Organization","@id":"https:\/\/www.litoral.es\/guia-de-vacaciones\/#organization","name":"Litoral Costa Dorada Blog","url":"https:\/\/www.litoral.es\/guia-de-vacaciones\/","logo":{"@type":"ImageObject","inLanguage":"es","@id":"https:\/\/www.litoral.es\/guia-de-vacaciones\/#\/schema\/logo\/image\/","url":"https:\/\/www.litoral.es\/guia-de-vacaciones\/wp-content\/uploads\/2023\/11\/litoral_blog.png","contentUrl":"https:\/\/www.litoral.es\/guia-de-vacaciones\/wp-content\/uploads\/2023\/11\/litoral_blog.png","width":1254,"height":221,"caption":"Litoral Costa Dorada Blog"},"image":{"@id":"https:\/\/www.litoral.es\/guia-de-vacaciones\/#\/schema\/logo\/image\/"},"sameAs":["https:\/\/www.facebook.com\/pages\/Litoral-Costa-Dorada\/461561627270721"]},{"@type":"Person","@id":"https:\/\/www.litoral.es\/guia-de-vacaciones\/#\/schema\/person\/d0afa04756ae3fa5e7a2d6a91003cd38","name":"Sonia Gonzalez","image":{"@type":"ImageObject","inLanguage":"es","@id":"https:\/\/www.litoral.es\/guia-de-vacaciones\/#\/schema\/person\/image\/","url":"https:\/\/secure.gravatar.com\/avatar\/8783ab6255cf09e64ea7ac21e046fe55?s=96&d=mm&r=g","contentUrl":"https:\/\/secure.gravatar.com\/avatar\/8783ab6255cf09e64ea7ac21e046fe55?s=96&d=mm&r=g","caption":"Sonia Gonzalez"},"description":"Mi nombre es Sonia Gonzalez, vivo en Cambrils y soy diplomada en turismo. Mis grandes pasiones son la lectura y los viajes alrededor del mundo, conociendo y aprendiendo de sus gentes, sus costumbres y tradiciones."}]}},"_links":{"self":[{"href":"https:\/\/www.litoral.es\/guia-de-vacaciones\/wp-json\/wp\/v2\/posts\/6382"}],"collection":[{"href":"https:\/\/www.litoral.es\/guia-de-vacaciones\/wp-json\/wp\/v2\/posts"}],"about":[{"href":"https:\/\/www.litoral.es\/guia-de-vacaciones\/wp-json\/wp\/v2\/types\/post"}],"author":[{"embeddable":true,"href":"https:\/\/www.litoral.es\/guia-de-vacaciones\/wp-json\/wp\/v2\/users\/3"}],"replies":[{"embeddable":true,"href":"https:\/\/www.litoral.es\/guia-de-vacaciones\/wp-json\/wp\/v2\/comments?post=6382"}],"version-history":[{"count":106,"href":"https:\/\/www.litoral.es\/guia-de-vacaciones\/wp-json\/wp\/v2\/posts\/6382\/revisions"}],"predecessor-version":[{"id":7289,"href":"https:\/\/www.litoral.es\/guia-de-vacaciones\/wp-json\/wp\/v2\/posts\/6382\/revisions\/7289"}],"wp:featuredmedia":[{"embeddable":true,"href":"https:\/\/www.litoral.es\/guia-de-vacaciones\/wp-json\/wp\/v2\/media\/6556"}],"wp:attachment":[{"href":"https:\/\/www.litoral.es\/guia-de-vacaciones\/wp-json\/wp\/v2\/media?parent=6382"}],"wp:term":[{"taxonomy":"category","embeddable":true,"href":"https:\/\/www.litoral.es\/guia-de-vacaciones\/wp-json\/wp\/v2\/categories?post=6382"},{"taxonomy":"post_tag","embeddable":true,"href":"https:\/\/www.litoral.es\/guia-de-vacaciones\/wp-json\/wp\/v2\/tags?post=6382"}],"curies":[{"name":"wp","href":"https:\/\/api.w.org\/{rel}","templated":true}]}}