{"id":7430,"date":"2020-11-23T13:45:00","date_gmt":"2020-11-23T12:45:00","guid":{"rendered":"https:\/\/www.litoral.es\/guia-de-vacaciones\/?p=7430"},"modified":"2023-11-28T12:12:27","modified_gmt":"2023-11-28T11:12:27","slug":"ruta-del-cister-2","status":"publish","type":"post","link":"https:\/\/www.litoral.es\/guia-de-vacaciones\/ruta-del-cister-2\/","title":{"rendered":"Ruta del C\u00edster"},"content":{"rendered":"\n<h3 class=\"wp-block-heading\">Ruta del C\u00edster<\/h3>\n\n\n\n<p>La ruta del C\u00edster est\u00e1 formada por los Monasterios de Santes Creus, Poblet y Vallbona de les Monges, situados en tres comarcas: Alt Camp, Conca de Barber\u00e0 y Urgell, entre Tarragona y Lleida.<\/p>\n\n\n\n<p><strong>Santes Creus<\/strong><br>El monasterio de Santes Creus se encuentra en el sector septentrional del llamado Camp de Tarragona, en la comarca del Alt Camp, en el valle del r\u00edo Gai\u00e0. Los tres recintos medievales quedan en parte alterados por la construcci\u00f3n de viviendas en antiguas dependencias mon\u00e1sticas que forman el actual pueblo de Santes Creus. Del primero, queda una puerta muy simple y la capilla de Santa Ll\u00facia. La Puerta Real barroca conduce al segundo recinto y a la gran plaza presidida por una fuente dedicada a Sant Bernat Calv\u00f3, con casas decoradas con esgrafiados; destaca el Palacio Abacial, construido (1640) sobre un antiguo hospital, con un peque\u00f1o claustro, hoy sede del ayuntamiento.<\/p>\n\n\n\n<p><strong>Poblet<\/strong><br>El monasterio de Santa Maria de Poblet se encuentra en un bello paraje a los pies de la sierra de Prades, cerca de Montblanc y de L&#8217;Espluga de Francol\u00ed, en la comarca de la Conca de Barber\u00e0. Es un conjunto arquitect\u00f3nico que figura entre los monumentos mon\u00e1sticos m\u00e1s importantes y bien conservados de Europa.<\/p>\n\n\n\n<p><strong>Vallbona de les Monges<\/strong><br>El monasterio de Vallbona de les Monges, de religiosas cisterciences, se sit\u00faa en un valle pr\u00f3ximo a la sierra de El Tallat. Constituye un grandioso conjunto arquitect\u00f3nico, excepcional en los monasterios femeninos de la orden, cuya vida mon\u00e1stica ha perdurado hasta nuestros d\u00edas a lo largo de ocho siglos.<\/p>\n\n\n\n<p>En Litoral estamos convencidos que tras finalizar sus&nbsp;vacaciones en la Costa Dorada&nbsp;quedar\u00e1 satisfecho y contento con el&nbsp;alquilerde su&nbsp;apartamento&nbsp;en&nbsp;Salou,&nbsp;Miami Playa,&nbsp;Cambrils,&nbsp;Hospitalet de l&#8217;Infant&nbsp;o&nbsp;Ametlla de Mar.<\/p>\n","protected":false},"excerpt":{"rendered":"<p>Ruta del C\u00edster La ruta del C\u00edster est\u00e1 formada por los Monasterios de Santes Creus, Poblet y Vallbona de les Monges, situados en tres comarcas: Alt Camp, Conca de Barber\u00e0 y Urgell, entre Tarragona y Lleida. Santes CreusEl monasterio de Santes Creus se encuentra en el sector septentrional del llamado Camp de Tarragona, en la [&#8230;]<\/p>\n<p><a class=\"understrap-read-more-link btn btn-outline-dark btn-sm\" href=\"https:\/\/www.litoral.es\/guia-de-vacaciones\/ruta-del-cister-2\/\">Continue Reading&#8230;<\/a><\/p>\n","protected":false},"author":11,"featured_media":7431,"comment_status":"closed","ping_status":"closed","sticky":false,"template":"","format":"standard","meta":{"footnotes":""},"categories":[1],"tags":[],"yoast_head":"<!-- This site is optimized with the Yoast SEO plugin v20.2.1 - https:\/\/yoast.com\/wordpress\/plugins\/seo\/ -->\n<title>Ruta del C\u00edster | Litoral Costa Dorada Blog<\/title>\n<meta name=\"description\" content=\"Ruta del C\u00edster. Informaci\u00f3n de inter\u00e9s para su viaje o vacaciones a la Costa Dorada\" \/>\n<meta name=\"robots\" content=\"index, follow, max-snippet:-1, max-image-preview:large, max-video-preview:-1\" \/>\n<link rel=\"canonical\" href=\"https:\/\/www.litoral.es\/guia-de-vacaciones\/ruta-del-cister-2\/\" \/>\n<meta property=\"og:locale\" content=\"es_ES\" \/>\n<meta property=\"og:type\" content=\"article\" \/>\n<meta property=\"og:title\" content=\"Ruta del C\u00edster | Litoral Costa Dorada Blog\" \/>\n<meta property=\"og:description\" content=\"Ruta del C\u00edster. Informaci\u00f3n de inter\u00e9s para su viaje o vacaciones a la Costa Dorada\" \/>\n<meta property=\"og:url\" content=\"https:\/\/www.litoral.es\/guia-de-vacaciones\/ruta-del-cister-2\/\" \/>\n<meta property=\"og:site_name\" content=\"Litoral Costa Dorada Blog\" \/>\n<meta property=\"article:publisher\" content=\"https:\/\/www.facebook.com\/pages\/Litoral-Costa-Dorada\/461561627270721\" \/>\n<meta property=\"article:published_time\" content=\"2020-11-23T12:45:00+00:00\" \/>\n<meta property=\"article:modified_time\" content=\"2023-11-28T11:12:27+00:00\" \/>\n<meta property=\"og:image\" content=\"https:\/\/www.litoral.es\/guia-de-vacaciones\/wp-content\/uploads\/2023\/11\/ruta-del-cister.jpg\" \/>\n\t<meta property=\"og:image:width\" content=\"480\" \/>\n\t<meta property=\"og:image:height\" content=\"278\" \/>\n\t<meta property=\"og:image:type\" content=\"image\/jpeg\" \/>\n<meta name=\"author\" content=\"egluu\" \/>\n<meta name=\"twitter:label1\" content=\"Written by\" \/>\n\t<meta name=\"twitter:data1\" content=\"egluu\" \/>\n\t<meta name=\"twitter:label2\" content=\"Est. reading time\" \/>\n\t<meta name=\"twitter:data2\" content=\"2 minutos\" \/>\n<script type=\"application\/ld+json\" class=\"yoast-schema-graph\">{\"@context\":\"https:\/\/schema.org\",\"@graph\":[{\"@type\":\"Article\",\"@id\":\"https:\/\/www.litoral.es\/guia-de-vacaciones\/ruta-del-cister-2\/#article\",\"isPartOf\":{\"@id\":\"https:\/\/www.litoral.es\/guia-de-vacaciones\/ruta-del-cister-2\/\"},\"author\":{\"name\":\"egluu\",\"@id\":\"https:\/\/www.litoral.es\/guia-de-vacaciones\/#\/schema\/person\/af4e22ee6191b3a5088407accedfdfc2\"},\"headline\":\"Ruta del C\u00edster\",\"datePublished\":\"2020-11-23T12:45:00+00:00\",\"dateModified\":\"2023-11-28T11:12:27+00:00\",\"mainEntityOfPage\":{\"@id\":\"https:\/\/www.litoral.es\/guia-de-vacaciones\/ruta-del-cister-2\/\"},\"wordCount\":320,\"publisher\":{\"@id\":\"https:\/\/www.litoral.es\/guia-de-vacaciones\/#organization\"},\"articleSection\":[\"Sin categorizar\"],\"inLanguage\":\"es\"},{\"@type\":\"WebPage\",\"@id\":\"https:\/\/www.litoral.es\/guia-de-vacaciones\/ruta-del-cister-2\/\",\"url\":\"https:\/\/www.litoral.es\/guia-de-vacaciones\/ruta-del-cister-2\/\",\"name\":\"Ruta del C\u00edster | Litoral Costa Dorada Blog\",\"isPartOf\":{\"@id\":\"https:\/\/www.litoral.es\/guia-de-vacaciones\/#website\"},\"datePublished\":\"2020-11-23T12:45:00+00:00\",\"dateModified\":\"2023-11-28T11:12:27+00:00\",\"description\":\"Ruta del C\u00edster. Informaci\u00f3n de inter\u00e9s para su viaje o vacaciones a la Costa Dorada\",\"breadcrumb\":{\"@id\":\"https:\/\/www.litoral.es\/guia-de-vacaciones\/ruta-del-cister-2\/#breadcrumb\"},\"inLanguage\":\"es\",\"potentialAction\":[{\"@type\":\"ReadAction\",\"target\":[\"https:\/\/www.litoral.es\/guia-de-vacaciones\/ruta-del-cister-2\/\"]}]},{\"@type\":\"BreadcrumbList\",\"@id\":\"https:\/\/www.litoral.es\/guia-de-vacaciones\/ruta-del-cister-2\/#breadcrumb\",\"itemListElement\":[{\"@type\":\"ListItem\",\"position\":1,\"name\":\"Home\",\"item\":\"https:\/\/www.litoral.es\/guia-de-vacaciones\/\"},{\"@type\":\"ListItem\",\"position\":2,\"name\":\"Ruta del C\u00edster\"}]},{\"@type\":\"WebSite\",\"@id\":\"https:\/\/www.litoral.es\/guia-de-vacaciones\/#website\",\"url\":\"https:\/\/www.litoral.es\/guia-de-vacaciones\/\",\"name\":\"Litoral Costa Dorada Blog\",\"description\":\"Alquiler y venta de alojamientos tur\u00edsticos en la Costa Dorada\",\"publisher\":{\"@id\":\"https:\/\/www.litoral.es\/guia-de-vacaciones\/#organization\"},\"potentialAction\":[{\"@type\":\"SearchAction\",\"target\":{\"@type\":\"EntryPoint\",\"urlTemplate\":\"https:\/\/www.litoral.es\/guia-de-vacaciones\/?s={search_term_string}\"},\"query-input\":\"required name=search_term_string\"}],\"inLanguage\":\"es\"},{\"@type\":\"Organization\",\"@id\":\"https:\/\/www.litoral.es\/guia-de-vacaciones\/#organization\",\"name\":\"Litoral Costa Dorada Blog\",\"url\":\"https:\/\/www.litoral.es\/guia-de-vacaciones\/\",\"logo\":{\"@type\":\"ImageObject\",\"inLanguage\":\"es\",\"@id\":\"https:\/\/www.litoral.es\/guia-de-vacaciones\/#\/schema\/logo\/image\/\",\"url\":\"https:\/\/www.litoral.es\/guia-de-vacaciones\/wp-content\/uploads\/2023\/11\/litoral_blog.png\",\"contentUrl\":\"https:\/\/www.litoral.es\/guia-de-vacaciones\/wp-content\/uploads\/2023\/11\/litoral_blog.png\",\"width\":1254,\"height\":221,\"caption\":\"Litoral Costa Dorada Blog\"},\"image\":{\"@id\":\"https:\/\/www.litoral.es\/guia-de-vacaciones\/#\/schema\/logo\/image\/\"},\"sameAs\":[\"https:\/\/www.facebook.com\/pages\/Litoral-Costa-Dorada\/461561627270721\"]},{\"@type\":\"Person\",\"@id\":\"https:\/\/www.litoral.es\/guia-de-vacaciones\/#\/schema\/person\/af4e22ee6191b3a5088407accedfdfc2\",\"name\":\"egluu\",\"image\":{\"@type\":\"ImageObject\",\"inLanguage\":\"es\",\"@id\":\"https:\/\/www.litoral.es\/guia-de-vacaciones\/#\/schema\/person\/image\/\",\"url\":\"https:\/\/secure.gravatar.com\/avatar\/e1921b0f22a8c90a50954b1bbeea8b75?s=96&d=mm&r=g\",\"contentUrl\":\"https:\/\/secure.gravatar.com\/avatar\/e1921b0f22a8c90a50954b1bbeea8b75?s=96&d=mm&r=g\",\"caption\":\"egluu\"}}]}<\/script>\n<!-- \/ Yoast SEO plugin. -->","yoast_head_json":{"title":"Ruta del C\u00edster | Litoral Costa Dorada Blog","description":"Ruta del C\u00edster. Informaci\u00f3n de inter\u00e9s para su viaje o vacaciones a la Costa Dorada","robots":{"index":"index","follow":"follow","max-snippet":"max-snippet:-1","max-image-preview":"max-image-preview:large","max-video-preview":"max-video-preview:-1"},"canonical":"https:\/\/www.litoral.es\/guia-de-vacaciones\/ruta-del-cister-2\/","og_locale":"es_ES","og_type":"article","og_title":"Ruta del C\u00edster | Litoral Costa Dorada Blog","og_description":"Ruta del C\u00edster. Informaci\u00f3n de inter\u00e9s para su viaje o vacaciones a la Costa Dorada","og_url":"https:\/\/www.litoral.es\/guia-de-vacaciones\/ruta-del-cister-2\/","og_site_name":"Litoral Costa Dorada Blog","article_publisher":"https:\/\/www.facebook.com\/pages\/Litoral-Costa-Dorada\/461561627270721","article_published_time":"2020-11-23T12:45:00+00:00","article_modified_time":"2023-11-28T11:12:27+00:00","og_image":[{"width":480,"height":278,"url":"https:\/\/www.litoral.es\/guia-de-vacaciones\/wp-content\/uploads\/2023\/11\/ruta-del-cister.jpg","type":"image\/jpeg"}],"author":"egluu","twitter_misc":{"Written by":"egluu","Est. reading time":"2 minutos"},"schema":{"@context":"https:\/\/schema.org","@graph":[{"@type":"Article","@id":"https:\/\/www.litoral.es\/guia-de-vacaciones\/ruta-del-cister-2\/#article","isPartOf":{"@id":"https:\/\/www.litoral.es\/guia-de-vacaciones\/ruta-del-cister-2\/"},"author":{"name":"egluu","@id":"https:\/\/www.litoral.es\/guia-de-vacaciones\/#\/schema\/person\/af4e22ee6191b3a5088407accedfdfc2"},"headline":"Ruta del C\u00edster","datePublished":"2020-11-23T12:45:00+00:00","dateModified":"2023-11-28T11:12:27+00:00","mainEntityOfPage":{"@id":"https:\/\/www.litoral.es\/guia-de-vacaciones\/ruta-del-cister-2\/"},"wordCount":320,"publisher":{"@id":"https:\/\/www.litoral.es\/guia-de-vacaciones\/#organization"},"articleSection":["Sin categorizar"],"inLanguage":"es"},{"@type":"WebPage","@id":"https:\/\/www.litoral.es\/guia-de-vacaciones\/ruta-del-cister-2\/","url":"https:\/\/www.litoral.es\/guia-de-vacaciones\/ruta-del-cister-2\/","name":"Ruta del C\u00edster | Litoral Costa Dorada Blog","isPartOf":{"@id":"https:\/\/www.litoral.es\/guia-de-vacaciones\/#website"},"datePublished":"2020-11-23T12:45:00+00:00","dateModified":"2023-11-28T11:12:27+00:00","description":"Ruta del C\u00edster. Informaci\u00f3n de inter\u00e9s para su viaje o vacaciones a la Costa Dorada","breadcrumb":{"@id":"https:\/\/www.litoral.es\/guia-de-vacaciones\/ruta-del-cister-2\/#breadcrumb"},"inLanguage":"es","potentialAction":[{"@type":"ReadAction","target":["https:\/\/www.litoral.es\/guia-de-vacaciones\/ruta-del-cister-2\/"]}]},{"@type":"BreadcrumbList","@id":"https:\/\/www.litoral.es\/guia-de-vacaciones\/ruta-del-cister-2\/#breadcrumb","itemListElement":[{"@type":"ListItem","position":1,"name":"Home","item":"https:\/\/www.litoral.es\/guia-de-vacaciones\/"},{"@type":"ListItem","position":2,"name":"Ruta del C\u00edster"}]},{"@type":"WebSite","@id":"https:\/\/www.litoral.es\/guia-de-vacaciones\/#website","url":"https:\/\/www.litoral.es\/guia-de-vacaciones\/","name":"Litoral Costa Dorada Blog","description":"Alquiler y venta de alojamientos tur\u00edsticos en la Costa Dorada","publisher":{"@id":"https:\/\/www.litoral.es\/guia-de-vacaciones\/#organization"},"potentialAction":[{"@type":"SearchAction","target":{"@type":"EntryPoint","urlTemplate":"https:\/\/www.litoral.es\/guia-de-vacaciones\/?s={search_term_string}"},"query-input":"required name=search_term_string"}],"inLanguage":"es"},{"@type":"Organization","@id":"https:\/\/www.litoral.es\/guia-de-vacaciones\/#organization","name":"Litoral Costa Dorada Blog","url":"https:\/\/www.litoral.es\/guia-de-vacaciones\/","logo":{"@type":"ImageObject","inLanguage":"es","@id":"https:\/\/www.litoral.es\/guia-de-vacaciones\/#\/schema\/logo\/image\/","url":"https:\/\/www.litoral.es\/guia-de-vacaciones\/wp-content\/uploads\/2023\/11\/litoral_blog.png","contentUrl":"https:\/\/www.litoral.es\/guia-de-vacaciones\/wp-content\/uploads\/2023\/11\/litoral_blog.png","width":1254,"height":221,"caption":"Litoral Costa Dorada Blog"},"image":{"@id":"https:\/\/www.litoral.es\/guia-de-vacaciones\/#\/schema\/logo\/image\/"},"sameAs":["https:\/\/www.facebook.com\/pages\/Litoral-Costa-Dorada\/461561627270721"]},{"@type":"Person","@id":"https:\/\/www.litoral.es\/guia-de-vacaciones\/#\/schema\/person\/af4e22ee6191b3a5088407accedfdfc2","name":"egluu","image":{"@type":"ImageObject","inLanguage":"es","@id":"https:\/\/www.litoral.es\/guia-de-vacaciones\/#\/schema\/person\/image\/","url":"https:\/\/secure.gravatar.com\/avatar\/e1921b0f22a8c90a50954b1bbeea8b75?s=96&d=mm&r=g","contentUrl":"https:\/\/secure.gravatar.com\/avatar\/e1921b0f22a8c90a50954b1bbeea8b75?s=96&d=mm&r=g","caption":"egluu"}}]}},"_links":{"self":[{"href":"https:\/\/www.litoral.es\/guia-de-vacaciones\/wp-json\/wp\/v2\/posts\/7430"}],"collection":[{"href":"https:\/\/www.litoral.es\/guia-de-vacaciones\/wp-json\/wp\/v2\/posts"}],"about":[{"href":"https:\/\/www.litoral.es\/guia-de-vacaciones\/wp-json\/wp\/v2\/types\/post"}],"author":[{"embeddable":true,"href":"https:\/\/www.litoral.es\/guia-de-vacaciones\/wp-json\/wp\/v2\/users\/11"}],"replies":[{"embeddable":true,"href":"https:\/\/www.litoral.es\/guia-de-vacaciones\/wp-json\/wp\/v2\/comments?post=7430"}],"version-history":[{"count":2,"href":"https:\/\/www.litoral.es\/guia-de-vacaciones\/wp-json\/wp\/v2\/posts\/7430\/revisions"}],"predecessor-version":[{"id":7444,"href":"https:\/\/www.litoral.es\/guia-de-vacaciones\/wp-json\/wp\/v2\/posts\/7430\/revisions\/7444"}],"wp:featuredmedia":[{"embeddable":true,"href":"https:\/\/www.litoral.es\/guia-de-vacaciones\/wp-json\/wp\/v2\/media\/7431"}],"wp:attachment":[{"href":"https:\/\/www.litoral.es\/guia-de-vacaciones\/wp-json\/wp\/v2\/media?parent=7430"}],"wp:term":[{"taxonomy":"category","embeddable":true,"href":"https:\/\/www.litoral.es\/guia-de-vacaciones\/wp-json\/wp\/v2\/categories?post=7430"},{"taxonomy":"post_tag","embeddable":true,"href":"https:\/\/www.litoral.es\/guia-de-vacaciones\/wp-json\/wp\/v2\/tags?post=7430"}],"curies":[{"name":"wp","href":"https:\/\/api.w.org\/{rel}","templated":true}]}}