{"id":7439,"date":"2020-11-23T13:49:00","date_gmt":"2020-11-23T12:49:00","guid":{"rendered":"https:\/\/www.litoral.es\/guia-de-vacaciones\/?p=7439"},"modified":"2023-11-28T12:11:59","modified_gmt":"2023-11-28T11:11:59","slug":"vacaciones-en-cambrils","status":"publish","type":"post","link":"https:\/\/www.litoral.es\/guia-de-vacaciones\/vacaciones-en-cambrils\/","title":{"rendered":"Vacaciones en Cambrils"},"content":{"rendered":"<div class=\"wp-block-image\">\n<figure class=\"aligncenter size-full is-resized\"><img loading=\"lazy\" decoding=\"async\" width=\"860\" height=\"573\" src=\"https:\/\/www.litoral.es\/guia-de-vacaciones\/wp-content\/uploads\/2023\/11\/cambrils-puerto.jpg\" alt=\"\" class=\"wp-image-7440\" style=\"width:923px;height:auto\" srcset=\"https:\/\/www.litoral.es\/guia-de-vacaciones\/wp-content\/uploads\/2023\/11\/cambrils-puerto.jpg 860w, https:\/\/www.litoral.es\/guia-de-vacaciones\/wp-content\/uploads\/2023\/11\/cambrils-puerto-300x200.jpg 300w, https:\/\/www.litoral.es\/guia-de-vacaciones\/wp-content\/uploads\/2023\/11\/cambrils-puerto-768x512.jpg 768w, https:\/\/www.litoral.es\/guia-de-vacaciones\/wp-content\/uploads\/2023\/11\/cambrils-puerto-640x426.jpg 640w\" sizes=\"(max-width: 860px) 100vw, 860px\" \/><\/figure><\/div>\n\n\n<div id=\"block-system-main\" class=\"block block-system\">\n<div class=\"content\">\n<article id=\"node-139\" class=\"node node-page  clearfix\">\n<div class=\"content\">\n<div class=\"field field-name-body field-type-text-with-summary field-label-hidden\">\n<div class=\"field-items\">\n<div class=\"field-item even\">\n<p>Cambrils, una experiencia inolvidable en su apartamento en la Costa Dorada<\/p>\n<p>Cambrils es un municipio integrado en la provincia de Tarragona, en la comunidad de Catalunya. Est\u00e1 rodeado por las sierras de Llaberia, de Argentera y de la Mussara, con suaves pendientes que desembocan al mar, y es la segunda poblaci\u00f3n de la comarca del Baix Camp. Cambrils tiene un clima suave, con temperaturas medias durante el verano de 25\u00ba y de 12\u00ba en invierno.<\/p>\n<p>Vacaciones en Cambrils: Turismo de Sol y playa<\/p>\n<p>Las playas en Cambrils cuentan con servicios de ducha, lavabos, acceso a discapacitados f\u00edsicos, informaci\u00f3n sobre el estado del mar, primeros auxilios, alquiler de patines-motos acu\u00e1ticas, bares y chiringuitos de playa. As\u00ed como servicio de tumbonas y hamacas en la arena. Todo ello, unido a la seguridad y limpieza diaria, hacen que sus playas sean la mejor opci\u00f3n para el <strong>alquiler de un apartamento en Cambrils<\/strong> donde disfrutar de sus <strong>vacaciones en la Costa Dorada<\/strong>.<\/p>\n<p>Vacaciones en Cambrils: Turismo Familiar<\/p>\n<p>Cambrils es un destino especializado y certificado de Turismo Familiar en Catalunya, y cuenta con una amplia oferta de <strong>apartamentos en Cambrils<\/strong> que hacen que el sello \u00abDestinaci\u00f3 de Turisme Familiar\u00bb (DTF), marca de especializaci\u00f3n creada por Turismo de la Generalitat de Catalunya, sean un referente y se posicione como destino especializado en el turismo familiar. Las familias con ni\u00f1os disfrutar\u00e1n especialemente de sus <strong>vacaciones en Cambrils<\/strong> por la gran variedad de recursos, servicios y propuestas ocio-culturales adaptadas y especializadas.<\/p>\n<p>Vacaciones en Cambrils: Turismo Cultural<\/p>\n<p>El turista que visita Cambrils viene atra\u00eddo por el sol y la playa, pero cada vez m\u00e1s, los motivos de su visita est\u00e1n m\u00e1s relacionados con la cultura, gastronom\u00eda, tradiciones y fiestas populares. Gracias a la gran oferta de <strong>alojamientos en Cambrils<\/strong> y al agradable clima de la zona, hay multitud de deportes o actividades que pueden realizarse durante todo el a\u00f1o.<\/p>\n<p>Vacaciones en Cambrils: entretenimiento y diversi\u00f3n<\/p>\n<p>Por su relevancia hist\u00f3rica, por su apertura a otras culturas, y por ser un destino ideal para las <strong>vacaciones en la Costa Dorada<\/strong>, Cambrils se perfila como un destino vacacional \u00fanico por todos esos factores que hacen del municipio, el lugar ideal para viajes en pareja, viajar con ni\u00f1os o en grupo.<\/p>\n<\/div>\n<\/div>\n<\/div>\n<\/div>\n<\/article>\n<\/div>\n<\/div>\n","protected":false},"excerpt":{"rendered":"<p> [&#8230;]<\/p>\n<p><a class=\"understrap-read-more-link btn btn-outline-dark btn-sm\" href=\"https:\/\/www.litoral.es\/guia-de-vacaciones\/vacaciones-en-cambrils\/\">Continue Reading&#8230;<\/a><\/p>\n","protected":false},"author":11,"featured_media":7440,"comment_status":"closed","ping_status":"closed","sticky":false,"template":"","format":"standard","meta":{"footnotes":""},"categories":[55],"tags":[],"yoast_head":"<!-- This site is optimized with the Yoast SEO plugin v20.2.1 - https:\/\/yoast.com\/wordpress\/plugins\/seo\/ -->\n<title>Vacaciones en Cambrils | Litoral Costa Dorada Blog<\/title>\n<meta name=\"description\" content=\"Vacaciones en Cambrils. Informaci\u00f3n de inter\u00e9s para su viaje o vacaciones a la Costa Dorada\" \/>\n<meta name=\"robots\" content=\"index, follow, max-snippet:-1, max-image-preview:large, max-video-preview:-1\" \/>\n<link rel=\"canonical\" href=\"https:\/\/www.litoral.es\/guia-de-vacaciones\/vacaciones-en-cambrils\/\" \/>\n<meta property=\"og:locale\" content=\"es_ES\" \/>\n<meta property=\"og:type\" content=\"article\" \/>\n<meta property=\"og:title\" content=\"Vacaciones en Cambrils | Litoral Costa Dorada Blog\" \/>\n<meta property=\"og:description\" content=\"Vacaciones en Cambrils. Informaci\u00f3n de inter\u00e9s para su viaje o vacaciones a la Costa Dorada\" \/>\n<meta property=\"og:url\" content=\"https:\/\/www.litoral.es\/guia-de-vacaciones\/vacaciones-en-cambrils\/\" \/>\n<meta property=\"og:site_name\" content=\"Litoral Costa Dorada Blog\" \/>\n<meta property=\"article:publisher\" content=\"https:\/\/www.facebook.com\/pages\/Litoral-Costa-Dorada\/461561627270721\" \/>\n<meta property=\"article:published_time\" content=\"2020-11-23T12:49:00+00:00\" \/>\n<meta property=\"article:modified_time\" content=\"2023-11-28T11:11:59+00:00\" \/>\n<meta property=\"og:image\" content=\"https:\/\/www.litoral.es\/guia-de-vacaciones\/wp-content\/uploads\/2023\/11\/cambrils-puerto.jpg\" \/>\n\t<meta property=\"og:image:width\" content=\"860\" \/>\n\t<meta property=\"og:image:height\" content=\"573\" \/>\n\t<meta property=\"og:image:type\" content=\"image\/jpeg\" \/>\n<meta name=\"author\" content=\"egluu\" \/>\n<meta name=\"twitter:label1\" content=\"Written by\" \/>\n\t<meta name=\"twitter:data1\" content=\"egluu\" \/>\n\t<meta name=\"twitter:label2\" content=\"Est. reading time\" \/>\n\t<meta name=\"twitter:data2\" content=\"2 minutos\" \/>\n<script type=\"application\/ld+json\" class=\"yoast-schema-graph\">{\"@context\":\"https:\/\/schema.org\",\"@graph\":[{\"@type\":\"Article\",\"@id\":\"https:\/\/www.litoral.es\/guia-de-vacaciones\/vacaciones-en-cambrils\/#article\",\"isPartOf\":{\"@id\":\"https:\/\/www.litoral.es\/guia-de-vacaciones\/vacaciones-en-cambrils\/\"},\"author\":{\"name\":\"egluu\",\"@id\":\"https:\/\/www.litoral.es\/guia-de-vacaciones\/#\/schema\/person\/af4e22ee6191b3a5088407accedfdfc2\"},\"headline\":\"Vacaciones en Cambrils\",\"datePublished\":\"2020-11-23T12:49:00+00:00\",\"dateModified\":\"2023-11-28T11:11:59+00:00\",\"mainEntityOfPage\":{\"@id\":\"https:\/\/www.litoral.es\/guia-de-vacaciones\/vacaciones-en-cambrils\/\"},\"wordCount\":386,\"publisher\":{\"@id\":\"https:\/\/www.litoral.es\/guia-de-vacaciones\/#organization\"},\"articleSection\":[\"Planes\"],\"inLanguage\":\"es\"},{\"@type\":\"WebPage\",\"@id\":\"https:\/\/www.litoral.es\/guia-de-vacaciones\/vacaciones-en-cambrils\/\",\"url\":\"https:\/\/www.litoral.es\/guia-de-vacaciones\/vacaciones-en-cambrils\/\",\"name\":\"Vacaciones en Cambrils | Litoral Costa Dorada Blog\",\"isPartOf\":{\"@id\":\"https:\/\/www.litoral.es\/guia-de-vacaciones\/#website\"},\"datePublished\":\"2020-11-23T12:49:00+00:00\",\"dateModified\":\"2023-11-28T11:11:59+00:00\",\"description\":\"Vacaciones en Cambrils. Informaci\u00f3n de inter\u00e9s para su viaje o vacaciones a la Costa Dorada\",\"breadcrumb\":{\"@id\":\"https:\/\/www.litoral.es\/guia-de-vacaciones\/vacaciones-en-cambrils\/#breadcrumb\"},\"inLanguage\":\"es\",\"potentialAction\":[{\"@type\":\"ReadAction\",\"target\":[\"https:\/\/www.litoral.es\/guia-de-vacaciones\/vacaciones-en-cambrils\/\"]}]},{\"@type\":\"BreadcrumbList\",\"@id\":\"https:\/\/www.litoral.es\/guia-de-vacaciones\/vacaciones-en-cambrils\/#breadcrumb\",\"itemListElement\":[{\"@type\":\"ListItem\",\"position\":1,\"name\":\"Home\",\"item\":\"https:\/\/www.litoral.es\/guia-de-vacaciones\/\"},{\"@type\":\"ListItem\",\"position\":2,\"name\":\"Vacaciones en Cambrils\"}]},{\"@type\":\"WebSite\",\"@id\":\"https:\/\/www.litoral.es\/guia-de-vacaciones\/#website\",\"url\":\"https:\/\/www.litoral.es\/guia-de-vacaciones\/\",\"name\":\"Litoral Costa Dorada Blog\",\"description\":\"Alquiler y venta de alojamientos tur\u00edsticos en la Costa Dorada\",\"publisher\":{\"@id\":\"https:\/\/www.litoral.es\/guia-de-vacaciones\/#organization\"},\"potentialAction\":[{\"@type\":\"SearchAction\",\"target\":{\"@type\":\"EntryPoint\",\"urlTemplate\":\"https:\/\/www.litoral.es\/guia-de-vacaciones\/?s={search_term_string}\"},\"query-input\":\"required name=search_term_string\"}],\"inLanguage\":\"es\"},{\"@type\":\"Organization\",\"@id\":\"https:\/\/www.litoral.es\/guia-de-vacaciones\/#organization\",\"name\":\"Litoral Costa Dorada Blog\",\"url\":\"https:\/\/www.litoral.es\/guia-de-vacaciones\/\",\"logo\":{\"@type\":\"ImageObject\",\"inLanguage\":\"es\",\"@id\":\"https:\/\/www.litoral.es\/guia-de-vacaciones\/#\/schema\/logo\/image\/\",\"url\":\"https:\/\/www.litoral.es\/guia-de-vacaciones\/wp-content\/uploads\/2023\/11\/litoral_blog.png\",\"contentUrl\":\"https:\/\/www.litoral.es\/guia-de-vacaciones\/wp-content\/uploads\/2023\/11\/litoral_blog.png\",\"width\":1254,\"height\":221,\"caption\":\"Litoral Costa Dorada Blog\"},\"image\":{\"@id\":\"https:\/\/www.litoral.es\/guia-de-vacaciones\/#\/schema\/logo\/image\/\"},\"sameAs\":[\"https:\/\/www.facebook.com\/pages\/Litoral-Costa-Dorada\/461561627270721\"]},{\"@type\":\"Person\",\"@id\":\"https:\/\/www.litoral.es\/guia-de-vacaciones\/#\/schema\/person\/af4e22ee6191b3a5088407accedfdfc2\",\"name\":\"egluu\",\"image\":{\"@type\":\"ImageObject\",\"inLanguage\":\"es\",\"@id\":\"https:\/\/www.litoral.es\/guia-de-vacaciones\/#\/schema\/person\/image\/\",\"url\":\"https:\/\/secure.gravatar.com\/avatar\/e1921b0f22a8c90a50954b1bbeea8b75?s=96&d=mm&r=g\",\"contentUrl\":\"https:\/\/secure.gravatar.com\/avatar\/e1921b0f22a8c90a50954b1bbeea8b75?s=96&d=mm&r=g\",\"caption\":\"egluu\"}}]}<\/script>\n<!-- \/ Yoast SEO plugin. -->","yoast_head_json":{"title":"Vacaciones en Cambrils | Litoral Costa Dorada Blog","description":"Vacaciones en Cambrils. Informaci\u00f3n de inter\u00e9s para su viaje o vacaciones a la Costa Dorada","robots":{"index":"index","follow":"follow","max-snippet":"max-snippet:-1","max-image-preview":"max-image-preview:large","max-video-preview":"max-video-preview:-1"},"canonical":"https:\/\/www.litoral.es\/guia-de-vacaciones\/vacaciones-en-cambrils\/","og_locale":"es_ES","og_type":"article","og_title":"Vacaciones en Cambrils | Litoral Costa Dorada Blog","og_description":"Vacaciones en Cambrils. Informaci\u00f3n de inter\u00e9s para su viaje o vacaciones a la Costa Dorada","og_url":"https:\/\/www.litoral.es\/guia-de-vacaciones\/vacaciones-en-cambrils\/","og_site_name":"Litoral Costa Dorada Blog","article_publisher":"https:\/\/www.facebook.com\/pages\/Litoral-Costa-Dorada\/461561627270721","article_published_time":"2020-11-23T12:49:00+00:00","article_modified_time":"2023-11-28T11:11:59+00:00","og_image":[{"width":860,"height":573,"url":"https:\/\/www.litoral.es\/guia-de-vacaciones\/wp-content\/uploads\/2023\/11\/cambrils-puerto.jpg","type":"image\/jpeg"}],"author":"egluu","twitter_misc":{"Written by":"egluu","Est. reading time":"2 minutos"},"schema":{"@context":"https:\/\/schema.org","@graph":[{"@type":"Article","@id":"https:\/\/www.litoral.es\/guia-de-vacaciones\/vacaciones-en-cambrils\/#article","isPartOf":{"@id":"https:\/\/www.litoral.es\/guia-de-vacaciones\/vacaciones-en-cambrils\/"},"author":{"name":"egluu","@id":"https:\/\/www.litoral.es\/guia-de-vacaciones\/#\/schema\/person\/af4e22ee6191b3a5088407accedfdfc2"},"headline":"Vacaciones en Cambrils","datePublished":"2020-11-23T12:49:00+00:00","dateModified":"2023-11-28T11:11:59+00:00","mainEntityOfPage":{"@id":"https:\/\/www.litoral.es\/guia-de-vacaciones\/vacaciones-en-cambrils\/"},"wordCount":386,"publisher":{"@id":"https:\/\/www.litoral.es\/guia-de-vacaciones\/#organization"},"articleSection":["Planes"],"inLanguage":"es"},{"@type":"WebPage","@id":"https:\/\/www.litoral.es\/guia-de-vacaciones\/vacaciones-en-cambrils\/","url":"https:\/\/www.litoral.es\/guia-de-vacaciones\/vacaciones-en-cambrils\/","name":"Vacaciones en Cambrils | Litoral Costa Dorada Blog","isPartOf":{"@id":"https:\/\/www.litoral.es\/guia-de-vacaciones\/#website"},"datePublished":"2020-11-23T12:49:00+00:00","dateModified":"2023-11-28T11:11:59+00:00","description":"Vacaciones en Cambrils. Informaci\u00f3n de inter\u00e9s para su viaje o vacaciones a la Costa Dorada","breadcrumb":{"@id":"https:\/\/www.litoral.es\/guia-de-vacaciones\/vacaciones-en-cambrils\/#breadcrumb"},"inLanguage":"es","potentialAction":[{"@type":"ReadAction","target":["https:\/\/www.litoral.es\/guia-de-vacaciones\/vacaciones-en-cambrils\/"]}]},{"@type":"BreadcrumbList","@id":"https:\/\/www.litoral.es\/guia-de-vacaciones\/vacaciones-en-cambrils\/#breadcrumb","itemListElement":[{"@type":"ListItem","position":1,"name":"Home","item":"https:\/\/www.litoral.es\/guia-de-vacaciones\/"},{"@type":"ListItem","position":2,"name":"Vacaciones en Cambrils"}]},{"@type":"WebSite","@id":"https:\/\/www.litoral.es\/guia-de-vacaciones\/#website","url":"https:\/\/www.litoral.es\/guia-de-vacaciones\/","name":"Litoral Costa Dorada Blog","description":"Alquiler y venta de alojamientos tur\u00edsticos en la Costa Dorada","publisher":{"@id":"https:\/\/www.litoral.es\/guia-de-vacaciones\/#organization"},"potentialAction":[{"@type":"SearchAction","target":{"@type":"EntryPoint","urlTemplate":"https:\/\/www.litoral.es\/guia-de-vacaciones\/?s={search_term_string}"},"query-input":"required name=search_term_string"}],"inLanguage":"es"},{"@type":"Organization","@id":"https:\/\/www.litoral.es\/guia-de-vacaciones\/#organization","name":"Litoral Costa Dorada Blog","url":"https:\/\/www.litoral.es\/guia-de-vacaciones\/","logo":{"@type":"ImageObject","inLanguage":"es","@id":"https:\/\/www.litoral.es\/guia-de-vacaciones\/#\/schema\/logo\/image\/","url":"https:\/\/www.litoral.es\/guia-de-vacaciones\/wp-content\/uploads\/2023\/11\/litoral_blog.png","contentUrl":"https:\/\/www.litoral.es\/guia-de-vacaciones\/wp-content\/uploads\/2023\/11\/litoral_blog.png","width":1254,"height":221,"caption":"Litoral Costa Dorada Blog"},"image":{"@id":"https:\/\/www.litoral.es\/guia-de-vacaciones\/#\/schema\/logo\/image\/"},"sameAs":["https:\/\/www.facebook.com\/pages\/Litoral-Costa-Dorada\/461561627270721"]},{"@type":"Person","@id":"https:\/\/www.litoral.es\/guia-de-vacaciones\/#\/schema\/person\/af4e22ee6191b3a5088407accedfdfc2","name":"egluu","image":{"@type":"ImageObject","inLanguage":"es","@id":"https:\/\/www.litoral.es\/guia-de-vacaciones\/#\/schema\/person\/image\/","url":"https:\/\/secure.gravatar.com\/avatar\/e1921b0f22a8c90a50954b1bbeea8b75?s=96&d=mm&r=g","contentUrl":"https:\/\/secure.gravatar.com\/avatar\/e1921b0f22a8c90a50954b1bbeea8b75?s=96&d=mm&r=g","caption":"egluu"}}]}},"_links":{"self":[{"href":"https:\/\/www.litoral.es\/guia-de-vacaciones\/wp-json\/wp\/v2\/posts\/7439"}],"collection":[{"href":"https:\/\/www.litoral.es\/guia-de-vacaciones\/wp-json\/wp\/v2\/posts"}],"about":[{"href":"https:\/\/www.litoral.es\/guia-de-vacaciones\/wp-json\/wp\/v2\/types\/post"}],"author":[{"embeddable":true,"href":"https:\/\/www.litoral.es\/guia-de-vacaciones\/wp-json\/wp\/v2\/users\/11"}],"replies":[{"embeddable":true,"href":"https:\/\/www.litoral.es\/guia-de-vacaciones\/wp-json\/wp\/v2\/comments?post=7439"}],"version-history":[{"count":1,"href":"https:\/\/www.litoral.es\/guia-de-vacaciones\/wp-json\/wp\/v2\/posts\/7439\/revisions"}],"predecessor-version":[{"id":7441,"href":"https:\/\/www.litoral.es\/guia-de-vacaciones\/wp-json\/wp\/v2\/posts\/7439\/revisions\/7441"}],"wp:featuredmedia":[{"embeddable":true,"href":"https:\/\/www.litoral.es\/guia-de-vacaciones\/wp-json\/wp\/v2\/media\/7440"}],"wp:attachment":[{"href":"https:\/\/www.litoral.es\/guia-de-vacaciones\/wp-json\/wp\/v2\/media?parent=7439"}],"wp:term":[{"taxonomy":"category","embeddable":true,"href":"https:\/\/www.litoral.es\/guia-de-vacaciones\/wp-json\/wp\/v2\/categories?post=7439"},{"taxonomy":"post_tag","embeddable":true,"href":"https:\/\/www.litoral.es\/guia-de-vacaciones\/wp-json\/wp\/v2\/tags?post=7439"}],"curies":[{"name":"wp","href":"https:\/\/api.w.org\/{rel}","templated":true}]}}